{"id":117553,"date":"2017-06-18T18:09:15","date_gmt":"2017-06-18T20:09:15","guid":{"rendered":"http:\/\/aconteceunovale.com.br\/portal\/?p=117553"},"modified":"2017-06-18T18:09:31","modified_gmt":"2017-06-18T20:09:31","slug":"crianca-fica-gravemente-ferida-apos-sofrer-descarga-eletrica-no-municipio-de-minas-novas","status":"publish","type":"post","link":"https:\/\/aconteceunovale.com.br\/portal\/?p=117553","title":{"rendered":"Crian\u00e7a fica gravemente ferida ap\u00f3s sofrer descarga el\u00e9trica no munic\u00edpio de Minas Novas"},"content":{"rendered":"<p>Foi transferida neste domingo (18\/06\/2017) para o Hospital Jo\u00e3o XXIII, em Belo Horizonte, uma crian\u00e7a de sete anos que foi eletrocutada ao escalar um poste de energia el\u00e9trica, no s\u00e1bado, na zona rural de Minas Novas, no Vale do Jequitinhonha. <\/p>\n<p>O acidente ocorreu no fim da manh\u00e3 na Comunidade de Palmeiras, a cerca de 15 quil\u00f4metros da cidade.  Segundo a Pol\u00edcia Militar (PM), a menina estava acompanhada da tia, que tem 14 anos e do irm\u00e3o, de 10. A adolescente estava levando as crian\u00e7as para a casa dos pais deles. Ela contou que, em determinado momento, a menina se afastou e come\u00e7ou a subir em um poste. Ela mandou a crian\u00e7a descer, mas ela n\u00e3o obedeceu. Ao chegar ao topo, ela segurou em um cabo e caiu ao receber uma descarga el\u00e9trica. <\/p>\n<p>A tia da menina ficou junto com a v\u00edtima enquanto o mais novo pediu socorro. Um morador da regi\u00e3o foi at\u00e9 o local e levou a crian\u00e7a para o Hospital Doutor Badar\u00f3 J\u00fanior. De acordo com a PM, a equipe m\u00e9dica informou que ela sofreu queimaduras de 4\u00ba grau, traumatismo craniano encef\u00e1lico e fraturas em diversas partes do corpo. <\/p>\n<p>A assessoria de imprensa da Cemig informou que a companhia el\u00e9trica tomou conhecimento do caso neste domingo. A empresa mandou uma equipe para verificar o local e as condi\u00e7\u00f5es em que o acidente ocorreu, mas ainda n\u00e3o obteve retorno.<\/p>\n<p><img decoding=\"async\" src=\"http:\/\/aconteceunovale.com.br\/portal\/wp-content\/uploads\/2017\/06\/acidente_rede_mn_2.jpg\" alt=\"\" \/><em>V\u00edtima foi transferida para BH em aeronave (Foto: Rodrigo Gomes Pereira\/Facebook)<\/em><br \/>\n<\/br><\/p>\n<p><img decoding=\"async\" src=\"http:\/\/aconteceunovale.com.br\/portal\/wp-content\/uploads\/2017\/06\/acidente_rede_mn_1.jpg\" alt=\"\" \/><em>Crian\u00e7a chegou de helic\u00f3ptero ao Hospital Jo\u00e3o XXIII (foto: CBMMG\/Divulga\u00e7\u00e3o)<\/em><br \/>\n<\/br><\/p>\n<p><strong>VER PRIMEIRO<\/strong><\/p>\n<p>Receba as not\u00edcias do Aconteceu no Vale em primeira m\u00e3o. Clique em curtir no endere\u00e7o <a href=\"https:\/\/www.facebook.com\/aconteceunovale\" target=\"_blank\"><font color=\"red\">www.facebook.com\/aconteceunovale<\/font><\/a> ou no box abaixo:<\/p>\n<div class=\"fb-like\" data-href=\"https:\/\/www.facebook.com\/aconteceunovale\" data-width=\"120\" data-layout=\"standard\" data-action=\"like\" data-size=\"small\" data-show-faces=\"true\" data-share=\"true\"><\/div>\n<p><\/br><\/p>\n<p><em>(Fonte: Estado de Minas \/ Rep\u00f3rter: Cristiane Silva)<\/em><\/p>\n","protected":false},"excerpt":{"rendered":"<p>Foi transferida neste domingo (18\/06\/2017) para o Hospital Jo\u00e3o XXIII, em Belo Horizonte, uma crian\u00e7a de sete anos que foi eletrocutada ao escalar um poste de energia el\u00e9trica, no s\u00e1bado, na zona rural de Minas Novas, no Vale do Jequitinhonha. O acidente ocorreu no fim da manh\u00e3 na Comunidade de Palmeiras, a cerca de 15 [&hellip;]<\/p>\n","protected":false},"author":1,"featured_media":117557,"comment_status":"open","ping_status":"closed","sticky":false,"template":"","format":"standard","meta":{"amp_status":"","footnotes":""},"categories":[120],"tags":[153408,194,1017,153413,153407,1018,153409,137,153410,153411,153412],"class_list":["post-117553","post","type-post","status-publish","format-standard","has-post-thumbnail","hentry","category-jequi","tag-acidente-com-rede-eletrica-minas-novas","tag-belo-horizonte","tag-bh","tag-crianca-fica-gravemente-ferida-apos-sofrer-descarga-eletrica-no-municipio-de-minas-novas","tag-crianca-fica-gravemente-ferida-apos-sofrer-descarga-em-poste-de-rede-eletrica-em-minas-novas","tag-destaque","tag-helicoptero-em-minas-novas","tag-minas-novas","tag-pouso-de-helicoptero-em-minas-novas","tag-presenca-de-helicoptero-em-minas-novas","tag-transferido-de-helicoptero-em-minas-novas"],"_links":{"self":[{"href":"https:\/\/aconteceunovale.com.br\/portal\/index.php?rest_route=\/wp\/v2\/posts\/117553","targetHints":{"allow":["GET"]}}],"collection":[{"href":"https:\/\/aconteceunovale.com.br\/portal\/index.php?rest_route=\/wp\/v2\/posts"}],"about":[{"href":"https:\/\/aconteceunovale.com.br\/portal\/index.php?rest_route=\/wp\/v2\/types\/post"}],"author":[{"embeddable":true,"href":"https:\/\/aconteceunovale.com.br\/portal\/index.php?rest_route=\/wp\/v2\/users\/1"}],"replies":[{"embeddable":true,"href":"https:\/\/aconteceunovale.com.br\/portal\/index.php?rest_route=%2Fwp%2Fv2%2Fcomments&post=117553"}],"version-history":[{"count":0,"href":"https:\/\/aconteceunovale.com.br\/portal\/index.php?rest_route=\/wp\/v2\/posts\/117553\/revisions"}],"wp:featuredmedia":[{"embeddable":true,"href":"https:\/\/aconteceunovale.com.br\/portal\/index.php?rest_route=\/wp\/v2\/media\/117557"}],"wp:attachment":[{"href":"https:\/\/aconteceunovale.com.br\/portal\/index.php?rest_route=%2Fwp%2Fv2%2Fmedia&parent=117553"}],"wp:term":[{"taxonomy":"category","embeddable":true,"href":"https:\/\/aconteceunovale.com.br\/portal\/index.php?rest_route=%2Fwp%2Fv2%2Fcategories&post=117553"},{"taxonomy":"post_tag","embeddable":true,"href":"https:\/\/aconteceunovale.com.br\/portal\/index.php?rest_route=%2Fwp%2Fv2%2Ftags&post=117553"}],"curies":[{"name":"wp","href":"https:\/\/api.w.org\/{rel}","templated":true}]}}