{"id":117503,"date":"2017-06-17T23:08:22","date_gmt":"2017-06-18T01:08:22","guid":{"rendered":"http:\/\/aconteceunovale.com.br\/portal\/?p=117503"},"modified":"2017-06-17T23:08:22","modified_gmt":"2017-06-18T01:08:22","slug":"deposito-de-materiais-reciclaveis-e-atingido-por-incendio-em-montes-claros","status":"publish","type":"post","link":"https:\/\/aconteceunovale.com.br\/portal\/?p=117503","title":{"rendered":"Dep\u00f3sito de materiais recicl\u00e1veis \u00e9 atingido por inc\u00eandio em Montes Claros"},"content":{"rendered":"<p>Um inc\u00eandio de grandes propor\u00e7\u00f5es atingiu um dep\u00f3sito de materiais recicl\u00e1veis na tarde deste s\u00e1bado (17\/06\/2017) no Bairro S\u00e3o Jos\u00e9, em Montes Claros, na regi\u00e3o Norte de Minas Gerais. As chamas se alastraram rapidamente e, segundo o Corpo de Bombeiros, o fogo j\u00e1 tinha destru\u00eddo parte do teto at\u00e9 a publica\u00e7\u00e3o desta mat\u00e9ria.<\/p>\n<p>Ainda de acordo com os bombeiros, o fogo se alastrou porque os hidrantes pr\u00f3ximos ao pr\u00e9dio estavam sem \u00e1gua. No local estavam depositados v\u00e1rios tipos de materiais usados, como paletes. Os moradores pr\u00f3ximos se preocuparam com a for\u00e7a das chamas.<\/p>\n<p>Cerca de 20 mil litros de \u00e1gua foram utilizados para conter o fogo. Ainda segundo os bombeiros, a primeira parte do isolamento e controle foi feita, e n\u00e3o se pode fazer muito mais para apagar o fogo da parte estrutural. As causas do inc\u00eandio ser\u00e3o apuradas.<\/p>\n<p><img decoding=\"async\" src=\"http:\/\/aconteceunovale.com.br\/portal\/wp-content\/uploads\/2017\/06\/incendio_moc_galpao_1.jpg\" alt=\"\" \/><em>Chamas ganharam altura e assustaram moradores (Foto: Corpo de Bombeiros\/Divulga\u00e7\u00e3o)<\/em><br \/>\n<\/br><\/p>\n<p><img decoding=\"async\" src=\"http:\/\/aconteceunovale.com.br\/portal\/wp-content\/uploads\/2017\/06\/incendio_moc_galpao_2.jpg\" alt=\"\" \/><em>Corpo de Bombeiros durante combate ao inc\u00eandio (Foto: Corpo de Bombeiros\/Divulga\u00e7\u00e3o)<\/em><br \/>\n<\/br><\/p>\n<p><strong>VER PRIMEIRO<\/strong><\/p>\n<p>Receba as not\u00edcias do Aconteceu no Vale em primeira m\u00e3o. Clique em curtir no endere\u00e7o <a href=\"https:\/\/www.facebook.com\/aconteceunovale\" target=\"_blank\"><font color=\"red\">www.facebook.com\/aconteceunovale<\/font><\/a> ou no box abaixo:<\/p>\n<div class=\"fb-like\" data-href=\"https:\/\/www.facebook.com\/aconteceunovale\" data-width=\"120\" data-layout=\"standard\" data-action=\"like\" data-size=\"small\" data-show-faces=\"true\" data-share=\"true\"><\/div>\n<p><\/br><\/p>\n<p><em>(Fonte: G1 Grande Minas)<\/em><\/p>\n","protected":false},"excerpt":{"rendered":"<p>Um inc\u00eandio de grandes propor\u00e7\u00f5es atingiu um dep\u00f3sito de materiais recicl\u00e1veis na tarde deste s\u00e1bado (17\/06\/2017) no Bairro S\u00e3o Jos\u00e9, em Montes Claros, na regi\u00e3o Norte de Minas Gerais. As chamas se alastraram rapidamente e, segundo o Corpo de Bombeiros, o fogo j\u00e1 tinha destru\u00eddo parte do teto at\u00e9 a publica\u00e7\u00e3o desta mat\u00e9ria. Ainda de [&hellip;]<\/p>\n","protected":false},"author":1,"featured_media":117504,"comment_status":"open","ping_status":"closed","sticky":false,"template":"","format":"standard","meta":{"amp_status":"","footnotes":""},"categories":[1236],"tags":[153319,153318,153317,60747,210],"class_list":["post-117503","post","type-post","status-publish","format-standard","has-post-thumbnail","hentry","category-norte_de_minas","tag-deposito-de-materiais-reciclaveis-e-atingido-por-incendio-em-montes-claros","tag-incendio-em-deposito-de-reciclaveis-em-montes-claros","tag-incendio-em-galpao-de-reciclaveis-em-montes-claros","tag-incendio-em-montes-claros","tag-montes-claros"],"_links":{"self":[{"href":"https:\/\/aconteceunovale.com.br\/portal\/index.php?rest_route=\/wp\/v2\/posts\/117503","targetHints":{"allow":["GET"]}}],"collection":[{"href":"https:\/\/aconteceunovale.com.br\/portal\/index.php?rest_route=\/wp\/v2\/posts"}],"about":[{"href":"https:\/\/aconteceunovale.com.br\/portal\/index.php?rest_route=\/wp\/v2\/types\/post"}],"author":[{"embeddable":true,"href":"https:\/\/aconteceunovale.com.br\/portal\/index.php?rest_route=\/wp\/v2\/users\/1"}],"replies":[{"embeddable":true,"href":"https:\/\/aconteceunovale.com.br\/portal\/index.php?rest_route=%2Fwp%2Fv2%2Fcomments&post=117503"}],"version-history":[{"count":0,"href":"https:\/\/aconteceunovale.com.br\/portal\/index.php?rest_route=\/wp\/v2\/posts\/117503\/revisions"}],"wp:featuredmedia":[{"embeddable":true,"href":"https:\/\/aconteceunovale.com.br\/portal\/index.php?rest_route=\/wp\/v2\/media\/117504"}],"wp:attachment":[{"href":"https:\/\/aconteceunovale.com.br\/portal\/index.php?rest_route=%2Fwp%2Fv2%2Fmedia&parent=117503"}],"wp:term":[{"taxonomy":"category","embeddable":true,"href":"https:\/\/aconteceunovale.com.br\/portal\/index.php?rest_route=%2Fwp%2Fv2%2Fcategories&post=117503"},{"taxonomy":"post_tag","embeddable":true,"href":"https:\/\/aconteceunovale.com.br\/portal\/index.php?rest_route=%2Fwp%2Fv2%2Ftags&post=117503"}],"curies":[{"name":"wp","href":"https:\/\/api.w.org\/{rel}","templated":true}]}}