{"id":117499,"date":"2017-06-17T22:30:41","date_gmt":"2017-06-18T00:30:41","guid":{"rendered":"http:\/\/aconteceunovale.com.br\/portal\/?p=117499"},"modified":"2017-06-17T22:30:41","modified_gmt":"2017-06-18T00:30:41","slug":"ministerio-do-turismo-inclui-festa-junina-de-machacalis-no-calendario-nacional-de-eventos","status":"publish","type":"post","link":"https:\/\/aconteceunovale.com.br\/portal\/?p=117499","title":{"rendered":"Minist\u00e9rio do Turismo inclui Festa Junina de Machacalis no Calend\u00e1rio Nacional de Eventos"},"content":{"rendered":"<p>A temporada oficial das fogueiras, bandeirolas e chap\u00e9u de palha j\u00e1 est\u00e1 em pleno vapor na cidade de Machacalis, no Vale do Mucuri, que teve a sua tradicional festa junina inclu\u00edda no calend\u00e1rio de eventos do Minist\u00e9rio do Turismo.<\/p>\n<p>Este ano, o Minist\u00e9rio do Turismo identificou, em seu Calend\u00e1rio Nacional de Eventos, 96 festejos em 87 cidades de 21 estados brasileiros em todas as regi\u00f5es do pa\u00eds. Machacalis, de 6,7 mil habitantes, est\u00e1 recebendo turistas de todo o Vale do Mucuri e da capital, um fluxo de mais de 10 mil pessoas nos festejos, n\u00famero considerado alto para o porte do munic\u00edpio.<\/p>\n<p>A cidade resgate tradi\u00e7\u00f5es como dan\u00e7a das fitas, pau-de-sebo, casamento da ro\u00e7a, al\u00e9m das tradicionais comidas t\u00edpicas e muito forr\u00f3. S\u00e3o v\u00e1rias atra\u00e7\u00f5es musicais, como a banda Mix do Forr\u00f3 e Wandinho do Forr\u00f3, que sobem ao palco neste domingo.<\/p>\n<p>A psic\u00f3loga Am\u00e9lia Serafim, que \u00e9 natural da cidade, viajou de Belo Horizonte especialmente para a ocasi\u00e3o. \u201cAs pessoas esperam o ano inteiro por esta festa junina e eu n\u00e3o posso perder de jeito nenhum\u201d, disse a psic\u00f3loga, que deu nota 10 para a organiza\u00e7\u00e3o, decora\u00e7\u00e3o, seguran\u00e7a, comidas t\u00edpicas e receptividade que viraram marcas registradas do evento. A festa come\u00e7ou dia 15 e vai at\u00e9 24, com encerramento da banda Collo Quente e Xote da V\u00e9ia.<\/p>\n<p>O secret\u00e1rio municipal de Cultura, Lazer e Turismo de Machacalis, Alexandre Amador, cadastrou a festa junina no Minist\u00e9rio do Turismo pela import\u00e2ncia tur\u00edstica que ela representa para a cidade e regi\u00e3o. \u201cO evento, al\u00e9m de fazer parte da cultura, gera emprego atrav\u00e9s do fluxo de turistas, aquecendo a economia local, nos postos de combust\u00edvel, com\u00e9rcio, hotelaria e presta\u00e7\u00e3o de servi\u00e7os\u201d, conta o secret\u00e1rio. \u201cPor fazer parte do Mapa do Turismo, teremos investimentos na infraestrutura da festa\u201d, completa.<\/p>\n<p>Todos os eventos do Minist\u00e9rio do Turismo foram cadastrados no site da Pasta por gestores, organizadores e produtores. A inten\u00e7\u00e3o \u00e9 transformar os festejos juninos em produto tur\u00edstico de destaque, capaz de atrair visitantes estrangeiros e estimular cada vez mais o turismo dom\u00e9stico.<\/p>\n<p>A divulga\u00e7\u00e3o dos festejos, bem como a realiza\u00e7\u00e3o de a\u00e7\u00f5es de promo\u00e7\u00e3o e apoio \u00e0 comercializa\u00e7\u00e3o, fazem parte da estrat\u00e9gia conjunta do Minist\u00e9rio do Turismo e Embratur para posicionar e promover os destinos tur\u00edsticos que celebram os festejos juninos.<\/p>\n<p>\u201cQueremos que o S\u00e3o Jo\u00e3o tenha seu valor tur\u00edstico reconhecido tanto no Brasil como no mundo. Trata-se de uma manifesta\u00e7\u00e3o cultural extremamente rica que tem enorme potencial para se transformar em um produto tur\u00edstico assim como o Carnaval. Para que isso aconte\u00e7a, o Minist\u00e9rio do Turismo tem investido fortemente em um conjunto de a\u00e7\u00f5es\u201d, informa o ministro do Turismo, Marx Beltr\u00e3o.<\/p>\n<p><img decoding=\"async\" src=\"http:\/\/aconteceunovale.com.br\/portal\/wp-content\/uploads\/2017\/06\/festa_machacalis_junina.jpg\" alt=\"\" \/><em>Festa atrai milhares de pessoas (Foto: Paulo Henrique Raja\/Divulga\u00e7\u00e3o)<\/em><br \/>\n<\/br><\/p>\n<p><strong>VER PRIMEIRO<\/strong><\/p>\n<p>Receba as not\u00edcias do Aconteceu no Vale em primeira m\u00e3o. Clique em curtir no endere\u00e7o <a href=\"https:\/\/www.facebook.com\/aconteceunovale\" target=\"_blank\"><font color=\"red\">www.facebook.com\/aconteceunovale<\/font><\/a> ou no box abaixo:<\/p>\n<div class=\"fb-like\" data-href=\"https:\/\/www.facebook.com\/aconteceunovale\" data-width=\"120\" data-layout=\"standard\" data-action=\"like\" data-size=\"small\" data-show-faces=\"true\" data-share=\"true\"><\/div>\n<p><\/br><\/p>\n<p><em>(Fonte: Hoje em Dia)<\/em><\/p>\n","protected":false},"excerpt":{"rendered":"<p>A temporada oficial das fogueiras, bandeirolas e chap\u00e9u de palha j\u00e1 est\u00e1 em pleno vapor na cidade de Machacalis, no Vale do Mucuri, que teve a sua tradicional festa junina inclu\u00edda no calend\u00e1rio de eventos do Minist\u00e9rio do Turismo. Este ano, o Minist\u00e9rio do Turismo identificou, em seu Calend\u00e1rio Nacional de Eventos, 96 festejos em [&hellip;]<\/p>\n","protected":false},"author":1,"featured_media":117500,"comment_status":"open","ping_status":"closed","sticky":false,"template":"","format":"standard","meta":{"amp_status":"","footnotes":""},"categories":[125],"tags":[153313,153310,194,153309,153311,153307,153306,2236,153316,153308,153314,153315,153312],"class_list":["post-117499","post","type-post","status-publish","format-standard","has-post-thumbnail","hentry","category-noticias","tag-alexandre-amador","tag-amelia-serafim","tag-belo-horizonte","tag-calendario-nacional-de-eventos-do-ministerio-do-turismo","tag-collo-quente","tag-festa-de-machacalis","tag-festa-junina-de-machacalis","tag-machacalis","tag-ministerio-do-turismo-inclui-festa-junina-de-machacalis-no-calendario-nacional-de-eventos","tag-ministerio-do-turismo-reconhece-festa-junina-de-machacalis","tag-mix-do-forro","tag-wandinho-do-forro","tag-xote-da-veia"],"_links":{"self":[{"href":"https:\/\/aconteceunovale.com.br\/portal\/index.php?rest_route=\/wp\/v2\/posts\/117499","targetHints":{"allow":["GET"]}}],"collection":[{"href":"https:\/\/aconteceunovale.com.br\/portal\/index.php?rest_route=\/wp\/v2\/posts"}],"about":[{"href":"https:\/\/aconteceunovale.com.br\/portal\/index.php?rest_route=\/wp\/v2\/types\/post"}],"author":[{"embeddable":true,"href":"https:\/\/aconteceunovale.com.br\/portal\/index.php?rest_route=\/wp\/v2\/users\/1"}],"replies":[{"embeddable":true,"href":"https:\/\/aconteceunovale.com.br\/portal\/index.php?rest_route=%2Fwp%2Fv2%2Fcomments&post=117499"}],"version-history":[{"count":0,"href":"https:\/\/aconteceunovale.com.br\/portal\/index.php?rest_route=\/wp\/v2\/posts\/117499\/revisions"}],"wp:featuredmedia":[{"embeddable":true,"href":"https:\/\/aconteceunovale.com.br\/portal\/index.php?rest_route=\/wp\/v2\/media\/117500"}],"wp:attachment":[{"href":"https:\/\/aconteceunovale.com.br\/portal\/index.php?rest_route=%2Fwp%2Fv2%2Fmedia&parent=117499"}],"wp:term":[{"taxonomy":"category","embeddable":true,"href":"https:\/\/aconteceunovale.com.br\/portal\/index.php?rest_route=%2Fwp%2Fv2%2Fcategories&post=117499"},{"taxonomy":"post_tag","embeddable":true,"href":"https:\/\/aconteceunovale.com.br\/portal\/index.php?rest_route=%2Fwp%2Fv2%2Ftags&post=117499"}],"curies":[{"name":"wp","href":"https:\/\/api.w.org\/{rel}","templated":true}]}}