{"id":117493,"date":"2017-06-17T20:04:58","date_gmt":"2017-06-17T22:04:58","guid":{"rendered":"http:\/\/aconteceunovale.com.br\/portal\/?p=117493"},"modified":"2017-06-17T20:04:58","modified_gmt":"2017-06-17T22:04:58","slug":"seguranca-de-eventos-e-baleado-em-aracuai","status":"publish","type":"post","link":"https:\/\/aconteceunovale.com.br\/portal\/?p=117493","title":{"rendered":"Seguran\u00e7a de eventos \u00e9 baleado em Ara\u00e7ua\u00ed"},"content":{"rendered":"<p>Um homem de 40 anos foi baleado na noite dessa sexta-feira (16\/06\/2017) na Rua Od\u00edlia Moreira, no bairro Pipoca, em Ara\u00e7ua\u00ed (MG). V.P.C foi atingido nos bra\u00e7os e nas costas. Socorrido por moradores do bairro, ele foi levado para o hospital S\u00e3o Vicente de Paulo. Segundo a Pol\u00edcia Militar (PM), os tiros foram de rasp\u00e3o e o homem n\u00e3o corre risco de morte. <\/p>\n<p>A PM foi acionada por volta das 19h30. As primeiras informa\u00e7\u00f5es d\u00e3o conta que dois homens montados em uma motocicleta, de cor preta, se aproximaram da v\u00edtima e um deles efetuou os disparos. V.P.C trabalha como seguran\u00e7a de eventos e segundo os militares que registraram a ocorr\u00eancia, ele  est\u00e1 consciente e afirmou desconhecer a autoria e motiva\u00e7\u00e3o do crime.<\/p>\n<p>A Pol\u00edcia Militar faz rastreamentos na tentativa de prender os suspeitos. O crime ser\u00e1 investigado pela Pol\u00edcia Civil.<\/p>\n<h4>Morre homem baleado no Centro de Ara\u00e7ua\u00ed<\/h4>\n<p>Foi sepultado na quinta-feira (15), no cemit\u00e9rio Parque, em Ara\u00e7ua\u00ed, o corpo de Sebasti\u00e3o dos Santos, conhecido por Ti\u00e3ozinho, de 34 anos. Ele faleceu na noite de quarta ap\u00f3s ficar nove dias internado no hospital da cidade.<\/p>\n<p>No inicio da madrugada do dia 6 de junho, Ti\u00e3ozinho foi baleado em um beco, conhecido por Travessa Mica, no centro de Ara\u00e7ua\u00ed. Os moradores pr\u00f3ximos ao local do crime contam que ouviram v\u00e1rios disparos e em seguida, o homem gritando: \u201cMe acode m\u00e3e\u201d.<\/p>\n<p>No local, os policiais recolheram 6 capsulas de cartucho .380 e uma faca que estava na cintura da v\u00edtima, que apontou como respons\u00e1veis pelos disparos, indiv\u00edduos da cidade de Te\u00f3filo Otoni, n\u00e3o sabendo dar mais detalhes do ocorrido e sua motiva\u00e7\u00e3o.<\/p>\n<p>Testemunhas afirmaram que logo ap\u00f3s os disparos, ouviram barulho de uma motocicleta deixando o local em alta velocidade. Elas acreditam que o crime esteja ligado ao tr\u00e1fico de drogas. A v\u00edtima era usu\u00e1ria de crack e j\u00e1 havia cumprido pena por furtos e roubos.<\/p>\n<p>Sebasti\u00e3o dos Santos era natural de Mucuri, distrito de Te\u00f3filo Otoni, e se mudou h\u00e1 algum tempo para Ara\u00e7ua\u00ed, juntamente com o pai, que trabalhava em uma selaria.<\/p>\n<p>Ap\u00f3s a morte do pai, ele foi morar em um beco pr\u00f3ximo ao local do crime. De acordo com a Pol\u00edcia Militar, a regi\u00e3o \u00e9 conhecida por ser ponto de tr\u00e1fico de drogas. Os moradores evitaram comentar o crime, alegando que  conheciam  pouco a v\u00edtima. &#8220;Ele era uma esp\u00e9cie de andarilho. A gente sabia muito pouco da vida dele&#8221;, disseram.<\/p>\n<p>At\u00e9 o momento a autoria e a motiva\u00e7\u00e3o do crime s\u00e3o desconhecidas. O caso est\u00e1 sob investiga\u00e7\u00e3o da Pol\u00edcia Civil de Ara\u00e7ua\u00ed.<\/p>\n<p><img decoding=\"async\" src=\"http:\/\/aconteceunovale.com.br\/portal\/wp-content\/uploads\/2017\/06\/homicidio_aracuai_1.jpg\" alt=\"\" \/><em>O crime ocorreu na Travessa Mica, no Centro de Ara\u00e7ua\u00ed (Foto: Gazeta de Ara\u00e7ua\u00ed)<\/em><br \/>\n<\/br><\/p>\n<p><strong>VER PRIMEIRO<\/strong><\/p>\n<p>Receba as not\u00edcias do Aconteceu no Vale em primeira m\u00e3o. Clique em curtir no endere\u00e7o <a href=\"https:\/\/www.facebook.com\/aconteceunovale\" target=\"_blank\"><font color=\"red\">www.facebook.com\/aconteceunovale<\/font><\/a> ou no box abaixo:<\/p>\n<div class=\"fb-like\" data-href=\"https:\/\/www.facebook.com\/aconteceunovale\" data-width=\"120\" data-layout=\"standard\" data-action=\"like\" data-size=\"small\" data-show-faces=\"true\" data-share=\"true\"><\/div>\n<p><\/br><\/p>\n<p><em>(Fonte: Gazeta de Ara\u00e7ua\u00ed)<\/em><\/p>\n","protected":false},"excerpt":{"rendered":"<p>Um homem de 40 anos foi baleado na noite dessa sexta-feira (16\/06\/2017) na Rua Od\u00edlia Moreira, no bairro Pipoca, em Ara\u00e7ua\u00ed (MG). V.P.C foi atingido nos bra\u00e7os e nas costas. Socorrido por moradores do bairro, ele foi levado para o hospital S\u00e3o Vicente de Paulo. Segundo a Pol\u00edcia Militar (PM), os tiros foram de rasp\u00e3o [&hellip;]<\/p>\n","protected":false},"author":1,"featured_media":117495,"comment_status":"open","ping_status":"closed","sticky":false,"template":"","format":"standard","meta":{"amp_status":"","footnotes":""},"categories":[120],"tags":[186,20885,153300,48312,39476,20884,43602,43604,153302,153299,153301,164,43159],"class_list":["post-117493","post","type-post","status-publish","format-standard","has-post-thumbnail","hentry","category-jequi","tag-aracuai","tag-assassinato-em-aracuai","tag-atingido-por-tiros-em-aracuai","tag-baleado-em-aracuai","tag-homem-baleado-em-aracuai","tag-homicidio-em-aracuai","tag-morte-em-aracuai","tag-morto-em-aracuai","tag-sebastiao-dos-santos","tag-seguranca-baleado-em-aracuai","tag-seguranca-de-eventos-e-baleado-em-aracuai","tag-teofilo-otoni","tag-violencia-em-aracuai"],"_links":{"self":[{"href":"https:\/\/aconteceunovale.com.br\/portal\/index.php?rest_route=\/wp\/v2\/posts\/117493","targetHints":{"allow":["GET"]}}],"collection":[{"href":"https:\/\/aconteceunovale.com.br\/portal\/index.php?rest_route=\/wp\/v2\/posts"}],"about":[{"href":"https:\/\/aconteceunovale.com.br\/portal\/index.php?rest_route=\/wp\/v2\/types\/post"}],"author":[{"embeddable":true,"href":"https:\/\/aconteceunovale.com.br\/portal\/index.php?rest_route=\/wp\/v2\/users\/1"}],"replies":[{"embeddable":true,"href":"https:\/\/aconteceunovale.com.br\/portal\/index.php?rest_route=%2Fwp%2Fv2%2Fcomments&post=117493"}],"version-history":[{"count":0,"href":"https:\/\/aconteceunovale.com.br\/portal\/index.php?rest_route=\/wp\/v2\/posts\/117493\/revisions"}],"wp:featuredmedia":[{"embeddable":true,"href":"https:\/\/aconteceunovale.com.br\/portal\/index.php?rest_route=\/wp\/v2\/media\/117495"}],"wp:attachment":[{"href":"https:\/\/aconteceunovale.com.br\/portal\/index.php?rest_route=%2Fwp%2Fv2%2Fmedia&parent=117493"}],"wp:term":[{"taxonomy":"category","embeddable":true,"href":"https:\/\/aconteceunovale.com.br\/portal\/index.php?rest_route=%2Fwp%2Fv2%2Fcategories&post=117493"},{"taxonomy":"post_tag","embeddable":true,"href":"https:\/\/aconteceunovale.com.br\/portal\/index.php?rest_route=%2Fwp%2Fv2%2Ftags&post=117493"}],"curies":[{"name":"wp","href":"https:\/\/api.w.org\/{rel}","templated":true}]}}