{"id":117447,"date":"2017-06-16T17:09:47","date_gmt":"2017-06-16T19:09:47","guid":{"rendered":"http:\/\/aconteceunovale.com.br\/portal\/?p=117447"},"modified":"2017-06-16T17:09:47","modified_gmt":"2017-06-16T19:09:47","slug":"populacao-brasileira-ja-pagou-mais-de-r-1-trilhao-em-impostos-em-2017","status":"publish","type":"post","link":"https:\/\/aconteceunovale.com.br\/portal\/?p=117447","title":{"rendered":"Popula\u00e7\u00e3o brasileira j\u00e1 pagou mais de R$ 1 trilh\u00e3o em impostos em 2017"},"content":{"rendered":"<p>A marca de R$ 1 trilh\u00e3o no painel do Impost\u00f4metro da Associa\u00e7\u00e3o Comercial de S\u00e3o Paulo (ACSP) foi registrada \u00e0s 8h desta sexta-feira (16). O valor equivale ao total de impostos, taxas e contribui\u00e7\u00f5es pagos pela popula\u00e7\u00e3o brasileira desde o dia 1\u00ba de janeiro de 2017.<\/p>\n<p>Em 2016, o montante de R$ 1 trilh\u00e3o foi alcan\u00e7ado em 5 de julho. O presidente da entidade, Alencar Burti, explica que a arrecada\u00e7\u00e3o aumenta quando h\u00e1 crescimento econ\u00f4mico e eleva\u00e7\u00e3o de impostos. \u201cJ\u00e1 que nossa economia n\u00e3o est\u00e1 crescendo, essa diferen\u00e7a de 19 dias reflete aumentos e corre\u00e7\u00f5es feitos em impostos e isen\u00e7\u00f5es, al\u00e9m da obten\u00e7\u00e3o de receitas extraordin\u00e1rias como o Refis [parcelamento de d\u00e9bitos tribut\u00e1rios]. Reflete tamb\u00e9m a infla\u00e7\u00e3o, que, apesar de ter ca\u00eddo, segue em patamar alto\u201d, analisa. Para Burti, \u201cno segundo semestre, espera-se eleva\u00e7\u00e3o da arrecada\u00e7\u00e3o em fun\u00e7\u00e3o da melhora da atividade econ\u00f4mica\u201d.<\/p>\n<p><strong>Arrecada\u00e7\u00e3o federal<\/strong><\/p>\n<p>O presidente da ACSP esclarece que, embora a arrecada\u00e7\u00e3o federal tenha ca\u00eddo em termos reais, \u00e9 o n\u00famero nominal (sem descontar a infla\u00e7\u00e3o), o mesmo medido pelo Impost\u00f4metro, que deve ser analisado. \u201cNosso painel n\u00e3o mede apenas tributos federais. Tamb\u00e9m entram na conta os estaduais e municipais. O que temos que observar s\u00e3o os valores nominais, porque os gastos s\u00e3o todos nominais\u201d.<\/p>\n<p><img decoding=\"async\" src=\"http:\/\/aconteceunovale.com.br\/portal\/wp-content\/uploads\/2017\/06\/impostometro_br.jpg\" alt=\"\" \/><br \/>\n<\/br><\/p>\n<p><strong>VER PRIMEIRO<\/strong><\/p>\n<p>Receba as not\u00edcias do Aconteceu no Vale em primeira m\u00e3o. Clique em curtir no endere\u00e7o <a href=\"https:\/\/www.facebook.com\/aconteceunovale\" target=\"_blank\"><font color=\"red\">www.facebook.com\/aconteceunovale<\/font><\/a> ou no box abaixo:<\/p>\n<div class=\"fb-like\" data-href=\"https:\/\/www.facebook.com\/aconteceunovale\" data-width=\"120\" data-layout=\"standard\" data-action=\"like\" data-size=\"small\" data-show-faces=\"true\" data-share=\"true\"><\/div>\n<p><\/br><\/p>\n<p><em>(Fonte: Ag\u00eancia Brasil)<\/em><\/p>\n","protected":false},"excerpt":{"rendered":"<p>A marca de R$ 1 trilh\u00e3o no painel do Impost\u00f4metro da Associa\u00e7\u00e3o Comercial de S\u00e3o Paulo (ACSP) foi registrada \u00e0s 8h desta sexta-feira (16). O valor equivale ao total de impostos, taxas e contribui\u00e7\u00f5es pagos pela popula\u00e7\u00e3o brasileira desde o dia 1\u00ba de janeiro de 2017. Em 2016, o montante de R$ 1 trilh\u00e3o foi [&hellip;]<\/p>\n","protected":false},"author":1,"featured_media":117448,"comment_status":"open","ping_status":"closed","sticky":false,"template":"","format":"standard","meta":{"amp_status":"","footnotes":""},"categories":[6],"tags":[153228,98632,13712,153231,153230,28555,25104,153229,2382],"class_list":["post-117447","post","type-post","status-publish","format-standard","has-post-thumbnail","hentry","category-br","tag-associacao-comercial","tag-associacao-comercial-de-sao-paulo","tag-impostometro","tag-impostometro-da-acsp","tag-impostometro-da-associacao-comercial-de-sao-paulo","tag-impostos","tag-populacao","tag-populacao-brasileira-ja-pagou-mais-de-r-1-trilhao-em-impostos-em-2017","tag-sao-paulo"],"_links":{"self":[{"href":"https:\/\/aconteceunovale.com.br\/portal\/index.php?rest_route=\/wp\/v2\/posts\/117447","targetHints":{"allow":["GET"]}}],"collection":[{"href":"https:\/\/aconteceunovale.com.br\/portal\/index.php?rest_route=\/wp\/v2\/posts"}],"about":[{"href":"https:\/\/aconteceunovale.com.br\/portal\/index.php?rest_route=\/wp\/v2\/types\/post"}],"author":[{"embeddable":true,"href":"https:\/\/aconteceunovale.com.br\/portal\/index.php?rest_route=\/wp\/v2\/users\/1"}],"replies":[{"embeddable":true,"href":"https:\/\/aconteceunovale.com.br\/portal\/index.php?rest_route=%2Fwp%2Fv2%2Fcomments&post=117447"}],"version-history":[{"count":0,"href":"https:\/\/aconteceunovale.com.br\/portal\/index.php?rest_route=\/wp\/v2\/posts\/117447\/revisions"}],"wp:featuredmedia":[{"embeddable":true,"href":"https:\/\/aconteceunovale.com.br\/portal\/index.php?rest_route=\/wp\/v2\/media\/117448"}],"wp:attachment":[{"href":"https:\/\/aconteceunovale.com.br\/portal\/index.php?rest_route=%2Fwp%2Fv2%2Fmedia&parent=117447"}],"wp:term":[{"taxonomy":"category","embeddable":true,"href":"https:\/\/aconteceunovale.com.br\/portal\/index.php?rest_route=%2Fwp%2Fv2%2Fcategories&post=117447"},{"taxonomy":"post_tag","embeddable":true,"href":"https:\/\/aconteceunovale.com.br\/portal\/index.php?rest_route=%2Fwp%2Fv2%2Ftags&post=117447"}],"curies":[{"name":"wp","href":"https:\/\/api.w.org\/{rel}","templated":true}]}}