{"id":117445,"date":"2017-06-16T16:57:59","date_gmt":"2017-06-16T18:57:59","guid":{"rendered":"http:\/\/aconteceunovale.com.br\/portal\/?p=117445"},"modified":"2017-06-16T16:57:59","modified_gmt":"2017-06-16T18:57:59","slug":"liminar-determina-que-a-copasa-restabeleca-o-fornecimento-de-agua-em-nanuque-e-em-serra-dos-aimores-diz-mpmg","status":"publish","type":"post","link":"https:\/\/aconteceunovale.com.br\/portal\/?p=117445","title":{"rendered":"Liminar determina que a Copasa restabele\u00e7a o fornecimento de \u00e1gua em Nanuque e em Serra dos Aimor\u00e9s, diz MPMG"},"content":{"rendered":"<p>O Minist\u00e9rio P\u00fablico de Minas Gerais (MPMG), por meio da Promotoria de Defesa do Consumidor da Comarca de Nanuque, obteve liminar em A\u00e7\u00e3o Civil P\u00fablica determinando que a Companhia Mineira de Saneamento de Minas Gerais (Copasa) restabele\u00e7a o fornecimento imediato de \u00e1gua para os hospitais, postos de sa\u00fade, escolas, creches, entidades de acolhimento de idosos e de crian\u00e7as, pres\u00eddio, f\u00f3rum e prefeituras de Serra dos Aimor\u00e9s e de Nanuque, interrompido desde o dia 5 deste m\u00eas. Caso descumpra a decis\u00e3o, a empresa dever\u00e1 pagar multa di\u00e1ria de R$20 mil, por institui\u00e7\u00e3o n\u00e3o abastecida, at\u00e9 que a situa\u00e7\u00e3o se normalize.<\/p>\n<p>O promotor de Justi\u00e7a Thom\u00e1s Henriques Zanella Fortes, que prop\u00f4s a a\u00e7\u00e3o no dia 8, destaca que a falta de abastecimento de \u00e1gua \u00e9 um problema de sa\u00fade p\u00fablica, que viola o princ\u00edpio constitucional da dignidade da pessoa humana, conforme o artigo 1\u00ba, inciso III, da Constitui\u00e7\u00e3o Federal.<\/p>\n<p>A liminar foi proferida pela ju\u00edza Aline Gomes dos Santos Silva, da Vara C\u00edvel da Comarca de Nanuque, que acatou integralmente o pedido formulado pelo MPMG.<\/p>\n<p><strong>Hist\u00f3rico<\/strong><\/p>\n<p>No dia 5 deste m\u00eas, houve a interrup\u00e7\u00e3o do abastecimento de \u00e1gua em resid\u00eancias e em \u00f3rg\u00e3os p\u00fablicos de Nanuque e de Serra dos Aimor\u00e9s, principalmente em escolas e hospitais, que n\u00e3o podem deixar de atender a popula\u00e7\u00e3o. <\/p>\n<p>Por e-mail, a Copasa informou ao MPMG que o abastecimento d\u2019\u00e1gua retornaria na madrugada do dia 7. No dia seguinte, o MPMG recebeu da empresa novo e-mail informando que o fornecimento d\u2019\u00e1gua seria normalizado durante o dia 8, mas nenhuma dessas informa\u00e7\u00f5es se concretizou. <\/p>\n<p>Durante dilig\u00eancia realizada pelo MPMG, tamb\u00e9m no dia 8, a Copasa informou que esperava receber, no dia 12 deste m\u00eas, uma nova bomba, adquirida de fornecedor do Rio Grande do Sul, e que tentaria consertar o equipamento em uso para solucionar o problema a curto prazo. Ainda no dia 8, o MPMG prop\u00f4s a a\u00e7\u00e3o com o pedido de liminar.<\/p>\n<p><strong>Prejudicados<\/strong><\/p>\n<p>Os hospitais municipais e os postos de sa\u00fade suspenderam procedimentos que precisam de \u00e1gua, como limpeza e esteriliza\u00e7\u00e3o de materiais cir\u00fargicos, e est\u00e3o prestando servi\u00e7os de forma parcial.<\/p>\n<p>As escolas municipais est\u00e3o com as atividades suspensas ap\u00f3s o hor\u00e1rio do recreio.<\/p>\n<p>O Lar Sagrado dos Idosos S\u00e3o Vicente de Paulo relatou falta de \u00e1gua desde o dia 5 e o Instituto Maria de Nazar\u00e9 informou que a reserva de \u00e1gua se esgotou no dia 8.<\/p>\n<p>\u00d3rg\u00e3os p\u00fablicos, inclusive as duas prefeituras, tamb\u00e9m comunicaram sobre a falta de \u00e1gua em seus reservat\u00f3rios, e que por isso est\u00e3o prestando servi\u00e7os parcialmente.<\/p>\n<p><strong>VER PRIMEIRO<\/strong><\/p>\n<p>Receba as not\u00edcias do Aconteceu no Vale em primeira m\u00e3o. Clique em curtir no endere\u00e7o <a href=\"https:\/\/www.facebook.com\/aconteceunovale\" target=\"_blank\"><font color=\"red\">www.facebook.com\/aconteceunovale<\/font><\/a> ou no box abaixo:<\/p>\n<div class=\"fb-like\" data-href=\"https:\/\/www.facebook.com\/aconteceunovale\" data-width=\"120\" data-layout=\"standard\" data-action=\"like\" data-size=\"small\" data-show-faces=\"true\" data-share=\"true\"><\/div>\n<p><\/br><\/p>\n<p><em>(Fonte: MPMG)<\/em><\/p>\n","protected":false},"excerpt":{"rendered":"<p>O Minist\u00e9rio P\u00fablico de Minas Gerais (MPMG), por meio da Promotoria de Defesa do Consumidor da Comarca de Nanuque, obteve liminar em A\u00e7\u00e3o Civil P\u00fablica determinando que a Companhia Mineira de Saneamento de Minas Gerais (Copasa) restabele\u00e7a o fornecimento imediato de \u00e1gua para os hospitais, postos de sa\u00fade, escolas, creches, entidades de acolhimento de idosos [&hellip;]<\/p>\n","protected":false},"author":1,"featured_media":90958,"comment_status":"open","ping_status":"closed","sticky":false,"template":"","format":"standard","meta":{"amp_status":"","footnotes":""},"categories":[122],"tags":[144361,179,153227,153222,153223,153224,153221,19674,19675,252,153225,2793,153226],"class_list":["post-117445","post","type-post","status-publish","format-standard","has-post-thumbnail","hentry","category-mucuri","tag-aline-gomes-dos-santos-silva","tag-copasa","tag-da-vara-civel-da-comarca-de-nanuque","tag-diz-mpmg","tag-fornecimento-de-agua-em-nanuque","tag-fornecimento-de-agua-em-serra-dos-aimores","tag-liminar-determina-que-a-copasa-restabeleca-o-fornecimento-de-agua-em-nanuque-e-em-serra-dos-aimores","tag-ministerio-publico-de-minas-gerais","tag-mpmg","tag-nanuque","tag-promotoria-de-defesa-do-consumidor-da-comarca-de-nanuque","tag-serra-dos-aimores","tag-thomas-henriques-zanella-fortes"],"_links":{"self":[{"href":"https:\/\/aconteceunovale.com.br\/portal\/index.php?rest_route=\/wp\/v2\/posts\/117445","targetHints":{"allow":["GET"]}}],"collection":[{"href":"https:\/\/aconteceunovale.com.br\/portal\/index.php?rest_route=\/wp\/v2\/posts"}],"about":[{"href":"https:\/\/aconteceunovale.com.br\/portal\/index.php?rest_route=\/wp\/v2\/types\/post"}],"author":[{"embeddable":true,"href":"https:\/\/aconteceunovale.com.br\/portal\/index.php?rest_route=\/wp\/v2\/users\/1"}],"replies":[{"embeddable":true,"href":"https:\/\/aconteceunovale.com.br\/portal\/index.php?rest_route=%2Fwp%2Fv2%2Fcomments&post=117445"}],"version-history":[{"count":0,"href":"https:\/\/aconteceunovale.com.br\/portal\/index.php?rest_route=\/wp\/v2\/posts\/117445\/revisions"}],"wp:featuredmedia":[{"embeddable":true,"href":"https:\/\/aconteceunovale.com.br\/portal\/index.php?rest_route=\/wp\/v2\/media\/90958"}],"wp:attachment":[{"href":"https:\/\/aconteceunovale.com.br\/portal\/index.php?rest_route=%2Fwp%2Fv2%2Fmedia&parent=117445"}],"wp:term":[{"taxonomy":"category","embeddable":true,"href":"https:\/\/aconteceunovale.com.br\/portal\/index.php?rest_route=%2Fwp%2Fv2%2Fcategories&post=117445"},{"taxonomy":"post_tag","embeddable":true,"href":"https:\/\/aconteceunovale.com.br\/portal\/index.php?rest_route=%2Fwp%2Fv2%2Ftags&post=117445"}],"curies":[{"name":"wp","href":"https:\/\/api.w.org\/{rel}","templated":true}]}}