{"id":117439,"date":"2017-06-16T16:45:48","date_gmt":"2017-06-16T18:45:48","guid":{"rendered":"http:\/\/aconteceunovale.com.br\/portal\/?p=117439"},"modified":"2017-06-16T16:45:48","modified_gmt":"2017-06-16T18:45:48","slug":"municipios-do-norte-de-minas-assinam-acordo-para-organizar-sistema-de-garantias-de-direitos-das-criancas-e-dos-adolescentes","status":"publish","type":"post","link":"https:\/\/aconteceunovale.com.br\/portal\/?p=117439","title":{"rendered":"Munic\u00edpios do Norte de Minas assinam acordo para organizar Sistema de Garantias de Direitos das Crian\u00e7as e dos Adolescentes"},"content":{"rendered":"<p>Nos dias 12 e 13 de junho, o Minist\u00e9rio P\u00fablico de Minas Gerais (MPMG), por meio da 1\u00aa Promotoria de Justi\u00e7a de Manga e da Coordenadoria Regional das Promotorias de Justi\u00e7a de Defesa da Educa\u00e7\u00e3o e dos Direitos das Crian\u00e7as e dos Adolescentes do Norte de Minas (CREDCA-NM), promoveu reuni\u00e3o com representantes dos munic\u00edpios de Ja\u00edba, Manga, Matias Cardoso, Mirav\u00e2nia e S\u00e3o Jo\u00e3o das Miss\u00f5es para discutir o Sistema de Garantias de Direitos das Crian\u00e7as e dos Adolescentes.<\/p>\n<p>Durante os dois dias foram pactuadas com os cinco munic\u00edpios provid\u00eancias para reorganizar os Conselhos Tutelares, os Conselhos Municipais dos Direitos da Crian\u00e7a e do Adolescente (CMDCA) e os Fundos Municipais dos Direitos da Crian\u00e7a e do Adolescente. Tamb\u00e9m foi decidida a implementa\u00e7\u00e3o de uma Casa Lar em Ja\u00edba e de outra em Manga. Entre as medidas est\u00e3o ainda: providenciar espa\u00e7o para o servi\u00e7o de acolhimento, capacitar equipe de refer\u00eancia, elaborar projeto pedag\u00f3gico e plano de atendimento individual e familiar.<\/p>\n<p>O servi\u00e7o de acolhimento institucional nessas cidades come\u00e7ou a ser prestado em 2009, ap\u00f3s o MPMG firmar um Termo de Ajustamento de Conduta (TAC) com os cinco munic\u00edpios para a implanta\u00e7\u00e3o da Casa Lar de Manga, tendo como interveniente a Associa\u00e7\u00e3o Manguense de Apoio ao Menor (Amam), entidade privada que se responsabilizou pela implementa\u00e7\u00e3o e manuten\u00e7\u00e3o do servi\u00e7o.<\/p>\n<p>Mas, segundo o promotor de Justi\u00e7a Guilherme de Abreu, irregularidades estruturais e na forma de presta\u00e7\u00e3o do servi\u00e7o foram verificadas, tendo como causa principal a grande demanda e a falta de repasses financeiros dos munic\u00edpios. \u201cCom a nova pactua\u00e7\u00e3o, a partir outubro deste ano, o munic\u00edpio de Ja\u00edba passa a sediar uma institui\u00e7\u00e3o de acolhimento, que ser\u00e1 utilizada tamb\u00e9m por Matias Cardoso. E Manga prestar\u00e1 diretamente o servi\u00e7o, a ser compartilhado com Mirav\u00e2nia e S\u00e3o Jo\u00e3o das Miss\u00f5es\u201d.<\/p>\n<p>Al\u00e9m do promotor de Justi\u00e7a Guilherme de Abreu, da 1\u00aa Promotoria de Justi\u00e7a de Manga, tamb\u00e9m participaram da reuni\u00e3o o coordenador da CREDCA-NM, promotor de Justi\u00e7a Danniel Librelon Pimenta, e o juiz da Vara da Inf\u00e2ncia e Juventude da Comarca de Manga, Luiz Felipe Sampaio Aranha.<\/p>\n<p><img decoding=\"async\" src=\"http:\/\/aconteceunovale.com.br\/portal\/wp-content\/uploads\/2017\/06\/acordo_manga.jpg\" alt=\"\" \/><br \/>\n<\/br><\/p>\n<p><strong>VER PRIMEIRO<\/strong><\/p>\n<p>Receba as not\u00edcias do Aconteceu no Vale em primeira m\u00e3o. Clique em curtir no endere\u00e7o <a href=\"https:\/\/www.facebook.com\/aconteceunovale\" target=\"_blank\"><font color=\"red\">www.facebook.com\/aconteceunovale<\/font><\/a> ou no box abaixo:<\/p>\n<div class=\"fb-like\" data-href=\"https:\/\/www.facebook.com\/aconteceunovale\" data-width=\"120\" data-layout=\"standard\" data-action=\"like\" data-size=\"small\" data-show-faces=\"true\" data-share=\"true\"><\/div>\n<p><\/br><\/p>\n<p><em>(Fonte: 1\u00aa Promotoria de Justi\u00e7a de Manga \/ Foto: Divulga\u00e7\u00e3o MPMG)<\/em><\/p>\n","protected":false},"excerpt":{"rendered":"<p>Nos dias 12 e 13 de junho, o Minist\u00e9rio P\u00fablico de Minas Gerais (MPMG), por meio da 1\u00aa Promotoria de Justi\u00e7a de Manga e da Coordenadoria Regional das Promotorias de Justi\u00e7a de Defesa da Educa\u00e7\u00e3o e dos Direitos das Crian\u00e7as e dos Adolescentes do Norte de Minas (CREDCA-NM), promoveu reuni\u00e3o com representantes dos munic\u00edpios de [&hellip;]<\/p>\n","protected":false},"author":1,"featured_media":117440,"comment_status":"open","ping_status":"closed","sticky":false,"template":"","format":"standard","meta":{"amp_status":"","footnotes":""},"categories":[1236],"tags":[153214,153215,153216,1058,1356,1708,19674,3056,19675,153212,1810,153213],"class_list":["post-117439","post","type-post","status-publish","format-standard","has-post-thumbnail","hentry","category-norte_de_minas","tag-1a-promotoria-de-justica-de-manga","tag-coordenadoria-regional-das-promotorias-de-justica-de-defesa-da-educacao-e-dos-direitos-das-criancas-e-dos-adolescentes-do-norte-de-minas","tag-credca-nm","tag-jaiba","tag-manga","tag-matias-cardoso","tag-ministerio-publico-de-minas-gerais","tag-miravania","tag-mpmg","tag-municipios-do-norte-de-minas-assinam-acordo-para-organizar-sistema-de-garantias-de-direitos-das-criancas-e-dos-adolescentes","tag-sao-joao-das-missoes","tag-sistema-de-garantias-de-direitos-das-criancas-e-dos-adolescentes"],"_links":{"self":[{"href":"https:\/\/aconteceunovale.com.br\/portal\/index.php?rest_route=\/wp\/v2\/posts\/117439","targetHints":{"allow":["GET"]}}],"collection":[{"href":"https:\/\/aconteceunovale.com.br\/portal\/index.php?rest_route=\/wp\/v2\/posts"}],"about":[{"href":"https:\/\/aconteceunovale.com.br\/portal\/index.php?rest_route=\/wp\/v2\/types\/post"}],"author":[{"embeddable":true,"href":"https:\/\/aconteceunovale.com.br\/portal\/index.php?rest_route=\/wp\/v2\/users\/1"}],"replies":[{"embeddable":true,"href":"https:\/\/aconteceunovale.com.br\/portal\/index.php?rest_route=%2Fwp%2Fv2%2Fcomments&post=117439"}],"version-history":[{"count":0,"href":"https:\/\/aconteceunovale.com.br\/portal\/index.php?rest_route=\/wp\/v2\/posts\/117439\/revisions"}],"wp:featuredmedia":[{"embeddable":true,"href":"https:\/\/aconteceunovale.com.br\/portal\/index.php?rest_route=\/wp\/v2\/media\/117440"}],"wp:attachment":[{"href":"https:\/\/aconteceunovale.com.br\/portal\/index.php?rest_route=%2Fwp%2Fv2%2Fmedia&parent=117439"}],"wp:term":[{"taxonomy":"category","embeddable":true,"href":"https:\/\/aconteceunovale.com.br\/portal\/index.php?rest_route=%2Fwp%2Fv2%2Fcategories&post=117439"},{"taxonomy":"post_tag","embeddable":true,"href":"https:\/\/aconteceunovale.com.br\/portal\/index.php?rest_route=%2Fwp%2Fv2%2Ftags&post=117439"}],"curies":[{"name":"wp","href":"https:\/\/api.w.org\/{rel}","templated":true}]}}