{"id":117128,"date":"2017-06-10T17:53:42","date_gmt":"2017-06-10T19:53:42","guid":{"rendered":"http:\/\/aconteceunovale.com.br\/portal\/?p=117128"},"modified":"2017-06-10T17:53:42","modified_gmt":"2017-06-10T19:53:42","slug":"medico-e-preso-em-conselheiro-lafaiete-suspeito-de-cobrar-por-atendimentos-feitos-pelo-sus-diz-policia","status":"publish","type":"post","link":"https:\/\/aconteceunovale.com.br\/portal\/?p=117128","title":{"rendered":"M\u00e9dico \u00e9 preso em Conselheiro Lafaiete suspeito de cobrar por atendimentos feitos pelo SUS, diz pol\u00edcia"},"content":{"rendered":"<p>Um m\u00e9dico est\u00e1 preso por cobrar consultas e cirurgias na rede p\u00fablica de Conselheiro Lafaiete, na Regi\u00e3o Central de Minas Gerais, de acordo com a Pol\u00edcia Civil. Ele atuava em um hospital particular conveniado pelo Sistema \u00danico de Sa\u00fade (SUS) e foi denunciado por um paciente em fevereiro deste ano, quando as investiga\u00e7\u00f5es come\u00e7aram.<\/p>\n<p>A pris\u00e3o ocorreu nessa sexta-feira (9), na casa do suspeito. A pol\u00edcia tamb\u00e9m fez buscas em outro im\u00f3vel dele e em carros e informou que apreendeu dinheiro e cheques que comprovam o pagamento de pacientes.<\/p>\n<p>O m\u00e9dico foi indiciado por corrup\u00e7\u00e3o passiva e concuss\u00e3o, quando um funcion\u00e1rio p\u00fablico exige vantagem direta ou indiretamente, conforme a Pol\u00edcia Civil. Durante as investiga\u00e7\u00f5es, foram feitas grava\u00e7\u00f5es telef\u00f4nicas que apontam a participa\u00e7\u00e3o de um vereador da cidade de Capela Nova e de outro m\u00e9dico do hospital. Eles tamb\u00e9m foram indiciados, mas a pol\u00edcia ainda n\u00e3o divulgou se tiveram a pris\u00e3o pedida.<\/p>\n<p>A investiga\u00e7\u00e3o foi conduzida pelo delegado Maur\u00edcio Carrapatoso, que deve dar mais detalhes sobre o caso em coletiva na pr\u00f3xima segunda-feira (12).<\/p>\n<p><strong>VER PRIMEIRO<\/strong><\/p>\n<p>Receba as not\u00edcias do Aconteceu no Vale em primeira m\u00e3o. Clique em curtir no endere\u00e7o <a href=\"https:\/\/www.facebook.com\/aconteceunovale\" target=\"_blank\"><font color=\"red\">www.facebook.com\/aconteceunovale<\/font><\/a> ou no box abaixo:<\/p>\n<div class=\"fb-like\" data-href=\"https:\/\/www.facebook.com\/aconteceunovale\" data-width=\"120\" data-layout=\"standard\" data-action=\"like\" data-size=\"small\" data-show-faces=\"true\" data-share=\"true\"><\/div>\n<p><\/br><\/p>\n<p><em>(Fonte: G1 Minas)<\/em><\/p>\n","protected":false},"excerpt":{"rendered":"<p>Um m\u00e9dico est\u00e1 preso por cobrar consultas e cirurgias na rede p\u00fablica de Conselheiro Lafaiete, na Regi\u00e3o Central de Minas Gerais, de acordo com a Pol\u00edcia Civil. Ele atuava em um hospital particular conveniado pelo Sistema \u00danico de Sa\u00fade (SUS) e foi denunciado por um paciente em fevereiro deste ano, quando as investiga\u00e7\u00f5es come\u00e7aram. A [&hellip;]<\/p>\n","protected":false},"author":1,"featured_media":109112,"comment_status":"open","ping_status":"closed","sticky":false,"template":"","format":"standard","meta":{"amp_status":"","footnotes":""},"categories":[123],"tags":[1744,1528,152770,152771,152768,152769],"class_list":["post-117128","post","type-post","status-publish","format-standard","has-post-thumbnail","hentry","category-gerais","tag-capela-nova","tag-conselheiro-lafaiete","tag-mauricio-carrapatoso","tag-medico-e-preso-em-conselheiro-lafaiete-suspeito-de-cobrar-por-atendimentos-feitos-pelo-sus","tag-medico-preso-em-conselheiro-lafaiete","tag-prisao-de-medico-em-conselheiro-lafaiete"],"_links":{"self":[{"href":"https:\/\/aconteceunovale.com.br\/portal\/index.php?rest_route=\/wp\/v2\/posts\/117128","targetHints":{"allow":["GET"]}}],"collection":[{"href":"https:\/\/aconteceunovale.com.br\/portal\/index.php?rest_route=\/wp\/v2\/posts"}],"about":[{"href":"https:\/\/aconteceunovale.com.br\/portal\/index.php?rest_route=\/wp\/v2\/types\/post"}],"author":[{"embeddable":true,"href":"https:\/\/aconteceunovale.com.br\/portal\/index.php?rest_route=\/wp\/v2\/users\/1"}],"replies":[{"embeddable":true,"href":"https:\/\/aconteceunovale.com.br\/portal\/index.php?rest_route=%2Fwp%2Fv2%2Fcomments&post=117128"}],"version-history":[{"count":0,"href":"https:\/\/aconteceunovale.com.br\/portal\/index.php?rest_route=\/wp\/v2\/posts\/117128\/revisions"}],"wp:featuredmedia":[{"embeddable":true,"href":"https:\/\/aconteceunovale.com.br\/portal\/index.php?rest_route=\/wp\/v2\/media\/109112"}],"wp:attachment":[{"href":"https:\/\/aconteceunovale.com.br\/portal\/index.php?rest_route=%2Fwp%2Fv2%2Fmedia&parent=117128"}],"wp:term":[{"taxonomy":"category","embeddable":true,"href":"https:\/\/aconteceunovale.com.br\/portal\/index.php?rest_route=%2Fwp%2Fv2%2Fcategories&post=117128"},{"taxonomy":"post_tag","embeddable":true,"href":"https:\/\/aconteceunovale.com.br\/portal\/index.php?rest_route=%2Fwp%2Fv2%2Ftags&post=117128"}],"curies":[{"name":"wp","href":"https:\/\/api.w.org\/{rel}","templated":true}]}}