{"id":117122,"date":"2017-06-10T17:47:19","date_gmt":"2017-06-10T19:47:19","guid":{"rendered":"http:\/\/aconteceunovale.com.br\/portal\/?p=117122"},"modified":"2017-06-10T17:47:19","modified_gmt":"2017-06-10T19:47:19","slug":"diocese-mineira-organiza-encontro-para-solteiros-as-vesperas-do-dia-dos-namorados","status":"publish","type":"post","link":"https:\/\/aconteceunovale.com.br\/portal\/?p=117122","title":{"rendered":"Diocese mineira organiza encontro para solteiros \u00e0s v\u00e9speras do Dia dos Namorados"},"content":{"rendered":"<p>Neste domingo (11), v\u00e9spera do Dia dos Namorados, ser\u00e1 celebrada a segunda edi\u00e7\u00e3o da \u201cMissa pelos Namorados\u201d em Uberl\u00e2ndia. A ideia \u00e9 promover um encontro entre jovens que sentem interesse e, namorar. Durante a missa, haver\u00e1 distribui\u00e7\u00e3o de cora\u00e7\u00f5es elegantes, ben\u00e7\u00e3o de Santo Ant\u00f4nio e ora\u00e7\u00e3o pelos solteiros.<\/p>\n<p>Na cerim\u00f4nia, um casal que come\u00e7ou a se relacionar ap\u00f3s a ben\u00e7\u00e3o de 2016 vai falar sobre a vida deles e como a missa os ajudou. J\u00e1 os solteiros ter\u00e3o um momento especial &#8211; ap\u00f3s a missa, haver\u00e1 um encontro preparado pelos membros da Pastoral Familiar para eles se conhe\u00e7am e possam trocar experi\u00eancias.<\/p>\n<p>O vig\u00e1rio do Santu\u00e1rio de Nossa Senhora Aparecida, Claudemar Pereira da Silva, disse que as rela\u00e7\u00f5es afetivas s\u00e3o important\u00edssimas e interferem em todas as demais dimens\u00f5es da vida, inclusive na espiritual. Ele citou quatro perguntas que os fi\u00e9is precisam fazer a si mesmos e refletir neste per\u00edodo:<\/p>\n<p>&#8211; Eu sou realmente chamado ao amor conjugal?<\/p>\n<p>&#8211; Tenho aptid\u00f5es e talentos que me possibilitam viver uma rela\u00e7\u00e3o a dois, comungando ideais, projetos e sonhos?<\/p>\n<p>&#8211; Estou disposto a abrir espa\u00e7o em minha liberdade para conjug\u00e1-la com outra liberdade?<\/p>\n<p>&#8211; Estou convicto de que posso contribuir para a felicidade de uma outra pessoa, e encontrar nessa postura \u00e9tica o motivo da minha pr\u00f3pria realiza\u00e7\u00e3o?<\/p>\n<p>A missa vai ocorrer \u00e0s 19h30 do pr\u00f3ximo domingo (11), no Santu\u00e1rio de Nossa Senhora Aparecida, que fica na Pra\u00e7a Nossa Senhora Aparecida, n\u00ba 100, no Bairro Aparecida.<\/p>\n<p><img decoding=\"async\" src=\"http:\/\/aconteceunovale.com.br\/portal\/wp-content\/uploads\/2017\/06\/igreja_cupido_1.jpg\" alt=\"\" \/><img decoding=\"async\" src=\"http:\/\/aconteceunovale.com.br\/portal\/wp-content\/uploads\/2017\/06\/igreja_cupido_2.jpg\" alt=\"\" \/><em>Diocese divulgou convite para Missa pelos Namorados (Foto: Diocese de Uberl\u00e2ndia\/Reprodu\u00e7\u00e3o)<\/em><br \/>\n<\/br><\/p>\n<p><img decoding=\"async\" src=\"http:\/\/aconteceunovale.com.br\/portal\/wp-content\/uploads\/2017\/06\/igreja_cupido_3.jpg\" alt=\"\" \/><em>Santu\u00e1rio de Nossa Senhora Aparecida, em Uberl\u00e2ndia (Foto: Diocese de Uberl\u00e2ndia\/Divulga\u00e7\u00e3o)<br \/>\n<\/br><\/p>\n<p><strong>VER PRIMEIRO<\/strong><\/p>\n<p>Receba as not\u00edcias do Aconteceu no Vale em primeira m\u00e3o. Clique em curtir no endere\u00e7o <a href=\"https:\/\/www.facebook.com\/aconteceunovale\" target=\"_blank\"><font color=\"red\">www.facebook.com\/aconteceunovale<\/font><\/a> ou no box abaixo:<\/p>\n<div class=\"fb-like\" data-href=\"https:\/\/www.facebook.com\/aconteceunovale\" data-width=\"120\" data-layout=\"standard\" data-action=\"like\" data-size=\"small\" data-show-faces=\"true\" data-share=\"true\"><\/div>\n<p><\/br><\/p>\n<p><em>(Fonte: G1 Tri\u00e2ngulo Mineiro)<\/em><\/p>\n","protected":false},"excerpt":{"rendered":"<p>Neste domingo (11), v\u00e9spera do Dia dos Namorados, ser\u00e1 celebrada a segunda edi\u00e7\u00e3o da \u201cMissa pelos Namorados\u201d em Uberl\u00e2ndia. A ideia \u00e9 promover um encontro entre jovens que sentem interesse e, namorar. Durante a missa, haver\u00e1 distribui\u00e7\u00e3o de cora\u00e7\u00f5es elegantes, ben\u00e7\u00e3o de Santo Ant\u00f4nio e ora\u00e7\u00e3o pelos solteiros. Na cerim\u00f4nia, um casal que come\u00e7ou a [&hellip;]<\/p>\n","protected":false},"author":1,"featured_media":117125,"comment_status":"open","ping_status":"closed","sticky":false,"template":"","format":"standard","meta":{"amp_status":"","footnotes":""},"categories":[123],"tags":[152767,98318,152764,152766,152765,126499,221],"class_list":["post-117122","post","type-post","status-publish","format-standard","has-post-thumbnail","hentry","category-gerais","tag-claudemar-pereira-da-silva","tag-dia-dos-namorados","tag-diocese-mineira-organiza-encontro-para-solteiros-as-vesperas-do-dia-dos-namorados","tag-missa-pelos-namorados","tag-missa-pelos-namorados-em-uberlandia","tag-santuario-de-nossa-senhora-aparecida","tag-uberlandia"],"_links":{"self":[{"href":"https:\/\/aconteceunovale.com.br\/portal\/index.php?rest_route=\/wp\/v2\/posts\/117122","targetHints":{"allow":["GET"]}}],"collection":[{"href":"https:\/\/aconteceunovale.com.br\/portal\/index.php?rest_route=\/wp\/v2\/posts"}],"about":[{"href":"https:\/\/aconteceunovale.com.br\/portal\/index.php?rest_route=\/wp\/v2\/types\/post"}],"author":[{"embeddable":true,"href":"https:\/\/aconteceunovale.com.br\/portal\/index.php?rest_route=\/wp\/v2\/users\/1"}],"replies":[{"embeddable":true,"href":"https:\/\/aconteceunovale.com.br\/portal\/index.php?rest_route=%2Fwp%2Fv2%2Fcomments&post=117122"}],"version-history":[{"count":0,"href":"https:\/\/aconteceunovale.com.br\/portal\/index.php?rest_route=\/wp\/v2\/posts\/117122\/revisions"}],"wp:featuredmedia":[{"embeddable":true,"href":"https:\/\/aconteceunovale.com.br\/portal\/index.php?rest_route=\/wp\/v2\/media\/117125"}],"wp:attachment":[{"href":"https:\/\/aconteceunovale.com.br\/portal\/index.php?rest_route=%2Fwp%2Fv2%2Fmedia&parent=117122"}],"wp:term":[{"taxonomy":"category","embeddable":true,"href":"https:\/\/aconteceunovale.com.br\/portal\/index.php?rest_route=%2Fwp%2Fv2%2Fcategories&post=117122"},{"taxonomy":"post_tag","embeddable":true,"href":"https:\/\/aconteceunovale.com.br\/portal\/index.php?rest_route=%2Fwp%2Fv2%2Ftags&post=117122"}],"curies":[{"name":"wp","href":"https:\/\/api.w.org\/{rel}","templated":true}]}}