{"id":117102,"date":"2017-06-10T14:57:50","date_gmt":"2017-06-10T16:57:50","guid":{"rendered":"http:\/\/aconteceunovale.com.br\/portal\/?p=117102"},"modified":"2017-06-10T14:57:50","modified_gmt":"2017-06-10T16:57:50","slug":"bombeiros-e-brigadistas-combatem-incendio-no-municipio-de-montes-claros","status":"publish","type":"post","link":"https:\/\/aconteceunovale.com.br\/portal\/?p=117102","title":{"rendered":"Bombeiros e brigadistas combatem inc\u00eandio no munic\u00edpio de Montes Claros"},"content":{"rendered":"<p>O Corpo de Bombeiros de Montes Claros e brigadistas volunt\u00e1rios combatem um inc\u00eandio que atinge uma \u00e1rea de veredas na nascente do Rio Riach\u00e3o. As chamas come\u00e7aram no fim da tarde dessa sexta-feira (09\/06\/2017) e as equipes permanecem no local neste s\u00e1bado (10).<\/p>\n<p>\u201cPassamos a noite fazendo apenas monitoramento, porque o combate em veredas n\u00e3o pode ser feito no per\u00edodo noturno. Monitoramos para evitar que o fogo passasse para vegeta\u00e7\u00e3o fora da vereda\u201d, explicou o brigadista volunt\u00e1rio, M\u00e1rcio Silveira. Ainda segundo ele, com a ajuda de tratores, cedidos por moradores, foram feitos aceiros na parte externa da \u00e1rea atingida.<\/p>\n<p>A Organiza\u00e7\u00e3o N\u00e3o-Governamental (ONG) Instituto Grande Sert\u00e3o tamb\u00e9m monitora o local com a ajuda de um drone. Ainda n\u00e3o \u00e9 poss\u00edvel contabilizar a \u00e1rea queimada.<\/p>\n<p><img decoding=\"async\" src=\"http:\/\/aconteceunovale.com.br\/portal\/wp-content\/uploads\/2017\/06\/incendio_moc_1.jpg\" alt=\"\" \/><em>Chamas come\u00e7aram no final da tarde dessa sexta (Foto: M\u00e1rcio Silveira\/Arquivo pessoal)<\/em><br \/>\n<\/br><\/p>\n<h3>Casa pega fogo em Montes Claros<\/h3>\n<p>Uma casa localizada na Avenida Ov\u00eddeo de Abreu, no Centro de Montes Claros, pegou fogo na manh\u00e3 dessa sexta-feira (09). As altas chamas consumiram o teto de todo o im\u00f3vel, que corre risco de desabar, de acordo com o Corpo de Bombeiros. Cerca de dois mil litros de \u00e1gua foram usados para conter o fogo. O local, segundo testemunhas, era usado por moradores de rua como abrigo.<\/p>\n<p>O tr\u00e2nsito na Avenida Ov\u00eddeo de Abreu precisou ser desviado antes do controle do inc\u00eandio pelos cinco militares empenhados na ocorr\u00eancia. De acordo com os bombeiros, as chamas ofereciam riscos para motoristas que passavam pelo local. Oito c\u00f4modos da casa foram tomados pelo fogo. Um quarto com guarda-roupas, colch\u00e3o e objetos pessoais foi completamente destru\u00eddo.<\/p>\n<p>O Corpo de Bombeiros n\u00e3o descarta a possibilidade de um inc\u00eandio criminoso, uma vez que a rede el\u00e9trica do im\u00f3vel estava desativada. O caso ser\u00e1 encaminhado para que a pol\u00edcia investigue as causas. Nenhum propriet\u00e1rio da casa compareceu ao local.<\/p>\n<p><strong>VER PRIMEIRO<\/strong><\/p>\n<p>Receba as not\u00edcias do Aconteceu no Vale em primeira m\u00e3o. Clique em curtir no endere\u00e7o <a href=\"https:\/\/www.facebook.com\/aconteceunovale\" target=\"_blank\"><font color=\"red\">www.facebook.com\/aconteceunovale<\/font><\/a> ou no box abaixo:<\/p>\n<div class=\"fb-like\" data-href=\"https:\/\/www.facebook.com\/aconteceunovale\" data-width=\"120\" data-layout=\"standard\" data-action=\"like\" data-size=\"small\" data-show-faces=\"true\" data-share=\"true\"><\/div>\n<p><\/br><\/p>\n<p><em>(Fonte: G1 Grande Minas)<\/em><\/p>\n","protected":false},"excerpt":{"rendered":"<p>O Corpo de Bombeiros de Montes Claros e brigadistas volunt\u00e1rios combatem um inc\u00eandio que atinge uma \u00e1rea de veredas na nascente do Rio Riach\u00e3o. As chamas come\u00e7aram no fim da tarde dessa sexta-feira (09\/06\/2017) e as equipes permanecem no local neste s\u00e1bado (10). \u201cPassamos a noite fazendo apenas monitoramento, porque o combate em veredas n\u00e3o [&hellip;]<\/p>\n","protected":false},"author":1,"featured_media":117103,"comment_status":"open","ping_status":"closed","sticky":false,"template":"","format":"standard","meta":{"amp_status":"","footnotes":""},"categories":[1236],"tags":[152742,152741,103946,37851,152739,152737,152740,210,152738,25512],"class_list":["post-117102","post","type-post","status-publish","format-standard","has-post-thumbnail","hentry","category-norte_de_minas","tag-abrigo-de-moradores-de-rua-pega-fogo-em-montes-claros","tag-bombeiros-e-brigadistas-combatem-incendio-no-municipio-de-montes-claros","tag-casa-pega-fogo-em-montes-claros","tag-corpo-de-bombeiros-de-montes-claros","tag-incendio-na-nascente-do-rio-riachao","tag-instituto-grande-sertao","tag-marcio-silveira","tag-montes-claros","tag-ong-instituto-grande-sertao","tag-rio-riachao"],"_links":{"self":[{"href":"https:\/\/aconteceunovale.com.br\/portal\/index.php?rest_route=\/wp\/v2\/posts\/117102","targetHints":{"allow":["GET"]}}],"collection":[{"href":"https:\/\/aconteceunovale.com.br\/portal\/index.php?rest_route=\/wp\/v2\/posts"}],"about":[{"href":"https:\/\/aconteceunovale.com.br\/portal\/index.php?rest_route=\/wp\/v2\/types\/post"}],"author":[{"embeddable":true,"href":"https:\/\/aconteceunovale.com.br\/portal\/index.php?rest_route=\/wp\/v2\/users\/1"}],"replies":[{"embeddable":true,"href":"https:\/\/aconteceunovale.com.br\/portal\/index.php?rest_route=%2Fwp%2Fv2%2Fcomments&post=117102"}],"version-history":[{"count":0,"href":"https:\/\/aconteceunovale.com.br\/portal\/index.php?rest_route=\/wp\/v2\/posts\/117102\/revisions"}],"wp:featuredmedia":[{"embeddable":true,"href":"https:\/\/aconteceunovale.com.br\/portal\/index.php?rest_route=\/wp\/v2\/media\/117103"}],"wp:attachment":[{"href":"https:\/\/aconteceunovale.com.br\/portal\/index.php?rest_route=%2Fwp%2Fv2%2Fmedia&parent=117102"}],"wp:term":[{"taxonomy":"category","embeddable":true,"href":"https:\/\/aconteceunovale.com.br\/portal\/index.php?rest_route=%2Fwp%2Fv2%2Fcategories&post=117102"},{"taxonomy":"post_tag","embeddable":true,"href":"https:\/\/aconteceunovale.com.br\/portal\/index.php?rest_route=%2Fwp%2Fv2%2Ftags&post=117102"}],"curies":[{"name":"wp","href":"https:\/\/api.w.org\/{rel}","templated":true}]}}