{"id":117029,"date":"2017-06-08T23:24:48","date_gmt":"2017-06-09T01:24:48","guid":{"rendered":"http:\/\/aconteceunovale.com.br\/portal\/?p=117029"},"modified":"2017-06-08T23:24:48","modified_gmt":"2017-06-09T01:24:48","slug":"situacao-de-emergencia-e-reconhecida-em-mais-sete-municipios-do-norte-de-minas-e-vale-do-jequitinhonha","status":"publish","type":"post","link":"https:\/\/aconteceunovale.com.br\/portal\/?p=117029","title":{"rendered":"Situa\u00e7\u00e3o de emerg\u00eancia \u00e9 reconhecida em mais sete munic\u00edpios do Norte de Minas e Vale do Jequitinhonha"},"content":{"rendered":"<p>O Minist\u00e9rio da Integra\u00e7\u00e3o Nacional reconheceu nesta quinta-feira (08\/06\/2017) a situa\u00e7\u00e3o de emerg\u00eancia em 19 munic\u00edpios de Amazonas, Bahia, Minas Gerais, Mato Grosso, Par\u00e1 e Rio Grande do Sul. A medida tem vig\u00eancia por 180 dias.<\/p>\n<p>Com a portaria publicada no\u00a0<span style=\"color: #ff0000;\"><em><a title=\"\" href=\"http:\/\/pesquisa.in.gov.br\/imprensa\/jsp\/visualiza\/index.jsp?data=08\/06\/2017&amp;jornal=1&amp;pagina=81&amp;totalArquivos=144\" target=\"_self\"><span style=\"color: #ff0000;\">Di\u00e1rio Oficial da Uni\u00e3o<\/span><\/a><\/em><\/span>\u00a0(DOU), as prefeituras podem solicitar o apoio do governo federal para a\u00e7\u00f5es de socorro, assist\u00eancia, restabelecimento de servi\u00e7os essenciais e recupera\u00e7\u00e3o de \u00e1reas publicadas danificadas pelos desastres naturais.<\/p>\n<p>Entre os munic\u00edpios com reconhecimentos decorrentes do extenso per\u00edodo de estiagem est\u00e3o: Medeiros Neto (BA), Buritizeiro (MG), Divisa Alegre (MG), Francisco S\u00e1 (MG), Pai Pedro (MG), Santa F\u00e9 de Minas (MG), Santo Ant\u00f4nio do Jacinto (MG) e Verdel\u00e2ndia (MG). Em Boca do Acre (AM) e Mucuri (BA) a medida foi tomada por conta das eros\u00f5es nas margens fluviais dos munic\u00edpios.<\/p>\n<p>J\u00e1 a situa\u00e7\u00e3o de emerg\u00eancia nas cidades de Careiro da V\u00e1rzea (AM), Manaquiri (AM), Tef\u00e9 (AM), Nossa Senhora do Livramento (MT), Salto do C\u00e9u (MT), Monte Alegre (PA), \u00d3bidos (PA), Campo Novo (RS) e Lago\u00e3o (RS) foi reconhecida devido \u00e0s chuvas intensas, inunda\u00e7\u00f5es e enxurradas.<\/p>\n<p><strong>Aux\u00edlio emergencial<\/strong><\/p>\n<p>Para obter apoio material e financeiro da Defesa Civil Nacional, os munic\u00edpios devem apresentar um relat\u00f3rio com diagn\u00f3stico dos danos e o Plano Detalhado de Resposta (PDR), por meio do Sistema Integrado de Informa\u00e7\u00f5es sobre Desastres (S2ID). Ap\u00f3s an\u00e1lise t\u00e9cnica por equipes da Sedec, o Minist\u00e9rio da Integra\u00e7\u00e3o define o valor do recurso a ser posto \u00e0 disposi\u00e7\u00e3o.<\/p>\n<p><strong>VER PRIMEIRO<\/strong><\/p>\n<p>Receba as not\u00edcias do Aconteceu no Vale em primeira m\u00e3o. Clique em curtir no endere\u00e7o <a href=\"https:\/\/www.facebook.com\/aconteceunovale\" target=\"_blank\"><font color=\"red\">www.facebook.com\/aconteceunovale<\/font><\/a> ou no box abaixo:<\/p>\n<div class=\"fb-like\" data-href=\"https:\/\/www.facebook.com\/aconteceunovale\" data-width=\"120\" data-layout=\"standard\" data-action=\"like\" data-size=\"small\" data-show-faces=\"true\" data-share=\"true\"><\/div>\n<p><\/br><\/p>\n<p><em>(Fonte: Portal Brasil)<\/em><\/p>\n","protected":false},"excerpt":{"rendered":"<p>O Minist\u00e9rio da Integra\u00e7\u00e3o Nacional reconheceu nesta quinta-feira (08\/06\/2017) a situa\u00e7\u00e3o de emerg\u00eancia em 19 munic\u00edpios de Amazonas, Bahia, Minas Gerais, Mato Grosso, Par\u00e1 e Rio Grande do Sul. A medida tem vig\u00eancia por 180 dias. Com a portaria publicada no\u00a0Di\u00e1rio Oficial da Uni\u00e3o\u00a0(DOU), as prefeituras podem solicitar o apoio do governo federal para a\u00e7\u00f5es [&hellip;]<\/p>\n","protected":false},"author":1,"featured_media":74134,"comment_status":"open","ping_status":"closed","sticky":false,"template":"","format":"standard","meta":{"amp_status":"","footnotes":""},"categories":[1236,120],"tags":[15952,2379,152599,1535,152604,152600,19329,5259,25472,152607,152608,152609,152610,152611,152612,152613,1395,152605,152601,59830,126226,131,20026,143835,102831,152603,3059,15362,15954,152602,1809,674,152606,152614,44238,75382,130952,152615,152616,130954,132381,206031,1814],"class_list":["post-117029","post","type-post","status-publish","format-standard","has-post-thumbnail","hentry","category-norte_de_minas","category-jequi","tag-amazonas","tag-bahia","tag-boca-do-acre","tag-buritizeiro","tag-campo-novo","tag-careiro-da-varzea","tag-diario-oficial-da-uniao","tag-divisa-alegre","tag-dou","tag-emergencia-em-buritizeiro","tag-emergencia-em-divisa-alegre","tag-emergencia-em-francisco-sa","tag-emergencia-em-pai-pedro","tag-emergencia-em-santa-fe-de-minas","tag-emergencia-em-santo-antonio-do-jacinto","tag-emergencia-em-verdelandia","tag-francisco-sa","tag-lagoao","tag-manaquiri","tag-mato-grosso","tag-medeiros-neto","tag-minas-gerais","tag-ministerio-da-integracao-nacional","tag-monte-alegre","tag-nossa-senhora-do-livramento","tag-obidos","tag-pai-pedro","tag-para","tag-rio-grande-do-sul","tag-salto-do-ceu","tag-santa-fe-de-minas","tag-santo-antonio-do-jacinto","tag-situacao-de-emergencia-e-reconhecida-em-mais-sete-municipios-do-norte-de-minas-e-vale-do-jequitinhonha","tag-situacao-de-emergencia-em-buritizeiro","tag-situacao-de-emergencia-em-divisa-alegre","tag-situacao-de-emergencia-em-francisco-sa","tag-situacao-de-emergencia-em-pai-pedro","tag-situacao-de-emergencia-em-santa-fe-de-minas","tag-situacao-de-emergencia-em-santo-antonio-do-jacinto","tag-situacao-de-emergencia-em-verdelandia","tag-tefe","tag-mucuri","tag-verdelandia"],"_links":{"self":[{"href":"https:\/\/aconteceunovale.com.br\/portal\/index.php?rest_route=\/wp\/v2\/posts\/117029","targetHints":{"allow":["GET"]}}],"collection":[{"href":"https:\/\/aconteceunovale.com.br\/portal\/index.php?rest_route=\/wp\/v2\/posts"}],"about":[{"href":"https:\/\/aconteceunovale.com.br\/portal\/index.php?rest_route=\/wp\/v2\/types\/post"}],"author":[{"embeddable":true,"href":"https:\/\/aconteceunovale.com.br\/portal\/index.php?rest_route=\/wp\/v2\/users\/1"}],"replies":[{"embeddable":true,"href":"https:\/\/aconteceunovale.com.br\/portal\/index.php?rest_route=%2Fwp%2Fv2%2Fcomments&post=117029"}],"version-history":[{"count":0,"href":"https:\/\/aconteceunovale.com.br\/portal\/index.php?rest_route=\/wp\/v2\/posts\/117029\/revisions"}],"wp:featuredmedia":[{"embeddable":true,"href":"https:\/\/aconteceunovale.com.br\/portal\/index.php?rest_route=\/wp\/v2\/media\/74134"}],"wp:attachment":[{"href":"https:\/\/aconteceunovale.com.br\/portal\/index.php?rest_route=%2Fwp%2Fv2%2Fmedia&parent=117029"}],"wp:term":[{"taxonomy":"category","embeddable":true,"href":"https:\/\/aconteceunovale.com.br\/portal\/index.php?rest_route=%2Fwp%2Fv2%2Fcategories&post=117029"},{"taxonomy":"post_tag","embeddable":true,"href":"https:\/\/aconteceunovale.com.br\/portal\/index.php?rest_route=%2Fwp%2Fv2%2Ftags&post=117029"}],"curies":[{"name":"wp","href":"https:\/\/api.w.org\/{rel}","templated":true}]}}