{"id":117027,"date":"2017-06-08T22:25:19","date_gmt":"2017-06-09T00:25:19","guid":{"rendered":"http:\/\/aconteceunovale.com.br\/portal\/?p=117027"},"modified":"2017-06-08T22:25:19","modified_gmt":"2017-06-09T00:25:19","slug":"ministerio-do-meio-ambiente-apoia-reconhecimento-do-peruacu-como-patrimonio-da-humanidade","status":"publish","type":"post","link":"https:\/\/aconteceunovale.com.br\/portal\/?p=117027","title":{"rendered":"Minist\u00e9rio do Meio Ambiente apoia reconhecimento do Perua\u00e7u como patrim\u00f4nio da humanidade"},"content":{"rendered":"<p>O reconhecimento pela Organiza\u00e7\u00e3o das Na\u00e7\u00f5es Unidas para a Educa\u00e7\u00e3o, a Ci\u00eancia e a Cultura (Unesco) do Parque Nacional Cavernas do Perua\u00e7u como patrim\u00f4nio da humanidade recebeu mais um importante apoio nesta quinta-feira (08\/06\/17).<\/p>\n<p>O Minist\u00e9rio do Meio Ambiente ratificou, por meio de um of\u00edcio, sua posi\u00e7\u00e3o favor\u00e1vel \u00e0 indica\u00e7\u00e3o da unidade de conserva\u00e7\u00e3o, localizada no Norte de Minas, como candidata brasileira \u00e0 titula\u00e7\u00e3o.<\/p>\n<p>\u00c9 o que informou a coordenadora regional do Instituto Chico Mendes de Conserva\u00e7\u00e3o da Biodiversidade (ICMBio), Carolina Fonseca, em audiencia p\u00fabica promovida pela Comiss\u00e3o de Assuntos Municipais e Regionaliza\u00e7\u00e3o da Assembleia Legislativa de Minas Gerais (ALMG) em Janu\u00e1ria, um dos tr\u00eas munic\u00edpios que abrigam os limites do parque. Os outros s\u00e3o Itacarambi e S\u00e3o Jo\u00e3o das Miss\u00f5es.<\/p>\n<p>O ICMBio \u00e9 o \u00f3rg\u00e3o governamental respons\u00e1vel pela gest\u00e3o da unidade, que possui 140 cavernas catalogadas e mais de 80 s\u00edtios arqueol\u00f3gicos registrados em uma \u00e1rea de 57 mil hectares. Pinturas rupestres de at\u00e9 11 mil anos e a diversidade da fauna e da flora local atraem a aten\u00e7\u00e3o de pesquisadores de todo o mundo.<\/p>\n<p>O potencial tur\u00edstico e cient\u00edfico do parque embasa uma campanha, lan\u00e7ada este ano, para o reconhecimento do Perua\u00e7u pela Unesco, com o envolvimento de ambientalistas e do poder p\u00fablico. Segundo o coordenador da Sociedade Brasileira de Espeleologia, Leonardo Giunco, um dos entusiastas do movimento, a chance de a unidade de conserva\u00e7\u00e3o ser congratulada com o selo de patrim\u00f4nio mundial \u00e9 real.<\/p>\n<p>Especialista que se dedica ao estudo de grutas e cavernas, ele relatou que estudiosos de renome, inclusive membros do conselho que concede a titula\u00e7\u00e3o, n\u00e3o entendem como o Brasil at\u00e9 hoje n\u00e3o encampou a candidatura do Perua\u00e7u.<\/p>\n<p>Al\u00e9m de contar com o apoio da comunidade cient\u00edfica, a unidade tem outro diferencial: a possibilidade de concorrer a um selo misto, de patrim\u00f4nio cultural e natural, mais raro.<\/p>\n<p>No entanto, cada pa\u00eds s\u00f3 pode inscrever um candidato por ano, e o parque sofre a concorr\u00eancia de locais mais famosos, como a cidade de Paraty (RJ) e os Len\u00e7\u00f3is Maranhenses. Ou seja, para Giunco, o maior desafio \u00e9 convencer o pr\u00f3prio Governo Federal, por meio do Minist\u00e9rio de Rela\u00e7\u00f5es Exteriores, a apostar no Parque do Perua\u00e7u.<\/p>\n<p>Outro obst\u00e1culo, ressaltado por Carolina Fonseca, do ICMBio, \u00e9 o complexo e caro dossi\u00ea t\u00e9cnico que precisa ser entregue \u00e0 Unesco. Ela relatou que v\u00e1rias candidaturas ficam pelo caminho por n\u00e3o conseguirem elaborar o documento nos padr\u00f5es exigidos.<\/p>\n<p><img decoding=\"async\" src=\"http:\/\/aconteceunovale.com.br\/portal\/wp-content\/uploads\/2017\/04\/caverna_peruacu_1.png\" alt=\"\" \/><em>Parque Nacional Caverna do Perua\u00e7u (Foto: Andr\u00e9 Dib\/Divulga\u00e7\u00e3o ICMBio)<\/em><br \/>\n<\/br><\/p>\n<p><strong>Reconhecimento colocaria a regi\u00e3o na rota do turismo mundial<\/strong><\/p>\n<p>Os deputados Paulo Guedes (PT), que solicitou a reuni\u00e3o, Carlos Pimenta (PDT) e Gil Pereira (PP) destacaram a import\u00e2ncia do selo de patrim\u00f4nio mundial da Unesco para o desenvolvimento da regi\u00e3o. \u201cEsse reconhecimento traz o turismo internacional e a gera\u00e7\u00e3o de emprego e renda para o Norte de Minas\u201d, salientou Paulo Guedes.<\/p>\n<p>Eles tamb\u00e9m lembraram que a infraestrutura das cidades que abrigam o parque precisa acompanhar o interesse pelo local, para atender a demanda que o turismo traria, e a necessidade de aproximar a popula\u00e7\u00e3o do Perua\u00e7u, uma vez que a visita\u00e7\u00e3o ao parque ainda n\u00e3o est\u00e1 aberta ao p\u00fablico.<\/p>\n<p>Com a finaliza\u00e7\u00e3o das obras de infraestrutura, que adequaram o Perua\u00e7u para o turismo, a abertura oficial do parque ao p\u00fablico ser\u00e1 no dia 27 de junho, conforme informou Carolina Fonseca, coordenadora do ICMBio.<\/p>\n<p>Tamb\u00e9m compareceram \u00e0 reuni\u00e3o e manifestaram seu apoio p\u00fablico \u00e0 candidatura da unidade de conserva\u00e7\u00e3o a prefeita de Itacarambi, N\u00edvea Maria, e os prefeitos de Janu\u00e1ria e S\u00e3o Jo\u00e3o das Miss\u00f5es, Marcelo F\u00e9lix e Z\u00e9 Nunes, respectivamente.<\/p>\n<p><strong>Requerimentos<\/strong> \u2013 Ao final da reuni\u00e3o, foram aprovados dois requeriementos relacionados ao tema abordado. Os deputados querem que os \u00f3rg\u00e3os ambientais competentes adotem as medidas necess\u00e1rias para que a indica\u00e7\u00e3o do Perua\u00e7u ao t\u00edtulo da Unesco seja viabilizada.<\/p>\n<p>Outra a\u00e7\u00e3o cobrada pelos parlamentares \u00e9 a inclus\u00e3o de um voo de Janu\u00e1ria a Belo Horizonte, com escala em Pirapora, na rota do programa Voe Minas Gerais, iniciativa do Executivo para integrar as diversas regi\u00f5es do Estado. Com o aumento do turismo esperado na regi\u00e3o, a nova rota tornaria o parque mais acess\u00edvel.<\/p>\n<p><strong>VER PRIMEIRO<\/strong><\/p>\n<p><strong>Receba as not\u00edcias do Aconteceu no Vale em primeira m\u00e3o. Clique em curtir no endere\u00e7o <a href=\"https:\/\/www.facebook.com\/aconteceunovale\" target=\"_blank\"><font color=\"red\">www.facebook.com\/aconteceunovale<\/font><\/a> ou no box abaixo:<\/strong><\/p>\n<div class=\"fb-like\" data-href=\"https:\/\/www.facebook.com\/aconteceunovale\" data-width=\"120\" data-layout=\"standard\" data-action=\"like\" data-size=\"small\" data-show-faces=\"true\" data-share=\"true\"><\/div>\n<p><\/br><\/p>\n<p><em>(Fonte: ALMG)<\/em><\/p>\n","protected":false},"excerpt":{"rendered":"<p>O reconhecimento pela Organiza\u00e7\u00e3o das Na\u00e7\u00f5es Unidas para a Educa\u00e7\u00e3o, a Ci\u00eancia e a Cultura (Unesco) do Parque Nacional Cavernas do Perua\u00e7u como patrim\u00f4nio da humanidade recebeu mais um importante apoio nesta quinta-feira (08\/06\/17). O Minist\u00e9rio do Meio Ambiente ratificou, por meio de um of\u00edcio, sua posi\u00e7\u00e3o favor\u00e1vel \u00e0 indica\u00e7\u00e3o da unidade de conserva\u00e7\u00e3o, localizada [&hellip;]<\/p>\n","protected":false},"author":1,"featured_media":112520,"comment_status":"open","ping_status":"closed","sticky":false,"template":"","format":"standard","meta":{"amp_status":"","footnotes":""},"categories":[28848,1236],"tags":[145670,145669,1018,145667,272,145668,152598,122061,145666,145665],"class_list":["post-117027","post","type-post","status-publish","format-standard","has-post-thumbnail","hentry","category-mundo","category-norte_de_minas","tag-campanha-busca-reconhecimento-de-parque-do-norte-de-minas-como-patrimonio-da-humanidade","tag-conselho-do-peruacu","tag-destaque","tag-iara-cordeiro","tag-idene","tag-instituto-do-norte-e-nordeste-de-minas","tag-ministerio-do-meio-ambiente-apoia-reconhecimento-do-peruacu-como-patrimonio-da-humanidade","tag-parque-nacional-cavernas-do-peruacu","tag-patrimonio-da-humanidade-para-o-parque-nacional-cavernas-do-peruacu","tag-reconhecimento-da-unesco-como-patrimonio-da-humanidade-para-o-parque-nacional-cavernas-do-peruacu"],"_links":{"self":[{"href":"https:\/\/aconteceunovale.com.br\/portal\/index.php?rest_route=\/wp\/v2\/posts\/117027","targetHints":{"allow":["GET"]}}],"collection":[{"href":"https:\/\/aconteceunovale.com.br\/portal\/index.php?rest_route=\/wp\/v2\/posts"}],"about":[{"href":"https:\/\/aconteceunovale.com.br\/portal\/index.php?rest_route=\/wp\/v2\/types\/post"}],"author":[{"embeddable":true,"href":"https:\/\/aconteceunovale.com.br\/portal\/index.php?rest_route=\/wp\/v2\/users\/1"}],"replies":[{"embeddable":true,"href":"https:\/\/aconteceunovale.com.br\/portal\/index.php?rest_route=%2Fwp%2Fv2%2Fcomments&post=117027"}],"version-history":[{"count":0,"href":"https:\/\/aconteceunovale.com.br\/portal\/index.php?rest_route=\/wp\/v2\/posts\/117027\/revisions"}],"wp:featuredmedia":[{"embeddable":true,"href":"https:\/\/aconteceunovale.com.br\/portal\/index.php?rest_route=\/wp\/v2\/media\/112520"}],"wp:attachment":[{"href":"https:\/\/aconteceunovale.com.br\/portal\/index.php?rest_route=%2Fwp%2Fv2%2Fmedia&parent=117027"}],"wp:term":[{"taxonomy":"category","embeddable":true,"href":"https:\/\/aconteceunovale.com.br\/portal\/index.php?rest_route=%2Fwp%2Fv2%2Fcategories&post=117027"},{"taxonomy":"post_tag","embeddable":true,"href":"https:\/\/aconteceunovale.com.br\/portal\/index.php?rest_route=%2Fwp%2Fv2%2Ftags&post=117027"}],"curies":[{"name":"wp","href":"https:\/\/api.w.org\/{rel}","templated":true}]}}