{"id":116926,"date":"2017-06-07T21:45:10","date_gmt":"2017-06-07T23:45:10","guid":{"rendered":"http:\/\/aconteceunovale.com.br\/portal\/?p=116926"},"modified":"2017-06-07T21:46:49","modified_gmt":"2017-06-07T23:46:49","slug":"reservatorio-que-abastece-montes-claros-esta-com-menos-de-30-da-capacidade","status":"publish","type":"post","link":"https:\/\/aconteceunovale.com.br\/portal\/?p=116926","title":{"rendered":"Reservat\u00f3rio que abastece Montes Claros est\u00e1 com menos de 30% da capacidade"},"content":{"rendered":"<p>A barragem de Juramento est\u00e1 com apenas 29,4% da sua capacidade, de acordo com a \u00faltima medi\u00e7\u00e3o, feita nessa ter\u00e7a-feira (06\/06\/2017). O dado foi fornecido pela Copasa e representa um alerta para o abastecimento de Montes Claros. Segundo a gerente regional da unidade, Monica Ladeia, o reservat\u00f3rio n\u00e3o recuperou a sua capacidade de abastecimento no \u00faltimo per\u00edodo chuvoso e a expectativa \u00e9 de que este volume atenda a cidade apenas at\u00e9 dezembro.<\/p>\n<p>Outras a\u00e7\u00f5es, como capta\u00e7\u00e3o superficial das \u00e1guas do Rio Pacu\u00ed e opera\u00e7\u00e3o de po\u00e7os artesianos, est\u00e3o em andamento, mas a popula\u00e7\u00e3o deve cooperar com o consumo respons\u00e1vel da \u00e1gua.<\/p>\n<p>O volume registrado em 31 de maio deste ano foi de 30,10%, praticamente a metade do registro no mesmo per\u00edodo do ano passado, quando o volume chegou a 58,67%. \u201cO per\u00edodo de chuvas foi cr\u00edtico. De novembro do ano passado at\u00e9 ontem [nessa ter\u00e7a-feira] choveu apenas 636 mil\u00edmetros, enquanto a expectativa, mediante uma m\u00e9dia j\u00e1 considerada em anos, seria de mil mil\u00edmetros\u201d, explica.<\/p>\n<p>De acordo com a gerente, est\u00e1 prevista a opera\u00e7\u00e3o de aproximadamente 30 po\u00e7os artesianos at\u00e9 outubro, per\u00edodo que antecede o in\u00edcio das chuvas; alguns po\u00e7os est\u00e3o em obras e outros em fase de licita\u00e7\u00e3o. H\u00e1 tamb\u00e9m, em andamento, uma obra de capta\u00e7\u00e3o superficial no Rio Pacu\u00ed, em Cora\u00e7\u00e3o de Jesus. A previs\u00e3o \u00e9 que a obra, desde a fase de licita\u00e7\u00e3o at\u00e9 a opera\u00e7\u00e3o plena, seja conclu\u00edda ainda no primeiro semestre de 2018.<\/p>\n<p>\u201cO investimento em obras, o monitoramento da barragem, a utiliza\u00e7\u00e3o legal dos po\u00e7os artesianos e a manuten\u00e7\u00e3o do rod\u00edzio s\u00e3o a\u00e7\u00f5es estrat\u00e9gicas para o abastecimento. Mas a popula\u00e7\u00e3o tem de ter consci\u00eancia que estamos em uma regi\u00e3o semi\u00e1rida, cujo consumo tem de ser moderado\u201d, orienta.<\/p>\n<p><img decoding=\"async\" src=\"http:\/\/aconteceunovale.com.br\/portal\/wp-content\/uploads\/2017\/06\/seca_moc_reservatorio_6.jpg\" alt=\"\" \/><em>Situa\u00e7\u00e3o cr\u00edtica de reservat\u00f3rio (Foto: Mauro Miranda Ferreira\/Reprodu\u00e7\u00e3o WhatsApp)<\/em><br \/>\n<\/br><\/p>\n<h3>Rod\u00edzio<\/h3>\n<p>Para garantir o fornecimento de \u00e1gua aos moradores desta cidade durante o per\u00edodo cr\u00edtico, a Copasa iniciou o rod\u00edzio, inclusive nas partes mais altas, como medida emergencial. Confira a tabela abaixo:<\/p>\n<p><img decoding=\"async\" alt=\"\" src=\"http:\/\/aconteceunovale.com.br\/portal\/wp-content\/uploads\/2017\/06\/rodizio_moc.gif\" \/><a href=\"http:\/\/www.copasa.com.br\/montesclaros\/images\/tabela-rodizio.gif\" target=\"_blank\">Tabela de rod\u00edzio divulgada pela Copasa <span style=\"color: #ff0000;\">(Clique aqui para ampliar)<\/span><\/a><br \/>\n<\/br><\/p>\n<p><strong>Regi\u00e3o 1<\/strong><\/p>\n<p>Bairros: S\u00e3o Jose, Alto S\u00e3o Jo\u00e3o, Vila Regina, Renascen\u00e7a, Conjuntos Habitacionais Tancredo Neves, Santa Cec\u00edlia e floresta, Alice Maia, Vila Exposi\u00e7\u00e3o, Centro, Todos os Santos I e II, Melo, Santo Ant\u00f4nio I e II, Conj. Hava\u00ed, Santos Reis, Vila S\u00e3o Francisco de Assis, Vila Ant\u00f4nio Narciso, Vila Nossa Senhora Aparecida, Vila \u00c1urea, Santa Eugenia, Eldorado, Vila Castelo Branco, Delfino Magalh\u00e3es, Santa Rafaela, Vila Telma, Vila Sion, Alto Da Boa Vista, Conj. Habit. Jose Carlos de Lima, Dr. Jo\u00e3o Alves, Maria C\u00e2ndida, Carmelo, Grande Independ\u00eancia e Adjacentes, Jardim S\u00e3o Geraldo II, Mangues, Condom\u00ednio Gran Royalle Pir\u00e2mide, Amazonas, Jardim Brasil, Santo Amaro, Conj. Habit. Alterosa II.<\/p>\n<p><strong>Regi\u00e3o 2<\/strong><\/p>\n<p>Bairros: Maracan\u00e3, Nossa Senhora das Gra\u00e7as, Conj. Habit. Jose Correia Machado, Ciro dos Anjos Conj. Habit. Joaquim Costa Vila Campos, Jardim Alvorada, Vila Sumar\u00e9, Dr. Ant\u00f4nio Pimenta, Nossa Senhora de F\u00e1tima, D. Greg\u00f3ria Vila Atl\u00e2ntida, Bela Vista, Jardim Panorama I e II, Vila Oliveira, Barcelona Park, Nova Morada, Edgar Pereira, Vila Jo\u00e3o Gordo, Cintra, Roxo Verde, Vila Ipiranga, Bairro de Lurdes, Vera Cruz, Esplanada, Santa Laura, Interlagos Monte Alegre, Alcides Rabelo, Monte Carmelo, Jardim Palmeiras, Santa Lucia I e II, Vila An\u00e1lia, Novo Delfino, Belvedere, Jardim Ol\u00edmpico, Residencial Sul Ip\u00eas.<\/p>\n<p><strong>Regi\u00e3o 3<\/strong><\/p>\n<p>Bairros: Parte alta Planalto, Universit\u00e1rio, Vilage do Lago II, Nova Am\u00e9rica, parte do Guaruj\u00e1, parte alta do Bairro Jardim Primavera, Jardim Alegre.<\/p>\n<p><strong>Regi\u00e3o 4<\/strong><\/p>\n<p>Bairros: Morrinhos, Morada Do Parque, Morada Da Serra, Jardim Liberdade, Augusta Mota, Parque Jardim Morada do Sol, Parte Alta Vila Guilhermina, Cidade Nova, Jardim S\u00e3o Geraldo, Major Prates, Santa Rita I e II e Parte Alta Do Sumar\u00e9, S\u00e3o Judas I e II Vila Greicy, Ciro dos Anjos, Conj. Habitacional Joaquim Costa.<\/p>\n<p><strong>Regi\u00e3o 5<\/strong><\/p>\n<p>Bairros: Morada do Sol, Santo Expedito, C\u00e2ndida C\u00e2mara, Funcion\u00e1rios, Ibituruna, Vila Guilhermina, Cidade Nova, Jardim S\u00e3o Luiz, Vila Santa Maria.<\/p>\n<p>A Copasa esclarece que o abastecimento nessas regi\u00f5es ser\u00e1 restabelecido de forma gradativa. Para outras informa\u00e7\u00f5es, d\u00favidas ou solicita\u00e7\u00e3o de servi\u00e7os, ligue 115, cuja chamada \u00e9 gratuita, ou v\u00e1 at\u00e9 a ag\u00eancia de atendimento ao cliente mais pr\u00f3xima de sua resid\u00eancia.<\/p>\n<h3>Economize \u00c1gua<\/h3>\n<p><img decoding=\"async\" src=\"http:\/\/aconteceunovale.com.br\/portal\/wp-content\/uploads\/2017\/06\/economize_agua_1.jpg\" alt=\"\" \/><\/p>\n<p><img decoding=\"async\" src=\"http:\/\/aconteceunovale.com.br\/portal\/wp-content\/uploads\/2017\/06\/economize_agua_2.jpg\" alt=\"\" \/><br \/>\n<\/br><\/p>\n<p><strong>VER PRIMEIRO<\/strong><\/p>\n<p>Receba as not\u00edcias do Aconteceu no Vale em primeira m\u00e3o. Clique em curtir no endere\u00e7o <a href=\"https:\/\/www.facebook.com\/aconteceunovale\" target=\"_blank\"><font color=\"red\">www.facebook.com\/aconteceunovale<\/font><\/a> ou no box abaixo:<\/p>\n<div class=\"fb-like\" data-href=\"https:\/\/www.facebook.com\/aconteceunovale\" data-width=\"120\" data-layout=\"standard\" data-action=\"like\" data-size=\"small\" data-show-faces=\"true\" data-share=\"true\"><\/div>\n<p><\/br><\/p>\n<p><em>(Com informa\u00e7\u00f5es do G1 Grande Minas e Copasa)<\/em><\/p>\n","protected":false},"excerpt":{"rendered":"<p>A barragem de Juramento est\u00e1 com apenas 29,4% da sua capacidade, de acordo com a \u00faltima medi\u00e7\u00e3o, feita nessa ter\u00e7a-feira (06\/06\/2017). O dado foi fornecido pela Copasa e representa um alerta para o abastecimento de Montes Claros. Segundo a gerente regional da unidade, Monica Ladeia, o reservat\u00f3rio n\u00e3o recuperou a sua capacidade de abastecimento no [&hellip;]<\/p>\n","protected":false},"author":1,"featured_media":116889,"comment_status":"open","ping_status":"closed","sticky":false,"template":"","format":"standard","meta":{"amp_status":"","footnotes":""},"categories":[1236],"tags":[65009,152376,148071,152379,1018,60874,62304,210,152377,65006,152422,152378,60875],"class_list":["post-116926","post","type-post","status-publish","format-standard","has-post-thumbnail","hentry","category-norte_de_minas","tag-abastecimento-de-agua-em-montes-claros","tag-com-baixo-nivel-dos-reservatorios","tag-copasa-em-montes-claros","tag-desabastecimento-de-agua-em-montes-claros","tag-destaque","tag-estiagem-em-montes-claros","tag-falta-de-agua-em-montes-claros","tag-montes-claros","tag-montes-claros-inicia-rodizio-de-agua","tag-racionamento-de-agua-em-montes-claros","tag-reservatorio-que-abastece-montes-claros-esta-com-menos-de-30-da-capacidade","tag-rodizio-de-agua-em-montes-claros","tag-seca-em-montes-claros"],"_links":{"self":[{"href":"https:\/\/aconteceunovale.com.br\/portal\/index.php?rest_route=\/wp\/v2\/posts\/116926","targetHints":{"allow":["GET"]}}],"collection":[{"href":"https:\/\/aconteceunovale.com.br\/portal\/index.php?rest_route=\/wp\/v2\/posts"}],"about":[{"href":"https:\/\/aconteceunovale.com.br\/portal\/index.php?rest_route=\/wp\/v2\/types\/post"}],"author":[{"embeddable":true,"href":"https:\/\/aconteceunovale.com.br\/portal\/index.php?rest_route=\/wp\/v2\/users\/1"}],"replies":[{"embeddable":true,"href":"https:\/\/aconteceunovale.com.br\/portal\/index.php?rest_route=%2Fwp%2Fv2%2Fcomments&post=116926"}],"version-history":[{"count":0,"href":"https:\/\/aconteceunovale.com.br\/portal\/index.php?rest_route=\/wp\/v2\/posts\/116926\/revisions"}],"wp:featuredmedia":[{"embeddable":true,"href":"https:\/\/aconteceunovale.com.br\/portal\/index.php?rest_route=\/wp\/v2\/media\/116889"}],"wp:attachment":[{"href":"https:\/\/aconteceunovale.com.br\/portal\/index.php?rest_route=%2Fwp%2Fv2%2Fmedia&parent=116926"}],"wp:term":[{"taxonomy":"category","embeddable":true,"href":"https:\/\/aconteceunovale.com.br\/portal\/index.php?rest_route=%2Fwp%2Fv2%2Fcategories&post=116926"},{"taxonomy":"post_tag","embeddable":true,"href":"https:\/\/aconteceunovale.com.br\/portal\/index.php?rest_route=%2Fwp%2Fv2%2Ftags&post=116926"}],"curies":[{"name":"wp","href":"https:\/\/api.w.org\/{rel}","templated":true}]}}