{"id":116900,"date":"2017-06-07T18:22:50","date_gmt":"2017-06-07T20:22:50","guid":{"rendered":"http:\/\/aconteceunovale.com.br\/portal\/?p=116900"},"modified":"2017-06-07T18:22:50","modified_gmt":"2017-06-07T20:22:50","slug":"superior-tribunal-de-justica-rejeita-denuncia-contra-governador-de-minas-gerais","status":"publish","type":"post","link":"https:\/\/aconteceunovale.com.br\/portal\/?p=116900","title":{"rendered":"Superior Tribunal de Justi\u00e7a rejeita den\u00fancia contra governador de Minas Gerais"},"content":{"rendered":"<p>O Superior Tribunal de Justi\u00e7a (STJ) rejeitou hoje (07\/06\/2017) den\u00fancia apresentada pelo Minist\u00e9rio P\u00fablico Federal (MPF) contra o governador de Minas Gerais, Fernando Pimentel.<\/p>\n<p>Por unanimidade, a Corte Especial do tribunal, respons\u00e1vel pelo julgamento de autoridades com foro privilegiado, entendeu que n\u00e3o h\u00e1 provas da participa\u00e7\u00e3o de Pimentel em irregularidades em uma licita\u00e7\u00e3o para compra de c\u00e2meras de seguran\u00e7a, no per\u00edodo em que ele foi prefeito de Belo Horizonte, em 2004. O colegiado seguiu voto proferido pelo relator, ministro Og Fernandes. A Corte Especial \u00e9 formada por 15 ministros.<\/p>\n<p>O julgamento da den\u00fancia foi retomado ap\u00f3s a decis\u00e3o do Supremo Tribunal Federal (STF) que, no m\u00eas passado, descartou a necessidade de autoriza\u00e7\u00e3o pr\u00e9via das assembleias legislativas para abrir a\u00e7\u00e3o penal contra governadores. Antes da decis\u00e3o, o STJ deveria aguardar decis\u00e3o dos deputados estaduais para iniciar o julgamento.<\/p>\n<p><strong>VER PRIMEIRO<\/strong><\/p>\n<p>Receba as not\u00edcias do Aconteceu no Vale em primeira m\u00e3o. Clique em curtir no endere\u00e7o <a href=\"https:\/\/www.facebook.com\/aconteceunovale\" target=\"_blank\"><font color=\"red\">www.facebook.com\/aconteceunovale<\/font><\/a> ou no box abaixo:<\/p>\n<div class=\"fb-like\" data-href=\"https:\/\/www.facebook.com\/aconteceunovale\" data-width=\"120\" data-layout=\"standard\" data-action=\"like\" data-size=\"small\" data-show-faces=\"true\" data-share=\"true\"><\/div>\n<p><\/br><\/p>\n<p><em>(Fonte: Ag\u00eancia Brasil)<\/em><\/p>\n","protected":false},"excerpt":{"rendered":"<p>O Superior Tribunal de Justi\u00e7a (STJ) rejeitou hoje (07\/06\/2017) den\u00fancia apresentada pelo Minist\u00e9rio P\u00fablico Federal (MPF) contra o governador de Minas Gerais, Fernando Pimentel. Por unanimidade, a Corte Especial do tribunal, respons\u00e1vel pelo julgamento de autoridades com foro privilegiado, entendeu que n\u00e3o h\u00e1 provas da participa\u00e7\u00e3o de Pimentel em irregularidades em uma licita\u00e7\u00e3o para compra [&hellip;]<\/p>\n","protected":false},"author":1,"featured_media":79916,"comment_status":"open","ping_status":"closed","sticky":false,"template":"","format":"standard","meta":{"amp_status":"","footnotes":""},"categories":[123,40240],"tags":[92521,152393,12826,17334,5667,18887,28511,61747,88250,152394],"class_list":["post-116900","post","type-post","status-publish","format-standard","has-post-thumbnail","hentry","category-gerais","category-politica-2","tag-denuncia-contra-governador-de-minas-gerais","tag-denuncia-contra-pimentel","tag-fernando-pimentel","tag-governador-de-minas-gerais","tag-ministerio-publico-federal","tag-mpf","tag-stf","tag-stj","tag-superior-tribunal-de-justica","tag-superior-tribunal-de-justica-rejeita-denuncia-contra-governador-de-minas-gerais"],"_links":{"self":[{"href":"https:\/\/aconteceunovale.com.br\/portal\/index.php?rest_route=\/wp\/v2\/posts\/116900","targetHints":{"allow":["GET"]}}],"collection":[{"href":"https:\/\/aconteceunovale.com.br\/portal\/index.php?rest_route=\/wp\/v2\/posts"}],"about":[{"href":"https:\/\/aconteceunovale.com.br\/portal\/index.php?rest_route=\/wp\/v2\/types\/post"}],"author":[{"embeddable":true,"href":"https:\/\/aconteceunovale.com.br\/portal\/index.php?rest_route=\/wp\/v2\/users\/1"}],"replies":[{"embeddable":true,"href":"https:\/\/aconteceunovale.com.br\/portal\/index.php?rest_route=%2Fwp%2Fv2%2Fcomments&post=116900"}],"version-history":[{"count":0,"href":"https:\/\/aconteceunovale.com.br\/portal\/index.php?rest_route=\/wp\/v2\/posts\/116900\/revisions"}],"wp:featuredmedia":[{"embeddable":true,"href":"https:\/\/aconteceunovale.com.br\/portal\/index.php?rest_route=\/wp\/v2\/media\/79916"}],"wp:attachment":[{"href":"https:\/\/aconteceunovale.com.br\/portal\/index.php?rest_route=%2Fwp%2Fv2%2Fmedia&parent=116900"}],"wp:term":[{"taxonomy":"category","embeddable":true,"href":"https:\/\/aconteceunovale.com.br\/portal\/index.php?rest_route=%2Fwp%2Fv2%2Fcategories&post=116900"},{"taxonomy":"post_tag","embeddable":true,"href":"https:\/\/aconteceunovale.com.br\/portal\/index.php?rest_route=%2Fwp%2Fv2%2Ftags&post=116900"}],"curies":[{"name":"wp","href":"https:\/\/api.w.org\/{rel}","templated":true}]}}