{"id":116892,"date":"2017-06-07T17:38:25","date_gmt":"2017-06-07T19:38:25","guid":{"rendered":"http:\/\/aconteceunovale.com.br\/portal\/?p=116892"},"modified":"2017-06-07T17:38:25","modified_gmt":"2017-06-07T19:38:25","slug":"governo-entrega-titulos-de-propriedade-rural-para-familias-de-teofilo-otoni-pote-e-frei-gaspar","status":"publish","type":"post","link":"https:\/\/aconteceunovale.com.br\/portal\/?p=116892","title":{"rendered":"Governo entrega t\u00edtulos de propriedade rural para fam\u00edlias de Te\u00f3filo Otoni, Pot\u00e9 e Frei Gaspar"},"content":{"rendered":"<p>O agricultor familiar Jos\u00e9 Louren\u00e7o Brito, 71 anos, vive h\u00e1 mais de 50 anos em uma comunidade rural em Top\u00e1zio, distrito de Te\u00f3filo Otoni, e s\u00f3 agora recebeu o t\u00edtulo de propriedade rural. \u201cPlanto feij\u00e3o e milho para minha sobreviv\u00eancia e estou muito satisfeito de receber esse documento, parece um sonho\u201d, afirmou.<\/p>\n<p>Jos\u00e9 Louren\u00e7o \u00e9 um dos 67 benefici\u00e1rios dos munic\u00edpios de Te\u00f3filo Otoni, Pot\u00e9 e Frei Gaspar, que receberam nesta quarta-feira (7\/7) o t\u00edtulo de posse durante solenidade na C\u00e2mara Municipal de Te\u00f3filo Otoni, no Territ\u00f3rio Mucuri.<\/p>\n<p>O evento \u00e9 mais uma a\u00e7\u00e3o do Governo de Minas Gerais, que por meio da Secretaria de Estado de Desenvolvimento Agr\u00e1rio (Seda) retomou o programa estadual de regulariza\u00e7\u00e3o fundi\u00e1ria rural. Em dois anos, mais de 1.000 t\u00edtulos j\u00e1 foram emitidos, mais de 4,9 mil propriedades foram medidas e 8.600 recadastramentos realizados, atendendo mais de 30% da demanda reprimida, desde a paralisa\u00e7\u00e3o do processo em 2011.<\/p>\n<p>O programa \u00e9 realizado em parceria com a Emater-MG, com a Federa\u00e7\u00e3o dos Trabalhadores Rurais de Minas Gerais (Fetaemg), com as prefeituras, c\u00e2maras municipais, cart\u00f3rios, Minist\u00e9rio P\u00fablico Estadual, entre outros.<\/p>\n<p><img decoding=\"async\" src=\"http:\/\/aconteceunovale.com.br\/portal\/wp-content\/uploads\/2017\/06\/titulo31.jpg\" alt=\"\" \/><em>Mais 67 agricultores receberam o t\u00edtulo de propriedade de terra (Divulga\u00e7\u00e3o\/Seda)<\/em><br \/>\n<\/br><\/p>\n<p><strong>Refer\u00eancia nacional<\/strong><\/p>\n<p>Segundo o secret\u00e1rio de Estado de Desenvolvimento Agr\u00e1rio, o trabalho do Governo de Minas Gerais \u00e9 refer\u00eancia para o Brasil. Al\u00e9m de realizar a regulariza\u00e7\u00e3o fundi\u00e1ria, a Seda j\u00e1 incluiu cerca de 5 mil \u00e1reas no Sistema de Gest\u00e3o Fundi\u00e1ria (Sigef), coordenado pelo Incra.<\/p>\n<p>\u201cIsso significa que, sem qualquer custo, o benefici\u00e1rio tem sua \u00e1rea mapeada e inclu\u00edda no sistema nacional, mesmo quando o terreno \u00e9 menor que 100 hectares, conforme prev\u00ea a legisla\u00e7\u00e3o. Ent\u00e3o, \u00e9 mais um passo \u00e0 frente que damos para fortalecer a agricultura familiar\u201d, disse Professor Neivaldo.<\/p>\n<p><strong>Cidadania no Campo<\/strong><\/p>\n<p>A regulariza\u00e7\u00e3o de terras rurais devolutas (sem registro) \u00e9 um importante fator para a solu\u00e7\u00e3o de conflitos sociais, garantia do direito \u00e0 terra e a melhoria da qualidade de vida de agricultores e agricultoras familiares, promovendo a cidadania no campo.<\/p>\n<p>Al\u00e9m da garantia da posse da terra, o benefici\u00e1rio passa a ter a possibilidade de acesso a v\u00e1rias linhas de cr\u00e9dito e de financiamento para o plantio, como o Programa Nacional da Agricultura Familiar (Pronaf).<\/p>\n<p>\u201cA regulariza\u00e7\u00e3o das terras rurais \u00e9 muito importante para o trabalhador rural e tamb\u00e9m para o munic\u00edpio, porque \u00e9 uma oportunidade de desenvolvimento econ\u00f4mico local\u201d, ressaltou o prefeito de Te\u00f3filo Otoni, Daniel Sucupira.<\/p>\n<p>Para o presidente da C\u00e2mara Municipal de Te\u00f3filo Otoni, F\u00e1bio Lemes, a a\u00e7\u00e3o do Governo de Minas Gerais tem que ser apoiada. \u201cEstamos em um dia de festa porque sabemos da import\u00e2ncia do t\u00edtulo para a vida do homem do campo\u201d, afirmou.<\/p>\n<p><strong>VER PRIMEIRO<\/strong><\/p>\n<p>Receba as not\u00edcias do Aconteceu no Vale em primeira m\u00e3o. Clique em curtir no endere\u00e7o <a href=\"https:\/\/www.facebook.com\/aconteceunovale\" target=\"_blank\"><font color=\"red\">www.facebook.com\/aconteceunovale<\/font><\/a> ou no box abaixo:<\/p>\n<div class=\"fb-like\" data-href=\"https:\/\/www.facebook.com\/aconteceunovale\" data-width=\"120\" data-layout=\"standard\" data-action=\"like\" data-size=\"small\" data-show-faces=\"true\" data-share=\"true\"><\/div>\n<p><\/br><\/p>\n<p><em>(Fonte: Ag\u00eancia Minas)<\/em><\/p>\n","protected":false},"excerpt":{"rendered":"<p>O agricultor familiar Jos\u00e9 Louren\u00e7o Brito, 71 anos, vive h\u00e1 mais de 50 anos em uma comunidade rural em Top\u00e1zio, distrito de Te\u00f3filo Otoni, e s\u00f3 agora recebeu o t\u00edtulo de propriedade rural. \u201cPlanto feij\u00e3o e milho para minha sobreviv\u00eancia e estou muito satisfeito de receber esse documento, parece um sonho\u201d, afirmou. Jos\u00e9 Louren\u00e7o \u00e9 [&hellip;]<\/p>\n","protected":false},"author":1,"featured_media":116893,"comment_status":"open","ping_status":"closed","sticky":false,"template":"","format":"standard","meta":{"amp_status":"","footnotes":""},"categories":[122],"tags":[27813,25775,152385,32797,3136,152382,152381,152383,152384,152380,3139,15767,55178,28394,42348,164,416],"class_list":["post-116892","post","type-post","status-publish","format-standard","has-post-thumbnail","hentry","category-mucuri","tag-daniel-sucupira","tag-emater-mg","tag-fabio-lemes","tag-fetaemg","tag-frei-gaspar","tag-governo-entrega-titulos-de-propriedade-rural-para-familias-de-pote-e-frei-gaspar","tag-governo-entrega-titulos-de-propriedade-rural-para-familias-de-teofilo-otoni-pote-e-frei-gaspar","tag-jose-lourenco-brito","tag-jose-lourenco-e-um-dos-67-beneficiarios-dos-municipios-de-teofilo-otoni","tag-mais-67-agricultores-receberam-o-titulo-de-propriedade-de-terra-no-territorio-mucuri","tag-pote","tag-prefeito-de-teofilo-otoni","tag-presidente-da-camara-municipal-de-teofilo-otoni","tag-secretaria-de-estado-de-desenvolvimento-agrario","tag-seda","tag-teofilo-otoni","tag-topazio"],"_links":{"self":[{"href":"https:\/\/aconteceunovale.com.br\/portal\/index.php?rest_route=\/wp\/v2\/posts\/116892","targetHints":{"allow":["GET"]}}],"collection":[{"href":"https:\/\/aconteceunovale.com.br\/portal\/index.php?rest_route=\/wp\/v2\/posts"}],"about":[{"href":"https:\/\/aconteceunovale.com.br\/portal\/index.php?rest_route=\/wp\/v2\/types\/post"}],"author":[{"embeddable":true,"href":"https:\/\/aconteceunovale.com.br\/portal\/index.php?rest_route=\/wp\/v2\/users\/1"}],"replies":[{"embeddable":true,"href":"https:\/\/aconteceunovale.com.br\/portal\/index.php?rest_route=%2Fwp%2Fv2%2Fcomments&post=116892"}],"version-history":[{"count":0,"href":"https:\/\/aconteceunovale.com.br\/portal\/index.php?rest_route=\/wp\/v2\/posts\/116892\/revisions"}],"wp:featuredmedia":[{"embeddable":true,"href":"https:\/\/aconteceunovale.com.br\/portal\/index.php?rest_route=\/wp\/v2\/media\/116893"}],"wp:attachment":[{"href":"https:\/\/aconteceunovale.com.br\/portal\/index.php?rest_route=%2Fwp%2Fv2%2Fmedia&parent=116892"}],"wp:term":[{"taxonomy":"category","embeddable":true,"href":"https:\/\/aconteceunovale.com.br\/portal\/index.php?rest_route=%2Fwp%2Fv2%2Fcategories&post=116892"},{"taxonomy":"post_tag","embeddable":true,"href":"https:\/\/aconteceunovale.com.br\/portal\/index.php?rest_route=%2Fwp%2Fv2%2Ftags&post=116892"}],"curies":[{"name":"wp","href":"https:\/\/api.w.org\/{rel}","templated":true}]}}