{"id":116878,"date":"2017-06-07T14:44:06","date_gmt":"2017-06-07T16:44:06","guid":{"rendered":"http:\/\/aconteceunovale.com.br\/portal\/?p=116878"},"modified":"2017-06-07T14:44:06","modified_gmt":"2017-06-07T16:44:06","slug":"com-baixo-nivel-dos-reservatorios-montes-claros-inicia-rodizio-de-agua","status":"publish","type":"post","link":"https:\/\/aconteceunovale.com.br\/portal\/?p=116878","title":{"rendered":"Com baixo n\u00edvel dos reservat\u00f3rios, Montes Claros inicia rod\u00edzio de \u00e1gua"},"content":{"rendered":"<p>A regi\u00e3o de Montes Claros n\u00e3o tem chuvas significativas desde mar\u00e7o de 2016, levando a um elevado risco de desabastecimento. A baixa de chuvas, o calor e evapora\u00e7\u00e3o reduziram o n\u00edvel no reservat\u00f3rio de Juramento, na capta\u00e7\u00e3o do c\u00f3rrego Pacu\u00ed e na barragem do c\u00f3rrego dos Porcos. A perfura\u00e7\u00e3o de cerca de 1200 po\u00e7os por particulares tamb\u00e9m ajudaram a piorar a situa\u00e7\u00e3o.<\/p>\n<p>A Copasa est\u00e1 na regi\u00e3o desde 1976 e conta com tr\u00eas sistemas produtores: Barragem Juramento, que bombeia \u00e1gua por 18 km at\u00e9 os reservat\u00f3rios da cidade; Morrinhos, composto por quatro capta\u00e7\u00f5es superficiais; Os po\u00e7os profundos, que historicamente eram acionados apenas em situa\u00e7\u00f5es emergenciais, t\u00eam sido constantemente utilizados desde 2015.<\/p>\n<p><img decoding=\"async\" src=\"http:\/\/aconteceunovale.com.br\/portal\/wp-content\/uploads\/2017\/06\/seca_moc_reservatorio_1.jpg\" alt=\"\" \/><em>Situa\u00e7\u00e3o cr\u00edtica de reservat\u00f3rio (Foto: Mauro Miranda Ferreira\/Reprodu\u00e7\u00e3o WhatsApp)<\/em><br \/>\n<\/br><\/p>\n<p>A empresa destaca as obras de amplia\u00e7\u00e3o da ETA Verde Grande, a amplia\u00e7\u00e3o do sistema de distribui\u00e7\u00e3o de \u00e1gua (renova\u00e7\u00e3o de redes, constru\u00e7\u00e3o de novo reservat\u00f3rio, dentre outras melhorias). A Copasa afirma tamb\u00e9m que est\u00e1 ampliando a Esta\u00e7\u00e3o de Tratamento de Esgotos (ETE), aumentado a sua capacidade em 25% e implantando um moderno aterro sanit\u00e1rio.<\/p>\n<p>Mas, apesar de todo o trabalho, o rod\u00edzio de \u00e1gua ainda \u00e9 necess\u00e1rio. Para garantir o fornecimento de \u00e1gua aos moradores desta cidade durante o per\u00edodo cr\u00edtico, a Copasa iniciou o rod\u00edzio, inclusive nas partes mais altas, como medida emergencial. Confira a tabela abaixo:<\/p>\n<p><img decoding=\"async\" alt=\"\" src=\"http:\/\/aconteceunovale.com.br\/portal\/wp-content\/uploads\/2017\/06\/rodizio_moc.gif\" \/><a href=\"http:\/\/www.copasa.com.br\/montesclaros\/images\/tabela-rodizio.gif\" target=\"_blank\">Tabela de rod\u00edzio divulgada pela Copasa <span style=\"color: #ff0000;\">(Clique aqui para ampliar)<\/span><\/a><br \/>\n<\/br><\/p>\n<p><strong>Regi\u00e3o 1<\/strong><\/p>\n<p>Bairros: S\u00e3o Jose, Alto S\u00e3o Jo\u00e3o, Vila Regina, Renascen\u00e7a, Conjuntos Habitacionais Tancredo Neves, Santa Cec\u00edlia e floresta, Alice Maia, Vila Exposi\u00e7\u00e3o, Centro, Todos os Santos I e II, Melo, Santo Ant\u00f4nio I e II, Conj. Hava\u00ed, Santos Reis, Vila S\u00e3o Francisco de Assis, Vila Ant\u00f4nio Narciso, Vila Nossa Senhora Aparecida, Vila \u00c1urea, Santa Eugenia, Eldorado, Vila Castelo Branco, Delfino Magalh\u00e3es, Santa Rafaela, Vila Telma, Vila Sion, Alto Da Boa Vista, Conj. Habit. Jose Carlos de Lima, Dr. Jo\u00e3o Alves, Maria C\u00e2ndida, Carmelo, Grande Independ\u00eancia e Adjacentes, Jardim S\u00e3o Geraldo II, Mangues, Condom\u00ednio Gran Royalle Pir\u00e2mide, Amazonas, Jardim Brasil, Santo Amaro, Conj. Habit. Alterosa II.<\/p>\n<p><strong>Regi\u00e3o 2<\/strong><\/p>\n<p>Bairros: Maracan\u00e3, Nossa Senhora das Gra\u00e7as, Conj. Habit. Jose Correia Machado, Ciro dos Anjos Conj. Habit. Joaquim Costa Vila Campos, Jardim Alvorada, Vila Sumar\u00e9, Dr. Ant\u00f4nio Pimenta, Nossa Senhora de F\u00e1tima, D. Greg\u00f3ria Vila Atl\u00e2ntida, Bela Vista, Jardim Panorama I e II, Vila Oliveira, Barcelona Park, Nova Morada, Edgar Pereira, Vila Jo\u00e3o Gordo, Cintra, Roxo Verde, Vila Ipiranga, Bairro de Lurdes, Vera Cruz, Esplanada, Santa Laura, Interlagos Monte Alegre, Alcides Rabelo, Monte Carmelo, Jardim Palmeiras, Santa Lucia I e II, Vila An\u00e1lia, Novo Delfino, Belvedere, Jardim Ol\u00edmpico, Residencial Sul Ip\u00eas.<\/p>\n<p><strong>Regi\u00e3o 3<\/strong><\/p>\n<p>Bairros: Parte alta Planalto, Universit\u00e1rio, Vilage do Lago II, Nova Am\u00e9rica, parte do Guaruj\u00e1, parte alta do Bairro Jardim Primavera, Jardim Alegre.<\/p>\n<p><strong>Regi\u00e3o 4<\/strong><\/p>\n<p>Bairros: Morrinhos, Morada Do Parque, Morada Da Serra, Jardim Liberdade, Augusta Mota, Parque Jardim Morada do Sol, Parte Alta Vila Guilhermina, Cidade Nova, Jardim S\u00e3o Geraldo, Major Prates, Santa Rita I e II e Parte Alta Do Sumar\u00e9, S\u00e3o Judas I e II Vila Greicy, Ciro dos Anjos, Conj. Habitacional Joaquim Costa.<\/p>\n<p><strong>Regi\u00e3o 5<\/strong><\/p>\n<p>Bairros: Morada do Sol, Santo Expedito, C\u00e2ndida C\u00e2mara, Funcion\u00e1rios, Ibituruna, Vila Guilhermina, Cidade Nova, Jardim S\u00e3o Luiz, Vila Santa Maria.<\/p>\n<p>A Copasa esclarece que o abastecimento nessas regi\u00f5es ser\u00e1 restabelecido de forma gradativa. Para outras informa\u00e7\u00f5es, d\u00favidas ou solicita\u00e7\u00e3o de servi\u00e7os, ligue 115, cuja chamada \u00e9 gratuita, ou v\u00e1 at\u00e9 a ag\u00eancia de atendimento ao cliente mais pr\u00f3xima de sua resid\u00eancia.<\/p>\n<h3>Economize \u00c1gua<\/h3>\n<p><img decoding=\"async\" src=\"http:\/\/aconteceunovale.com.br\/portal\/wp-content\/uploads\/2017\/06\/economize_agua_1.jpg\" alt=\"\" \/><\/p>\n<p><img decoding=\"async\" src=\"http:\/\/aconteceunovale.com.br\/portal\/wp-content\/uploads\/2017\/06\/economize_agua_2.jpg\" alt=\"\" \/><\/p>\n<p><strong>Fotos<\/strong><\/p>\n<p><img decoding=\"async\" src=\"http:\/\/aconteceunovale.com.br\/portal\/wp-content\/uploads\/2017\/06\/seca_moc_reservatorio_2.jpg\" alt=\"\" \/><em>Situa\u00e7\u00e3o cr\u00edtica de reservat\u00f3rio (Foto: Mauro Miranda Ferreira\/Reprodu\u00e7\u00e3o WhatsApp)<\/em><br \/>\n<\/br><\/p>\n<p><img decoding=\"async\" src=\"http:\/\/aconteceunovale.com.br\/portal\/wp-content\/uploads\/2017\/06\/seca_moc_reservatorio_3.jpg\" alt=\"\" \/><em>Situa\u00e7\u00e3o cr\u00edtica de reservat\u00f3rio (Foto: Mauro Miranda Ferreira\/Reprodu\u00e7\u00e3o WhatsApp)<\/em><br \/>\n<\/br><\/p>\n<p><img decoding=\"async\" src=\"http:\/\/aconteceunovale.com.br\/portal\/wp-content\/uploads\/2017\/06\/seca_moc_reservatorio_4.jpg\" alt=\"\" \/><em>Situa\u00e7\u00e3o cr\u00edtica de reservat\u00f3rio (Foto: Mauro Miranda Ferreira\/Reprodu\u00e7\u00e3o WhatsApp)<\/em><br \/>\n<\/br><\/p>\n<p><img decoding=\"async\" src=\"http:\/\/aconteceunovale.com.br\/portal\/wp-content\/uploads\/2017\/06\/seca_moc_reservatorio_5.jpg\" alt=\"\" \/><em>Situa\u00e7\u00e3o cr\u00edtica de reservat\u00f3rio (Foto: Mauro Miranda Ferreira\/Reprodu\u00e7\u00e3o WhatsApp)<\/em><br \/>\n<\/br><\/p>\n<p><img decoding=\"async\" src=\"http:\/\/aconteceunovale.com.br\/portal\/wp-content\/uploads\/2017\/06\/seca_moc_reservatorio_6.jpg\" alt=\"\" \/><em>Situa\u00e7\u00e3o cr\u00edtica de reservat\u00f3rio (Foto: Mauro Miranda Ferreira\/Reprodu\u00e7\u00e3o WhatsApp)<\/em><br \/>\n<\/br><\/p>\n<p><img decoding=\"async\" src=\"http:\/\/aconteceunovale.com.br\/portal\/wp-content\/uploads\/2017\/06\/seca_moc_reservatorio_7.jpg\" alt=\"\" \/><em>Situa\u00e7\u00e3o cr\u00edtica de reservat\u00f3rio (Foto: Mauro Miranda Ferreira\/Reprodu\u00e7\u00e3o WhatsApp)<\/em><br \/>\n<\/br><\/p>\n<p><strong>VER PRIMEIRO<\/strong><\/p>\n<p>Receba as not\u00edcias do Aconteceu no Vale em primeira m\u00e3o. Clique em curtir no endere\u00e7o <a href=\"https:\/\/www.facebook.com\/aconteceunovale\" target=\"_blank\"><font color=\"red\">www.facebook.com\/aconteceunovale<\/font><\/a> ou no box abaixo:<\/p>\n<div class=\"fb-like\" data-href=\"https:\/\/www.facebook.com\/aconteceunovale\" data-width=\"120\" data-layout=\"standard\" data-action=\"like\" data-size=\"small\" data-show-faces=\"true\" data-share=\"true\"><\/div>\n<p><\/br><\/p>\n","protected":false},"excerpt":{"rendered":"<p>A regi\u00e3o de Montes Claros n\u00e3o tem chuvas significativas desde mar\u00e7o de 2016, levando a um elevado risco de desabastecimento. A baixa de chuvas, o calor e evapora\u00e7\u00e3o reduziram o n\u00edvel no reservat\u00f3rio de Juramento, na capta\u00e7\u00e3o do c\u00f3rrego Pacu\u00ed e na barragem do c\u00f3rrego dos Porcos. A perfura\u00e7\u00e3o de cerca de 1200 po\u00e7os por [&hellip;]<\/p>\n","protected":false},"author":1,"featured_media":116889,"comment_status":"open","ping_status":"closed","sticky":false,"template":"","format":"standard","meta":{"amp_status":"","footnotes":""},"categories":[1236],"tags":[65009,152376,148071,152379,1018,60874,62304,210,152377,65006,152378,60875],"class_list":["post-116878","post","type-post","status-publish","format-standard","has-post-thumbnail","hentry","category-norte_de_minas","tag-abastecimento-de-agua-em-montes-claros","tag-com-baixo-nivel-dos-reservatorios","tag-copasa-em-montes-claros","tag-desabastecimento-de-agua-em-montes-claros","tag-destaque","tag-estiagem-em-montes-claros","tag-falta-de-agua-em-montes-claros","tag-montes-claros","tag-montes-claros-inicia-rodizio-de-agua","tag-racionamento-de-agua-em-montes-claros","tag-rodizio-de-agua-em-montes-claros","tag-seca-em-montes-claros"],"_links":{"self":[{"href":"https:\/\/aconteceunovale.com.br\/portal\/index.php?rest_route=\/wp\/v2\/posts\/116878","targetHints":{"allow":["GET"]}}],"collection":[{"href":"https:\/\/aconteceunovale.com.br\/portal\/index.php?rest_route=\/wp\/v2\/posts"}],"about":[{"href":"https:\/\/aconteceunovale.com.br\/portal\/index.php?rest_route=\/wp\/v2\/types\/post"}],"author":[{"embeddable":true,"href":"https:\/\/aconteceunovale.com.br\/portal\/index.php?rest_route=\/wp\/v2\/users\/1"}],"replies":[{"embeddable":true,"href":"https:\/\/aconteceunovale.com.br\/portal\/index.php?rest_route=%2Fwp%2Fv2%2Fcomments&post=116878"}],"version-history":[{"count":0,"href":"https:\/\/aconteceunovale.com.br\/portal\/index.php?rest_route=\/wp\/v2\/posts\/116878\/revisions"}],"wp:featuredmedia":[{"embeddable":true,"href":"https:\/\/aconteceunovale.com.br\/portal\/index.php?rest_route=\/wp\/v2\/media\/116889"}],"wp:attachment":[{"href":"https:\/\/aconteceunovale.com.br\/portal\/index.php?rest_route=%2Fwp%2Fv2%2Fmedia&parent=116878"}],"wp:term":[{"taxonomy":"category","embeddable":true,"href":"https:\/\/aconteceunovale.com.br\/portal\/index.php?rest_route=%2Fwp%2Fv2%2Fcategories&post=116878"},{"taxonomy":"post_tag","embeddable":true,"href":"https:\/\/aconteceunovale.com.br\/portal\/index.php?rest_route=%2Fwp%2Fv2%2Ftags&post=116878"}],"curies":[{"name":"wp","href":"https:\/\/api.w.org\/{rel}","templated":true}]}}