{"id":116840,"date":"2017-06-06T23:57:15","date_gmt":"2017-06-07T01:57:15","guid":{"rendered":"http:\/\/aconteceunovale.com.br\/portal\/?p=116840"},"modified":"2017-06-06T23:57:15","modified_gmt":"2017-06-07T01:57:15","slug":"homem-e-preso-por-estelionato-em-montes-claros","status":"publish","type":"post","link":"https:\/\/aconteceunovale.com.br\/portal\/?p=116840","title":{"rendered":"Homem \u00e9 preso por estelionato em Montes Claros"},"content":{"rendered":"<p>Um homem de 35 anos foi preso por estelionato e falsifica\u00e7\u00e3o de documentos, em Montes Claros, nessa segunda-feira (05\/06\/2017). De acordo com informa\u00e7\u00f5es da Pol\u00edcia Civil, ele usou c\u00f3pia de documentos de uma empresa que estava \u00e0 venda para abrir uma conta jur\u00eddica e solicitar uma m\u00e1quina de vendas por cart\u00e3o. O propriet\u00e1rio da loja desconfiou do golpe depois que recebeu uma \u2018maquininha de cart\u00f5es\u2019 sem ter feito solicita\u00e7\u00e3o.<\/p>\n<p>O comerciante contou \u00e0 pol\u00edcia que anunciou a venda da empresa de pe\u00e7as de motocicletas em um site de neg\u00f3cios. Em seguida, recebeu a visita do suspeito se mostrando interessado na compra. Durante as negocia\u00e7\u00f5es, ele pediu c\u00f3pias dos documentos para checar poss\u00edveis impedimentos.<\/p>\n<p>De acordo com a Pol\u00edcia Civil, em um dos documentos apresentados ao banco constava o endere\u00e7o dele; a inten\u00e7\u00e3o era de receber diretamente a m\u00e1quina de cart\u00f5es. Na casa do estelionat\u00e1rio, os policiais apreenderam diversas folhas de cheques e documentos de RG e CPF com ind\u00edcios de falsifica\u00e7\u00e3o. Um dos cheques apreendidos estava preenchido no valor de R$ 1 mil pronto para ser usado. O homem foi levado para o Pres\u00eddio Regional de Montes Claros na madrugada desta ter\u00e7a-feira (6).<\/p>\n<p><img decoding=\"async\" src=\"http:\/\/aconteceunovale.com.br\/portal\/wp-content\/uploads\/2017\/06\/preso_estelionato_moc.jpg\" alt=\"\" \/><em>Material apreendido pela pol\u00edcia (Foto: Reprodu\u00e7\u00e3o\/MOC Alerta)<\/em><br \/>\n<\/br><\/p>\n<h4>Sai de pres\u00eddio e ap\u00f3s 10 horas, \u00e9 preso por furto<\/h4>\n<p>Um homem de 25 anos foi preso 10 horas ap\u00f3s deixar o pres\u00eddio em Montes Claros. A ocorr\u00eancia foi registrada na madrugada desta ter\u00e7a-feira (6), no Bairro Planalto. Segundo a Pol\u00edcia Militar, ele furtou uma impressora de um escrit\u00f3rio na Avenida Osmane Barbosa; um vizinho percebeu o crime e com a ajuda de pessoas que passavam no local, conseguiu deter o homem at\u00e9 a chegada de uma viatura que estava nas proximidades.<\/p>\n<p>Ainda de acordo com a pol\u00edcia, possivelmente o suspeito conseguiu entrar no escrit\u00f3rio usando uma chave micha que n\u00e3o foi localizada. Com ele, os militares localizaram a impressora furtada e o alvar\u00e1 de soltura. A pol\u00edcia n\u00e3o informou por qual crime o homem estava preso. Ele foi conduzido \u00e0 delegacia.<\/p>\n<h4>Presos por venda\/compra de droga atrav\u00e9s de aplicativo<\/h4>\n<p>Dois homens, de 18 e 20 anos, foram presos suspeitos de traficarem drogas na regi\u00e3o do Bairro Santos Reis, em Montes Claros, na madrugada desta ter\u00e7a-feira (6). Na casa do suspeito mais novo, a PM apreendeu uma arma e nove papelotes de coca\u00edna. Ao verificar o celular dele, a pol\u00edcia encontrou v\u00e1rias conversas em um aplicativo sobre a venda de drogas.<\/p>\n<p>Em seguida, os militares fizeram rastreamento e encontraram o autor de 20 anos, que era mencionado nas conversas. Com ele, foram apreendidos pedras de crack. Os dois suspeitos foram encaminhados \u00e0 delegacia, juntamente com o material.<\/p>\n<p><img decoding=\"async\" src=\"http:\/\/aconteceunovale.com.br\/portal\/wp-content\/uploads\/2017\/06\/app_drogas_moc.jpg\" alt=\"\" \/><em>Material apreendido no Bairro Santos Reis (Foto: Pol\u00edcia Militar\/Divulga\u00e7\u00e3o)<\/em><br \/>\n<\/br><\/p>\n<p><strong>VER PRIMEIRO<\/strong><\/p>\n<p>Receba as not\u00edcias do Aconteceu no Vale em primeira m\u00e3o. Clique em curtir no endere\u00e7o <a href=\"https:\/\/www.facebook.com\/aconteceunovale\" target=\"_blank\"><font color=\"red\">www.facebook.com\/aconteceunovale<\/font><\/a> ou no box abaixo:<\/p>\n<div class=\"fb-like\" data-href=\"https:\/\/www.facebook.com\/aconteceunovale\" data-width=\"120\" data-layout=\"standard\" data-action=\"like\" data-size=\"small\" data-show-faces=\"true\" data-share=\"true\"><\/div>\n<p><\/br><\/p>\n<p><em>(Fonte: G1 Grande Minas)<\/em><\/p>\n","protected":false},"excerpt":{"rendered":"<p>Um homem de 35 anos foi preso por estelionato e falsifica\u00e7\u00e3o de documentos, em Montes Claros, nessa segunda-feira (05\/06\/2017). De acordo com informa\u00e7\u00f5es da Pol\u00edcia Civil, ele usou c\u00f3pia de documentos de uma empresa que estava \u00e0 venda para abrir uma conta jur\u00eddica e solicitar uma m\u00e1quina de vendas por cart\u00e3o. O propriet\u00e1rio da loja [&hellip;]<\/p>\n","protected":false},"author":1,"featured_media":116841,"comment_status":"open","ping_status":"closed","sticky":false,"template":"","format":"standard","meta":{"amp_status":"","footnotes":""},"categories":[1236],"tags":[84150,113757,122236,152320,152318,210,152321,152322,66614,152319,2549],"class_list":["post-116840","post","type-post","status-publish","format-standard","has-post-thumbnail","hentry","category-norte_de_minas","tag-apreensao-de-drogas-em-montes-claros","tag-estelionatario-preso-em-montes-claros","tag-estelionato-em-montes-claros","tag-golpista-preso-em-montes-claros","tag-homem-e-preso-por-estelionato-em-montes-claros","tag-montes-claros","tag-preso-apos-combinar-venda-de-drogas-em-aplicativo","tag-preso-apos-combinar-venda-de-drogas-em-aplicativo-em-montes-claros","tag-preso-em-montes-claros","tag-preso-por-golpe-em-montes-claros","tag-trafico-de-drogas-em-montes-claros"],"_links":{"self":[{"href":"https:\/\/aconteceunovale.com.br\/portal\/index.php?rest_route=\/wp\/v2\/posts\/116840","targetHints":{"allow":["GET"]}}],"collection":[{"href":"https:\/\/aconteceunovale.com.br\/portal\/index.php?rest_route=\/wp\/v2\/posts"}],"about":[{"href":"https:\/\/aconteceunovale.com.br\/portal\/index.php?rest_route=\/wp\/v2\/types\/post"}],"author":[{"embeddable":true,"href":"https:\/\/aconteceunovale.com.br\/portal\/index.php?rest_route=\/wp\/v2\/users\/1"}],"replies":[{"embeddable":true,"href":"https:\/\/aconteceunovale.com.br\/portal\/index.php?rest_route=%2Fwp%2Fv2%2Fcomments&post=116840"}],"version-history":[{"count":0,"href":"https:\/\/aconteceunovale.com.br\/portal\/index.php?rest_route=\/wp\/v2\/posts\/116840\/revisions"}],"wp:featuredmedia":[{"embeddable":true,"href":"https:\/\/aconteceunovale.com.br\/portal\/index.php?rest_route=\/wp\/v2\/media\/116841"}],"wp:attachment":[{"href":"https:\/\/aconteceunovale.com.br\/portal\/index.php?rest_route=%2Fwp%2Fv2%2Fmedia&parent=116840"}],"wp:term":[{"taxonomy":"category","embeddable":true,"href":"https:\/\/aconteceunovale.com.br\/portal\/index.php?rest_route=%2Fwp%2Fv2%2Fcategories&post=116840"},{"taxonomy":"post_tag","embeddable":true,"href":"https:\/\/aconteceunovale.com.br\/portal\/index.php?rest_route=%2Fwp%2Fv2%2Ftags&post=116840"}],"curies":[{"name":"wp","href":"https:\/\/api.w.org\/{rel}","templated":true}]}}