{"id":116834,"date":"2017-06-06T23:21:06","date_gmt":"2017-06-07T01:21:06","guid":{"rendered":"http:\/\/aconteceunovale.com.br\/portal\/?p=116834"},"modified":"2017-06-06T23:21:06","modified_gmt":"2017-06-07T01:21:06","slug":"partes-de-ossada-humana-sao-encontradas-no-municipio-de-janauba","status":"publish","type":"post","link":"https:\/\/aconteceunovale.com.br\/portal\/?p=116834","title":{"rendered":"Partes de ossada humana s\u00e3o encontradas no munic\u00edpio de Jana\u00faba"},"content":{"rendered":"<p>Partes de uma ossada humana foram encontradas, nessa segunda-feira (05\/06\/2017), \u00e0s margens da AMG-900, em Jana\u00faba (MG). De acordo com a Pol\u00edcia Militar (PM), os restos mortais foram localizados ap\u00f3s den\u00fancias an\u00f4nimas. A \u00e1rea foi isolada para o trabalho da per\u00edcia, que encaminhou o material recolhido para o Instituto M\u00e9dico Legal (IML).<\/p>\n<p>Ainda segundo a PM, a ossada foi localizada em um local conhecido como Bico da Pedra. A Pol\u00edcia Civil ir\u00e1 investigar o caso.<\/p>\n<h4>Homem de 46 anos morto a tiros em Porteirinha<\/h4>\n<p>Em Porteirinha, um homem de 46 anos foi encontrado morto nessa segunda-feira durante patrulhamento da Pol\u00edcia Militar no Bairro Cidade Alta. De acordo com a PM, a v\u00edtima Jos\u00e9 Carlos de Oliveira era conhecida pelo envolvimento com o tr\u00e1fico de drogas na regi\u00e3o e estava com dois ferimentos de armas de fogo. At\u00e9 o momento ningu\u00e9m foi preso.<\/p>\n<p>Para a pol\u00edcia, testemunhas apontaram a participa\u00e7\u00e3o de tr\u00eas suspeitos no homic\u00eddio. Na casa de um deles, os militares apreenderam tr\u00eas balan\u00e7as, tabletes de maconha, pinos vazios e outros materiais usados no tr\u00e1fico de drogas.<\/p>\n<p><strong>VER PRIMEIRO<\/strong><\/p>\n<p>Receba as not\u00edcias do Aconteceu no Vale em primeira m\u00e3o. Clique em curtir no endere\u00e7o <a href=\"https:\/\/www.facebook.com\/aconteceunovale\" target=\"_blank\"><font color=\"red\">www.facebook.com\/aconteceunovale<\/font><\/a> ou no box abaixo:<\/p>\n<div class=\"fb-like\" data-href=\"https:\/\/www.facebook.com\/aconteceunovale\" data-width=\"120\" data-layout=\"standard\" data-action=\"like\" data-size=\"small\" data-show-faces=\"true\" data-share=\"true\"><\/div>\n<p><\/br><\/p>\n<p><em>(Com informa\u00e7\u00f5es do G1 Grande Minas)<\/em><\/p>\n","protected":false},"excerpt":{"rendered":"<p>Partes de uma ossada humana foram encontradas, nessa segunda-feira (05\/06\/2017), \u00e0s margens da AMG-900, em Jana\u00faba (MG). De acordo com a Pol\u00edcia Militar (PM), os restos mortais foram localizados ap\u00f3s den\u00fancias an\u00f4nimas. A \u00e1rea foi isolada para o trabalho da per\u00edcia, que encaminhou o material recolhido para o Instituto M\u00e9dico Legal (IML). Ainda segundo a [&hellip;]<\/p>\n","protected":false},"author":1,"featured_media":71442,"comment_status":"open","ping_status":"closed","sticky":false,"template":"","format":"standard","meta":{"amp_status":"","footnotes":""},"categories":[1236],"tags":[63359,152309,152307,152308,63358,204,67010,63362,152310,152311,152312,1194],"class_list":["post-116834","post","type-post","status-publish","format-standard","has-post-thumbnail","hentry","category-norte_de_minas","tag-assassinato-em-porteirinha","tag-corpo-encontrado-em-janauba","tag-homem-de-46-anos-morto-a-tiros-em-porteirinha","tag-homem-morto-em-porteirinha","tag-homicidio-em-porteirinha","tag-janauba","tag-jose-carlos-de-oliveira","tag-morte-em-porteirinha","tag-ossada-encontrada-em-janauba","tag-ossada-humana-encontrada-em-janauba","tag-partes-de-ossada-humana-sao-encontradas-no-municipio-de-janauba","tag-porteirinha"],"yoast_head":"<!-- This site is optimized with the Yoast SEO plugin v28.3 - https:\/\/yoast.com\/product\/yoast-seo-wordpress\/ -->\n<title>Partes de ossada humana s\u00e3o encontradas no munic\u00edpio de Jana\u00faba - Aconteceu no Vale<\/title>\n<meta name=\"robots\" content=\"index, follow, max-snippet:-1, max-image-preview:large, max-video-preview:-1\" \/>\n<link rel=\"canonical\" href=\"https:\/\/aconteceunovale.com.br\/portal\/?p=116834\" \/>\n<meta property=\"og:locale\" content=\"pt_BR\" \/>\n<meta property=\"og:type\" content=\"article\" \/>\n<meta property=\"og:title\" content=\"Partes de ossada humana s\u00e3o encontradas no munic\u00edpio de Jana\u00faba - Aconteceu no Vale\" \/>\n<meta property=\"og:description\" content=\"Partes de uma ossada humana foram encontradas, nessa segunda-feira (05\/06\/2017), \u00e0s margens da AMG-900, em Jana\u00faba (MG). De acordo com a Pol\u00edcia Militar (PM), os restos mortais foram localizados ap\u00f3s den\u00fancias an\u00f4nimas. A \u00e1rea foi isolada para o trabalho da per\u00edcia, que encaminhou o material recolhido para o Instituto M\u00e9dico Legal (IML). Ainda segundo a [&hellip;]\" \/>\n<meta property=\"og:url\" content=\"https:\/\/aconteceunovale.com.br\/portal\/?p=116834\" \/>\n<meta property=\"og:site_name\" content=\"Aconteceu no Vale\" \/>\n<meta property=\"article:publisher\" content=\"https:\/\/www.facebook.com\/aconteceunovale\/\" \/>\n<meta property=\"article:published_time\" content=\"2017-06-07T01:21:06+00:00\" \/>\n<meta property=\"og:image\" content=\"https:\/\/aconteceunovale.com.br\/portal\/wp-content\/uploads\/2015\/10\/plantao_giroflex.jpg\" \/>\n\t<meta property=\"og:image:width\" content=\"678\" \/>\n\t<meta property=\"og:image:height\" content=\"389\" \/>\n\t<meta property=\"og:image:type\" content=\"image\/jpeg\" \/>\n<meta name=\"author\" content=\"Aconteceu no Vale\" \/>\n<meta name=\"twitter:card\" content=\"summary_large_image\" \/>\n<meta name=\"twitter:creator\" content=\"@noticiadosvales\" \/>\n<meta name=\"twitter:site\" content=\"@noticiadosvales\" \/>\n<meta name=\"twitter:label1\" content=\"Escrito por\" \/>\n\t<meta name=\"twitter:data1\" content=\"Aconteceu no Vale\" \/>\n\t<meta name=\"twitter:label2\" content=\"Est. tempo de leitura\" \/>\n\t<meta name=\"twitter:data2\" content=\"1 minuto\" \/>\n<script type=\"application\/ld+json\" class=\"yoast-schema-graph\">{\"@context\":\"https:\\\/\\\/schema.org\",\"@graph\":[{\"@type\":\"Article\",\"@id\":\"https:\\\/\\\/aconteceunovale.com.br\\\/portal\\\/?p=116834#article\",\"isPartOf\":{\"@id\":\"https:\\\/\\\/aconteceunovale.com.br\\\/portal\\\/?p=116834\"},\"author\":{\"name\":\"Aconteceu no Vale\",\"@id\":\"https:\\\/\\\/aconteceunovale.com.br\\\/portal\\\/#\\\/schema\\\/person\\\/633529146f2c94272bef50ac2953d589\"},\"headline\":\"Partes de ossada humana s\u00e3o encontradas no munic\u00edpio de Jana\u00faba\",\"datePublished\":\"2017-06-07T01:21:06+00:00\",\"mainEntityOfPage\":{\"@id\":\"https:\\\/\\\/aconteceunovale.com.br\\\/portal\\\/?p=116834\"},\"wordCount\":242,\"commentCount\":0,\"image\":{\"@id\":\"https:\\\/\\\/aconteceunovale.com.br\\\/portal\\\/?p=116834#primaryimage\"},\"thumbnailUrl\":\"https:\\\/\\\/aconteceunovale.com.br\\\/portal\\\/wp-content\\\/uploads\\\/2015\\\/10\\\/plantao_giroflex.jpg\",\"keywords\":[\"assassinato em Porteirinha\",\"Corpo encontrado em Jana\u00faba\",\"Homem de 46 anos morto a tiros em Porteirinha\",\"Homem morto em Porteirinha\",\"homic\u00eddio em Porteirinha\",\"Jana\u00faba\",\"Jos\u00e9 Carlos de Oliveira\",\"morte em Porteirinha\",\"Ossada encontrada em Jana\u00faba\",\"Ossada humana encontrada em Jana\u00faba\",\"Partes de ossada humana s\u00e3o encontradas no munic\u00edpio de Jana\u00faba\",\"porteirinha\"],\"articleSection\":[\"Norte de Minas\"],\"inLanguage\":\"pt-BR\",\"potentialAction\":[{\"@type\":\"CommentAction\",\"name\":\"Comment\",\"target\":[\"https:\\\/\\\/aconteceunovale.com.br\\\/portal\\\/?p=116834#respond\"]}]},{\"@type\":\"WebPage\",\"@id\":\"https:\\\/\\\/aconteceunovale.com.br\\\/portal\\\/?p=116834\",\"url\":\"https:\\\/\\\/aconteceunovale.com.br\\\/portal\\\/?p=116834\",\"name\":\"Partes de ossada humana s\u00e3o encontradas no munic\u00edpio de Jana\u00faba - Aconteceu no Vale\",\"isPartOf\":{\"@id\":\"https:\\\/\\\/aconteceunovale.com.br\\\/portal\\\/#website\"},\"primaryImageOfPage\":{\"@id\":\"https:\\\/\\\/aconteceunovale.com.br\\\/portal\\\/?p=116834#primaryimage\"},\"image\":{\"@id\":\"https:\\\/\\\/aconteceunovale.com.br\\\/portal\\\/?p=116834#primaryimage\"},\"thumbnailUrl\":\"https:\\\/\\\/aconteceunovale.com.br\\\/portal\\\/wp-content\\\/uploads\\\/2015\\\/10\\\/plantao_giroflex.jpg\",\"datePublished\":\"2017-06-07T01:21:06+00:00\",\"author\":{\"@id\":\"https:\\\/\\\/aconteceunovale.com.br\\\/portal\\\/#\\\/schema\\\/person\\\/633529146f2c94272bef50ac2953d589\"},\"breadcrumb\":{\"@id\":\"https:\\\/\\\/aconteceunovale.com.br\\\/portal\\\/?p=116834#breadcrumb\"},\"inLanguage\":\"pt-BR\",\"potentialAction\":[{\"@type\":\"ReadAction\",\"target\":[\"https:\\\/\\\/aconteceunovale.com.br\\\/portal\\\/?p=116834\"]}]},{\"@type\":\"ImageObject\",\"inLanguage\":\"pt-BR\",\"@id\":\"https:\\\/\\\/aconteceunovale.com.br\\\/portal\\\/?p=116834#primaryimage\",\"url\":\"https:\\\/\\\/aconteceunovale.com.br\\\/portal\\\/wp-content\\\/uploads\\\/2015\\\/10\\\/plantao_giroflex.jpg\",\"contentUrl\":\"https:\\\/\\\/aconteceunovale.com.br\\\/portal\\\/wp-content\\\/uploads\\\/2015\\\/10\\\/plantao_giroflex.jpg\",\"width\":678,\"height\":389},{\"@type\":\"BreadcrumbList\",\"@id\":\"https:\\\/\\\/aconteceunovale.com.br\\\/portal\\\/?p=116834#breadcrumb\",\"itemListElement\":[{\"@type\":\"ListItem\",\"position\":1,\"name\":\"In\u00edcio\",\"item\":\"https:\\\/\\\/aconteceunovale.com.br\\\/portal\\\/\"},{\"@type\":\"ListItem\",\"position\":2,\"name\":\"Partes de ossada humana s\u00e3o encontradas no munic\u00edpio de Jana\u00faba\"}]},{\"@type\":\"WebSite\",\"@id\":\"https:\\\/\\\/aconteceunovale.com.br\\\/portal\\\/#website\",\"url\":\"https:\\\/\\\/aconteceunovale.com.br\\\/portal\\\/\",\"name\":\"Aconteceu no Vale\",\"description\":\"Portal de Not\u00edcias\",\"potentialAction\":[{\"@type\":\"SearchAction\",\"target\":{\"@type\":\"EntryPoint\",\"urlTemplate\":\"https:\\\/\\\/aconteceunovale.com.br\\\/portal\\\/?s={search_term_string}\"},\"query-input\":{\"@type\":\"PropertyValueSpecification\",\"valueRequired\":true,\"valueName\":\"search_term_string\"}}],\"inLanguage\":\"pt-BR\"},{\"@type\":\"Person\",\"@id\":\"https:\\\/\\\/aconteceunovale.com.br\\\/portal\\\/#\\\/schema\\\/person\\\/633529146f2c94272bef50ac2953d589\",\"name\":\"Aconteceu no Vale\",\"description\":\"Equipe de reportagem do Aconteceu no Vale, portal de not\u00edcias do Vale do Jequitinhonha, em Minas Gerais. Cobrimos as 51 cidades do Vale desde 2013. Sugest\u00f5es de pauta e pedidos de corre\u00e7\u00e3o: contato@aconteceunovale.com.br\",\"sameAs\":[\"http:\\\/\\\/www.aconteceunovale.com.br\"],\"url\":\"https:\\\/\\\/aconteceunovale.com.br\\\/portal\\\/?author=1\"}]}<\/script>\n<!-- \/ Yoast SEO plugin. -->","yoast_head_json":{"title":"Partes de ossada humana s\u00e3o encontradas no munic\u00edpio de Jana\u00faba - Aconteceu no Vale","robots":{"index":"index","follow":"follow","max-snippet":"max-snippet:-1","max-image-preview":"max-image-preview:large","max-video-preview":"max-video-preview:-1"},"canonical":"https:\/\/aconteceunovale.com.br\/portal\/?p=116834","og_locale":"pt_BR","og_type":"article","og_title":"Partes de ossada humana s\u00e3o encontradas no munic\u00edpio de Jana\u00faba - Aconteceu no Vale","og_description":"Partes de uma ossada humana foram encontradas, nessa segunda-feira (05\/06\/2017), \u00e0s margens da AMG-900, em Jana\u00faba (MG). De acordo com a Pol\u00edcia Militar (PM), os restos mortais foram localizados ap\u00f3s den\u00fancias an\u00f4nimas. A \u00e1rea foi isolada para o trabalho da per\u00edcia, que encaminhou o material recolhido para o Instituto M\u00e9dico Legal (IML). Ainda segundo a [&hellip;]","og_url":"https:\/\/aconteceunovale.com.br\/portal\/?p=116834","og_site_name":"Aconteceu no Vale","article_publisher":"https:\/\/www.facebook.com\/aconteceunovale\/","article_published_time":"2017-06-07T01:21:06+00:00","og_image":[{"width":678,"height":389,"url":"https:\/\/aconteceunovale.com.br\/portal\/wp-content\/uploads\/2015\/10\/plantao_giroflex.jpg","type":"image\/jpeg"}],"author":"Aconteceu no Vale","twitter_card":"summary_large_image","twitter_creator":"@noticiadosvales","twitter_site":"@noticiadosvales","twitter_misc":{"Escrito por":"Aconteceu no Vale","Est. tempo de leitura":"1 minuto"},"schema":{"@context":"https:\/\/schema.org","@graph":[{"@type":"Article","@id":"https:\/\/aconteceunovale.com.br\/portal\/?p=116834#article","isPartOf":{"@id":"https:\/\/aconteceunovale.com.br\/portal\/?p=116834"},"author":{"name":"Aconteceu no Vale","@id":"https:\/\/aconteceunovale.com.br\/portal\/#\/schema\/person\/633529146f2c94272bef50ac2953d589"},"headline":"Partes de ossada humana s\u00e3o encontradas no munic\u00edpio de Jana\u00faba","datePublished":"2017-06-07T01:21:06+00:00","mainEntityOfPage":{"@id":"https:\/\/aconteceunovale.com.br\/portal\/?p=116834"},"wordCount":242,"commentCount":0,"image":{"@id":"https:\/\/aconteceunovale.com.br\/portal\/?p=116834#primaryimage"},"thumbnailUrl":"https:\/\/aconteceunovale.com.br\/portal\/wp-content\/uploads\/2015\/10\/plantao_giroflex.jpg","keywords":["assassinato em Porteirinha","Corpo encontrado em Jana\u00faba","Homem de 46 anos morto a tiros em Porteirinha","Homem morto em Porteirinha","homic\u00eddio em Porteirinha","Jana\u00faba","Jos\u00e9 Carlos de Oliveira","morte em Porteirinha","Ossada encontrada em Jana\u00faba","Ossada humana encontrada em Jana\u00faba","Partes de ossada humana s\u00e3o encontradas no munic\u00edpio de Jana\u00faba","porteirinha"],"articleSection":["Norte de Minas"],"inLanguage":"pt-BR","potentialAction":[{"@type":"CommentAction","name":"Comment","target":["https:\/\/aconteceunovale.com.br\/portal\/?p=116834#respond"]}]},{"@type":"WebPage","@id":"https:\/\/aconteceunovale.com.br\/portal\/?p=116834","url":"https:\/\/aconteceunovale.com.br\/portal\/?p=116834","name":"Partes de ossada humana s\u00e3o encontradas no munic\u00edpio de Jana\u00faba - Aconteceu no Vale","isPartOf":{"@id":"https:\/\/aconteceunovale.com.br\/portal\/#website"},"primaryImageOfPage":{"@id":"https:\/\/aconteceunovale.com.br\/portal\/?p=116834#primaryimage"},"image":{"@id":"https:\/\/aconteceunovale.com.br\/portal\/?p=116834#primaryimage"},"thumbnailUrl":"https:\/\/aconteceunovale.com.br\/portal\/wp-content\/uploads\/2015\/10\/plantao_giroflex.jpg","datePublished":"2017-06-07T01:21:06+00:00","author":{"@id":"https:\/\/aconteceunovale.com.br\/portal\/#\/schema\/person\/633529146f2c94272bef50ac2953d589"},"breadcrumb":{"@id":"https:\/\/aconteceunovale.com.br\/portal\/?p=116834#breadcrumb"},"inLanguage":"pt-BR","potentialAction":[{"@type":"ReadAction","target":["https:\/\/aconteceunovale.com.br\/portal\/?p=116834"]}]},{"@type":"ImageObject","inLanguage":"pt-BR","@id":"https:\/\/aconteceunovale.com.br\/portal\/?p=116834#primaryimage","url":"https:\/\/aconteceunovale.com.br\/portal\/wp-content\/uploads\/2015\/10\/plantao_giroflex.jpg","contentUrl":"https:\/\/aconteceunovale.com.br\/portal\/wp-content\/uploads\/2015\/10\/plantao_giroflex.jpg","width":678,"height":389},{"@type":"BreadcrumbList","@id":"https:\/\/aconteceunovale.com.br\/portal\/?p=116834#breadcrumb","itemListElement":[{"@type":"ListItem","position":1,"name":"In\u00edcio","item":"https:\/\/aconteceunovale.com.br\/portal\/"},{"@type":"ListItem","position":2,"name":"Partes de ossada humana s\u00e3o encontradas no munic\u00edpio de Jana\u00faba"}]},{"@type":"WebSite","@id":"https:\/\/aconteceunovale.com.br\/portal\/#website","url":"https:\/\/aconteceunovale.com.br\/portal\/","name":"Aconteceu no Vale","description":"Portal de Not\u00edcias","potentialAction":[{"@type":"SearchAction","target":{"@type":"EntryPoint","urlTemplate":"https:\/\/aconteceunovale.com.br\/portal\/?s={search_term_string}"},"query-input":{"@type":"PropertyValueSpecification","valueRequired":true,"valueName":"search_term_string"}}],"inLanguage":"pt-BR"},{"@type":"Person","@id":"https:\/\/aconteceunovale.com.br\/portal\/#\/schema\/person\/633529146f2c94272bef50ac2953d589","name":"Aconteceu no Vale","description":"Equipe de reportagem do Aconteceu no Vale, portal de not\u00edcias do Vale do Jequitinhonha, em Minas Gerais. Cobrimos as 51 cidades do Vale desde 2013. Sugest\u00f5es de pauta e pedidos de corre\u00e7\u00e3o: contato@aconteceunovale.com.br","sameAs":["http:\/\/www.aconteceunovale.com.br"],"url":"https:\/\/aconteceunovale.com.br\/portal\/?author=1"}]}},"_links":{"self":[{"href":"https:\/\/aconteceunovale.com.br\/portal\/index.php?rest_route=\/wp\/v2\/posts\/116834","targetHints":{"allow":["GET"]}}],"collection":[{"href":"https:\/\/aconteceunovale.com.br\/portal\/index.php?rest_route=\/wp\/v2\/posts"}],"about":[{"href":"https:\/\/aconteceunovale.com.br\/portal\/index.php?rest_route=\/wp\/v2\/types\/post"}],"author":[{"embeddable":true,"href":"https:\/\/aconteceunovale.com.br\/portal\/index.php?rest_route=\/wp\/v2\/users\/1"}],"replies":[{"embeddable":true,"href":"https:\/\/aconteceunovale.com.br\/portal\/index.php?rest_route=%2Fwp%2Fv2%2Fcomments&post=116834"}],"version-history":[{"count":0,"href":"https:\/\/aconteceunovale.com.br\/portal\/index.php?rest_route=\/wp\/v2\/posts\/116834\/revisions"}],"wp:featuredmedia":[{"embeddable":true,"href":"https:\/\/aconteceunovale.com.br\/portal\/index.php?rest_route=\/wp\/v2\/media\/71442"}],"wp:attachment":[{"href":"https:\/\/aconteceunovale.com.br\/portal\/index.php?rest_route=%2Fwp%2Fv2%2Fmedia&parent=116834"}],"wp:term":[{"taxonomy":"category","embeddable":true,"href":"https:\/\/aconteceunovale.com.br\/portal\/index.php?rest_route=%2Fwp%2Fv2%2Fcategories&post=116834"},{"taxonomy":"post_tag","embeddable":true,"href":"https:\/\/aconteceunovale.com.br\/portal\/index.php?rest_route=%2Fwp%2Fv2%2Ftags&post=116834"}],"curies":[{"name":"wp","href":"https:\/\/api.w.org\/{rel}","templated":true}]}}