{"id":116827,"date":"2017-06-06T22:50:30","date_gmt":"2017-06-07T00:50:30","guid":{"rendered":"http:\/\/aconteceunovale.com.br\/portal\/?p=116827"},"modified":"2026-09-02T12:15:13","modified_gmt":"2026-09-02T15:15:13","slug":"apos-56-anos-aracuai-volta-a-ter-linha-aerea-para-bh","status":"publish","type":"post","link":"https:\/\/aconteceunovale.com.br\/portal\/?p=116827","title":{"rendered":"Ap\u00f3s 56 anos, Ara\u00e7ua\u00ed volta a ter linha a\u00e9rea para BH"},"content":{"rendered":"<p>Em 1961, o comerciante Pedro Claver Chaves Dutra, hoje com 80 anos, embarcava no aeroporto de Ara\u00e7ua\u00ed, rumo a Belo Horizonte, em um avi\u00e3o Douglas DC-3 da Real de Transportes A\u00e9reos. Era um dos \u00faltimos voos da empresa, que naquele ano foi comprada pela Varig. Ap\u00f3s 9 anos, a Real fechava suas asas para o Vale do Jequitinhonha.<\/p>\n<p>O comerciante, hoje aposentado, e que por muitos anos manteve uma loja de tecidos em Ara\u00e7ua\u00ed, relembrou a viagem ao desembarcar na cidade, nesta ter\u00e7a-feira (06\/06\/2017) em voo inaugural do Voe Minas, que passa a fazer a rota semanal para Belo Horizonte.<\/p>\n<p>Atualmente residindo em Belo Horizonte, Chaves Dutra, carinhosamente conhecido como Pedro Piroca, foi o primeiro passageiro a descer do avi\u00e3o modelo Cessna 208 Caravan, com capacidade para 9 passageiros, que pousou \u00e0s 11h20, desta ter\u00e7a,  no aeroporto de Ara\u00e7ua\u00ed. Emocionado, ele brincou: &#8220;Ap\u00f3s embarcar de avi\u00e3o para Belo Horizonte, em 1961, estou voltando hoje, depois de 56 anos&#8221;.<\/p>\n<p><img decoding=\"async\" src=\"http:\/\/aconteceunovale.com.br\/portal\/wp-content\/uploads\/2017\/06\/inaugural_aracuai_1.jpg\" alt=\"\" \/><em>Um grupo de cerca de 40 pessoas prestigiou a chegada da aeronave (Foto: Gazeta de Ara\u00e7ua\u00ed)<\/em><br \/>\n<\/br><\/p>\n<p>Um grupo de cerca de  40 pessoas aguardava o pouso. Entre eles, o m\u00e9dico Jansen Tanure, de 68 anos, e a esposa dele, Rita Capdeville, tamb\u00e9m m\u00e9dica e atual vice-prefeita da cidade.<\/p>\n<p>O m\u00e9dico, que tamb\u00e9m \u00e9 piloto de aeronave, relembrou os tempos da Real de Transportes A\u00e9reos. \u201cAos 8 anos, fiz minha primeira viagem no DC-3, para Belo Horizonte\u201d,  destacou Jansen Tanure.<\/p>\n<p>\u201cO aeroporto era uma pista de terra. Lembro-me do dia em que o avi\u00e3o atolou e o povo da cidade teve que ajudar a desatolar a aeronave\u201d, relembrou.<\/p>\n<p><img decoding=\"async\" src=\"http:\/\/aconteceunovale.com.br\/portal\/wp-content\/uploads\/2017\/06\/inaugural_aracuai_2.jpg\" alt=\"\" \/><em>O m\u00e9dico Jansen Tanure e o aposentado Pedro Claver Chaves (Foto: Gazeta de Ara\u00e7ua\u00ed)<\/em><br \/>\n<\/br><\/p>\n<p><strong>Pre\u00e7o amargo bancado pelo contribuinte<\/strong><\/p>\n<p>A  partir desta ter\u00e7a-feira, Ara\u00e7ua\u00ed entrou na rota do Voe Minas, Projeto de Integra\u00e7\u00e3o Regional de Minas Gerais \u2013 Modal A\u00e9reo, desenvolvido pela Codemig &#8211; Companhia de Desenvolvimento Econ\u00f4mico de Minas Gerais.<\/p>\n<p>Os voos sair\u00e3o de Belo Horizonte todas as ter\u00e7as e quintas\u2013feiras,  \u00e0s 9h45, com previs\u00e3o de chegada ao aeroporto de Ara\u00e7ua\u00ed \u00e0s 11h20 e retorno no final da tarde. O bilhete custa R$ 600 e poder\u00e1 ser pago com cart\u00e3o de cr\u00e9dito. Quem realizar voo de ida e volta, ganhar\u00e1 R$ 100 reais de desconto.<\/p>\n<p>Segundo o diretor de servi\u00e7os da Codemig, Zito Vieira, que estava entre os passageiros do voo inaugural,  o Voe Minas  tem o objetivo de promover o desenvolvimento econ\u00f4mico regionalizado, estimular os neg\u00f3cios locais, desenvolver o turismo, integrar as diversas regi\u00f5es do Estado e facilitar o deslocamento de moradores do interior para Belo Horizonte, permitindo que tenham acesso r\u00e1pido a eventos e servi\u00e7os na capital.<\/p>\n<p>\u201cO povo agora n\u00e3o precisar\u00e1 pedir favor a fazendeiro para viajar de avi\u00e3o\u201d, disse Vieira durante pronunciamento no aeroporto. Indagado sobre o pre\u00e7o amargo da passagem, ele disse que  acredita no projeto e que os voos est\u00e3o saindo lotados de Almenara e Te\u00f3filo Otoni, munic\u00edpios com baixos \u00edndices de desenvolvimento humano (IDH).<\/p>\n<p>&#8220;Teremos pacotes promocionais para empresas p\u00fablicas e privadas. Quem adquirir 30 passagens durante o m\u00eas ter\u00e1 desconto de 30%&#8221;, disse ele.<\/p>\n<p>Os bilhetes poder\u00e3o ser adquiridos via internet, atrav\u00e9s do site da Codemig ou atrav\u00e9s de um agente credenciado na cidade.<\/p>\n<p>Se todas as passagens n\u00e3o forem vendidas, o Estado cobrir\u00e1 o d\u00e9ficit. \u201cOu seja, o contribuinte \u00e9 quem vai pagar\u201d, disse um comerciante que foi ao aeroporto, prestigiar o evento. Para ele se os pre\u00e7os fossem mais em conta, haveria mais procura.<\/p>\n<p>Desde o dia 13 de mar\u00e7o, Almenara, tamb\u00e9m no Vale do Jequitinhonha, j\u00e1 conta com seis voos semanais de liga\u00e7\u00e3o com Belo Horizonte, dois deles com escala em Diamantina. Os voos de liga\u00e7\u00e3o entre Almenara e Belo Horizonte acontecem as segundas, quartas e sextas-feiras. O valor cobrado pelo bilhete \u00e9 de R$ 700.<\/p>\n<p>Os 18 munic\u00edpios atendidos a partir da terceira fase s\u00e3o: Almenara, Ara\u00e7ua\u00ed, Arax\u00e1, Belo Horizonte, Diamantina, Juiz de Fora, Ja\u00edba, Manhua\u00e7u, Montes Claros, Passos, Po\u00e7os de Caldas, Pouso Alegre, Salinas, S\u00e3o Jo\u00e3o Del-Rei, Te\u00f3filo Otoni, Ub\u00e1, Varginha e Vi\u00e7osa. <\/p>\n<p>A pr\u00f3xima cidade da regi\u00e3o, a ser inclu\u00edda no projeto ser\u00e1 Capelinha.<\/p>\n<p><strong>Ex-funcion\u00e1rio da Real lembra-se do primeiro avi\u00e3o a pousar em Ara\u00e7ua\u00ed<\/strong><\/p>\n<p>Com uma lucidez admir\u00e1vel, o aposentado Joaquim Vasconcelos, 98 anos, lembra-se do primeiro avi\u00e3o a pousar no Campo de Avia\u00e7\u00e3o de Ara\u00e7ua\u00ed, como era chamado o atual aeroporto, em 1952. \u201cEra um monotor Paulistinha 56  vermelho, com capacidade para duas pessoas,  pilotado pelo Comandante C\u00edcero da FAB-For\u00e7a A\u00e9rea Brasileira- e que prestava servi\u00e7os para o Correio  A\u00e9reo Nacional. Pousava em Ara\u00e7ua\u00ed toda quinta-feira&#8221;, recorda Vasconcelos.<\/p>\n<p>O aposentado trabalhou para a Real e para a Varig, de 1956 a 1958 em Itambacuri, no Vale do Mucuri. \u201cEm terra, eu dava a cobertura aos voos, como radiotelegrafista\u201d, lembra Vasconcelos.<\/p>\n<p>Natural de Pequi, no Oeste de Minas, ele  chegou \u00e0 Ara\u00e7ua\u00ed em 1944, nomeado pelo ent\u00e3o governador Benedito Valadares, para instalar a primeira esta\u00e7\u00e3o radiotelegr\u00e1fica da regi\u00e3o. <\/p>\n<p><img decoding=\"async\" src=\"http:\/\/aconteceunovale.com.br\/portal\/wp-content\/uploads\/2017\/06\/inaugural_aracuai_3.jpg\" alt=\"\" \/><em>O aposentado Joaquim de Vasconcelos (Foto: Gazeta de Ara\u00e7ua\u00ed)<\/em><br \/>\n<\/br><\/p>\n<p><strong>Douglas DC-3<\/strong><\/p>\n<p>Ap\u00f3s a inaugura\u00e7\u00e3o do aeroporto de Ara\u00e7ua\u00ed, a Real Transportes A\u00e9reos passou a fazer voos semanais para Belo Horizonte, em um Douglas Dc-3, adquirido pelo Brasil, dos Estados Unidos, ap\u00f3s o fim da Segunda Guerra. Tinha capacidade para 40 passageiros.<\/p>\n<p>A  Real Transportes A\u00e9reos foi uma companhia a\u00e9rea brasileira, fundada no ano de 1945 pelo empres\u00e1rio paulista Vicente Mammana Neto. Em 1960, a Real expandiu suas rotas, chegando a T\u00f3quio. No ano seguinte, foi comprada pela Varig.<\/p>\n<p><img decoding=\"async\" src=\"http:\/\/aconteceunovale.com.br\/portal\/wp-content\/uploads\/2017\/06\/inaugural_aracuai_4.jpg\" alt=\"\" \/><em>Avi\u00f5es tipo Douglas DC-3 faziam a rota Ara\u00e7ua\u00ed-BH  (Foto: Gazeta de Ara\u00e7ua\u00ed)<\/em><br \/>\n<\/br><\/p>\n<p><strong>VER PRIMEIRO<\/strong><\/p>\n<p>Receba as not\u00edcias do Aconteceu no Vale em primeira m\u00e3o. Clique em curtir no endere\u00e7o <a href=\"https:\/\/www.facebook.com\/aconteceunovale\" target=\"_blank\"><font color=\"red\">www.facebook.com\/aconteceunovale<\/font><\/a> ou no box abaixo:<\/p>\n<div class=\"fb-like\" data-href=\"https:\/\/www.facebook.com\/aconteceunovale\" data-width=\"120\" data-layout=\"standard\" data-action=\"like\" data-size=\"small\" data-show-faces=\"true\" data-share=\"true\"><\/div>\n<p><\/br><\/p>\n<p><em>(Fonte: Gazeta de Ara\u00e7ua\u00ed \/ S\u00e9rgio Vasconcelos)<\/em><\/p>\n","protected":false},"excerpt":{"rendered":"<p>Em 1961, o comerciante Pedro Claver Chaves Dutra, hoje com 80 anos, embarcava no aeroporto de Ara\u00e7ua\u00ed, rumo a Belo Horizonte, em um avi\u00e3o Douglas DC-3 da Real de Transportes A\u00e9reos. Era um dos \u00faltimos voos da empresa, que naquele ano foi comprada pela Varig. Ap\u00f3s 9 anos, a Real fechava suas asas para o [&hellip;]<\/p>\n","protected":false},"author":1,"featured_media":116829,"comment_status":"open","ping_status":"closed","sticky":false,"template":"","format":"standard","meta":{"amp_status":"","footnotes":""},"categories":[272530,120],"tags":[77881,142,152305,186,151327,152306,1504,194,1017,132,28355,197,151311,1018,198,199,151321,152298,1058,151325,152301,152303,206,207,151338,151340,151339,151341,151342,151320,209,151329,210,151323,151322,1502,151330,151331,151332,151952,151309,213,214,152297,152300,105855,215,151326,217,216,105852,151316,152299,152302,190,151324,218,164,219,223,152304,18771,151310,124974,151328,151337,151315,151314,151313,151312,151335,151333,151336,151334,151319,151318,151317],"class_list":["post-116827","post","type-post","status-publish","format-standard","has-post-thumbnail","hentry","category-aracuai","category-jequi","tag-aeroporto-da-pampulha","tag-almenara","tag-apos-56-anos","tag-aracuai","tag-aracuai-entra-na-rota-do-projeto-voe-minas-gerais","tag-aracuai-volta-a-ter-linha-aerea-para-bh","tag-araxa","tag-belo-horizonte","tag-bh","tag-capelinha","tag-codemig","tag-curvelo","tag-denise-vieira","tag-destaque","tag-diamantina","tag-divinopolis","tag-diz-codemig","tag-douglas-dc-3","tag-jaiba","tag-jaiba-entra-na-rota-do-projeto-voe-minas-gerais","tag-jansen-tanure","tag-joaquim-vasconcelos","tag-juiz-de-fora","tag-lavras","tag-linha-aerea-aracuai","tag-linha-aerea-jaiba","tag-linha-aerea-montes-claros","tag-linha-aerea-pocos-de-caldas","tag-linha-aerea-salinas","tag-linha-area-aracuaibelo-horizonte-dependera-da-venda-de-passagens","tag-manhuacu","tag-minas-gerais-inicia-nova-fase-de-projeto-de-integracao-aerea","tag-montes-claros","tag-montes-claros-entra-na-rota-do-projeto-voe-minas-gerais","tag-montes-claros-salinas-jaiba-pocos-de-caldas-aracuai-entram-na-rota-do-projeto-voe-minas-gerais","tag-muriae","tag-nova-fase-de-projeto-de-integracao-aerea","tag-nova-fase-do-pirma","tag-nova-fase-do-voe-minas-gerais","tag-novos-voos-destacam-a-importancia-de-montes-claros-na-regiao-norte-de-minas","tag-o-que-e-o-voe-minas","tag-passos","tag-patos-de-minas","tag-pedro-claver-chaves-dutra","tag-pedro-piroca","tag-pirma","tag-pocos-de-caldas","tag-pocos-de-caldas-entra-na-rota-do-projeto-voe-minas-gerais","tag-ponte-nova","tag-pouso-alegre","tag-projeto-de-integracao-regional-de-minas-gerais-modal-aereo","tag-projeto-voe-minas","tag-real-de-transportes-aereos","tag-rita-capdeville","tag-salinas","tag-salinas-entra-na-rota-do-projeto-voe-minas-gerais","tag-sao-joao-del-rei","tag-teofilo-otoni","tag-uba","tag-varginha","tag-vicente-mammana-neto","tag-vicosa","tag-voe-minas","tag-voe-minas-gerais","tag-voe-minas-gerais-chega-tambem-ao-norte-do-estado","tag-voo-aracuai","tag-voo-de-aracuai-para-belo-horizonte","tag-voo-de-aracuai-para-bh","tag-voo-de-belo-horizonte-para-aracuai","tag-voo-de-bh-para-aracuai","tag-voo-jaiba","tag-voo-montes-claros","tag-voo-pocos-de-caldas","tag-voo-salinas","tag-voos-entre-aracuai-e-belo-horizonte-dependerao-da-venda-de-passagens","tag-voos-entre-aracuai-e-bh","tag-voos-entre-bh-e-aracuai"],"yoast_head":"<!-- This site is optimized with the Yoast SEO plugin v28.3 - https:\/\/yoast.com\/product\/yoast-seo-wordpress\/ -->\n<title>Ap\u00f3s 56 anos, Ara\u00e7ua\u00ed volta a ter linha a\u00e9rea para BH - Aconteceu no Vale<\/title>\n<meta name=\"robots\" content=\"index, follow, max-snippet:-1, max-image-preview:large, max-video-preview:-1\" \/>\n<link rel=\"canonical\" href=\"https:\/\/aconteceunovale.com.br\/portal\/?p=116827\" \/>\n<meta property=\"og:locale\" content=\"pt_BR\" \/>\n<meta property=\"og:type\" content=\"article\" \/>\n<meta property=\"og:title\" content=\"Ap\u00f3s 56 anos, Ara\u00e7ua\u00ed volta a ter linha a\u00e9rea para BH - Aconteceu no Vale\" \/>\n<meta property=\"og:description\" content=\"Em 1961, o comerciante Pedro Claver Chaves Dutra, hoje com 80 anos, embarcava no aeroporto de Ara\u00e7ua\u00ed, rumo a Belo Horizonte, em um avi\u00e3o Douglas DC-3 da Real de Transportes A\u00e9reos. Era um dos \u00faltimos voos da empresa, que naquele ano foi comprada pela Varig. Ap\u00f3s 9 anos, a Real fechava suas asas para o [&hellip;]\" \/>\n<meta property=\"og:url\" content=\"https:\/\/aconteceunovale.com.br\/portal\/?p=116827\" \/>\n<meta property=\"og:site_name\" content=\"Aconteceu no Vale\" \/>\n<meta property=\"article:publisher\" content=\"https:\/\/www.facebook.com\/aconteceunovale\/\" \/>\n<meta property=\"article:published_time\" content=\"2017-06-07T00:50:30+00:00\" \/>\n<meta property=\"article:modified_time\" content=\"2026-09-02T15:15:13+00:00\" \/>\n<meta property=\"og:image\" content=\"https:\/\/aconteceunovale.com.br\/portal\/wp-content\/uploads\/2017\/06\/inaugural_aracuai_1.jpg\" \/>\n\t<meta property=\"og:image:width\" content=\"678\" \/>\n\t<meta property=\"og:image:height\" content=\"407\" \/>\n\t<meta property=\"og:image:type\" content=\"image\/jpeg\" \/>\n<meta name=\"author\" content=\"Aconteceu no Vale\" \/>\n<meta name=\"twitter:card\" content=\"summary_large_image\" \/>\n<meta name=\"twitter:creator\" content=\"@noticiadosvales\" \/>\n<meta name=\"twitter:site\" content=\"@noticiadosvales\" \/>\n<meta name=\"twitter:label1\" content=\"Escrito por\" \/>\n\t<meta name=\"twitter:data1\" content=\"Aconteceu no Vale\" \/>\n\t<meta name=\"twitter:label2\" content=\"Est. tempo de leitura\" \/>\n\t<meta name=\"twitter:data2\" content=\"5 minutos\" \/>\n<script type=\"application\/ld+json\" class=\"yoast-schema-graph\">{\"@context\":\"https:\\\/\\\/schema.org\",\"@graph\":[{\"@type\":\"Article\",\"@id\":\"https:\\\/\\\/aconteceunovale.com.br\\\/portal\\\/?p=116827#article\",\"isPartOf\":{\"@id\":\"https:\\\/\\\/aconteceunovale.com.br\\\/portal\\\/?p=116827\"},\"author\":{\"name\":\"Aconteceu no Vale\",\"@id\":\"https:\\\/\\\/aconteceunovale.com.br\\\/portal\\\/#\\\/schema\\\/person\\\/633529146f2c94272bef50ac2953d589\"},\"headline\":\"Ap\u00f3s 56 anos, Ara\u00e7ua\u00ed volta a ter linha a\u00e9rea para BH\",\"datePublished\":\"2017-06-07T00:50:30+00:00\",\"dateModified\":\"2026-09-02T15:15:13+00:00\",\"mainEntityOfPage\":{\"@id\":\"https:\\\/\\\/aconteceunovale.com.br\\\/portal\\\/?p=116827\"},\"wordCount\":1028,\"commentCount\":5,\"image\":{\"@id\":\"https:\\\/\\\/aconteceunovale.com.br\\\/portal\\\/?p=116827#primaryimage\"},\"thumbnailUrl\":\"https:\\\/\\\/aconteceunovale.com.br\\\/portal\\\/wp-content\\\/uploads\\\/2017\\\/06\\\/inaugural_aracuai_1.jpg\",\"keywords\":[\"Aeroporto da Pampulha\",\"Almenara\",\"Ap\u00f3s 56 anos\",\"Ara\u00e7ua\u00ed\",\"Ara\u00e7ua\u00ed entra na rota do projeto Voe Minas Gerais\",\"Ara\u00e7ua\u00ed volta a ter linha a\u00e9rea para BH\",\"Arax\u00e1\",\"Belo Horizonte\",\"bh\",\"Capelinha\",\"Codemig\",\"Curvelo\",\"Denise Vieira\",\"destaque\",\"Diamantina\",\"Divin\u00f3polis\",\"diz Codemig\",\"Douglas DC-3\",\"ja\u00edba\",\"Ja\u00edba entra na rota do projeto Voe Minas Gerais\",\"Jansen Tanure\",\"Joaquim Vasconcelos\",\"Juiz de Fora\",\"Lavras\",\"Linha a\u00e9rea Ara\u00e7ua\u00ed\",\"Linha a\u00e9rea Ja\u00edba\",\"Linha a\u00e9rea Montes Claros\",\"Linha a\u00e9rea Po\u00e7os de Caldas\",\"Linha a\u00e9rea Salinas\",\"Linha \u00e1rea Ara\u00e7ua\u00ed\\\/Belo Horizonte depender\u00e1 da venda de passagens\",\"Manhua\u00e7u\",\"Minas Gerais inicia nova fase de projeto de integra\u00e7\u00e3o a\u00e9rea\",\"Montes Claros\",\"Montes Claros entra na rota do projeto Voe Minas Gerais\",\"Montes Claros Salinas Ja\u00edba Po\u00e7os de Caldas Ara\u00e7ua\u00ed entram na rota do projeto Voe Minas Gerais\",\"Muria\u00e9\",\"Nova fase de projeto de integra\u00e7\u00e3o a\u00e9rea\",\"Nova fase do PIRMA\",\"Nova fase do Voe Minas Gerais\",\"Novos voos destacam a import\u00e2ncia de Montes Claros na regi\u00e3o Norte de Minas\",\"O que \u00e9 o Voe Minas\",\"Passos\",\"Patos de Minas\",\"Pedro Claver Chaves Dutra\",\"Pedro Piroca\",\"Pirma\",\"Po\u00e7os de Caldas\",\"Po\u00e7os de Caldas entra na rota do projeto Voe Minas Gerais\",\"Ponte Nova\",\"Pouso Alegre\",\"Projeto de Integra\u00e7\u00e3o Regional de Minas Gerais - Modal A\u00e9reo\",\"projeto Voe Minas\",\"Real de Transportes A\u00e9reos\",\"Rita Capdeville\",\"Salinas\",\"Salinas entra na rota do projeto Voe Minas Gerais\",\"S\u00e3o Jo\u00e3o del Rei\",\"Te\u00f3filo Otoni\",\"Ub\u00e1\",\"Varginha\",\"Vicente Mammana Neto\",\"Vi\u00e7osa\",\"Voe Minas\",\"Voe Minas Gerais\",\"Voe Minas Gerais chega tamb\u00e9m ao Norte do Estado\",\"Voo Ara\u00e7ua\u00ed\",\"Voo de Ara\u00e7ua\u00ed para Belo Horizonte\",\"Voo de Ara\u00e7ua\u00ed para BH\",\"Voo de Belo Horizonte para Ara\u00e7ua\u00ed\",\"Voo de BH para Ara\u00e7ua\u00ed\",\"Voo Ja\u00edba\",\"Voo Montes Claros\",\"Voo Po\u00e7os de Caldas\",\"Voo Salinas\",\"Voos entre Ara\u00e7ua\u00ed e Belo Horizonte depender\u00e3o da venda de passagens\",\"Voos entre Ara\u00e7ua\u00ed e BH\",\"Voos entre BH e Ara\u00e7ua\u00ed\"],\"articleSection\":[\"Ara\u00e7ua\u00ed\",\"Vale do Jequitinhonha\"],\"inLanguage\":\"pt-BR\",\"potentialAction\":[{\"@type\":\"CommentAction\",\"name\":\"Comment\",\"target\":[\"https:\\\/\\\/aconteceunovale.com.br\\\/portal\\\/?p=116827#respond\"]}]},{\"@type\":\"WebPage\",\"@id\":\"https:\\\/\\\/aconteceunovale.com.br\\\/portal\\\/?p=116827\",\"url\":\"https:\\\/\\\/aconteceunovale.com.br\\\/portal\\\/?p=116827\",\"name\":\"Ap\u00f3s 56 anos, Ara\u00e7ua\u00ed volta a ter linha a\u00e9rea para BH - Aconteceu no Vale\",\"isPartOf\":{\"@id\":\"https:\\\/\\\/aconteceunovale.com.br\\\/portal\\\/#website\"},\"primaryImageOfPage\":{\"@id\":\"https:\\\/\\\/aconteceunovale.com.br\\\/portal\\\/?p=116827#primaryimage\"},\"image\":{\"@id\":\"https:\\\/\\\/aconteceunovale.com.br\\\/portal\\\/?p=116827#primaryimage\"},\"thumbnailUrl\":\"https:\\\/\\\/aconteceunovale.com.br\\\/portal\\\/wp-content\\\/uploads\\\/2017\\\/06\\\/inaugural_aracuai_1.jpg\",\"datePublished\":\"2017-06-07T00:50:30+00:00\",\"dateModified\":\"2026-09-02T15:15:13+00:00\",\"author\":{\"@id\":\"https:\\\/\\\/aconteceunovale.com.br\\\/portal\\\/#\\\/schema\\\/person\\\/633529146f2c94272bef50ac2953d589\"},\"breadcrumb\":{\"@id\":\"https:\\\/\\\/aconteceunovale.com.br\\\/portal\\\/?p=116827#breadcrumb\"},\"inLanguage\":\"pt-BR\",\"potentialAction\":[{\"@type\":\"ReadAction\",\"target\":[\"https:\\\/\\\/aconteceunovale.com.br\\\/portal\\\/?p=116827\"]}]},{\"@type\":\"ImageObject\",\"inLanguage\":\"pt-BR\",\"@id\":\"https:\\\/\\\/aconteceunovale.com.br\\\/portal\\\/?p=116827#primaryimage\",\"url\":\"https:\\\/\\\/aconteceunovale.com.br\\\/portal\\\/wp-content\\\/uploads\\\/2017\\\/06\\\/inaugural_aracuai_1.jpg\",\"contentUrl\":\"https:\\\/\\\/aconteceunovale.com.br\\\/portal\\\/wp-content\\\/uploads\\\/2017\\\/06\\\/inaugural_aracuai_1.jpg\",\"width\":678,\"height\":407},{\"@type\":\"BreadcrumbList\",\"@id\":\"https:\\\/\\\/aconteceunovale.com.br\\\/portal\\\/?p=116827#breadcrumb\",\"itemListElement\":[{\"@type\":\"ListItem\",\"position\":1,\"name\":\"In\u00edcio\",\"item\":\"https:\\\/\\\/aconteceunovale.com.br\\\/portal\\\/\"},{\"@type\":\"ListItem\",\"position\":2,\"name\":\"Ap\u00f3s 56 anos, Ara\u00e7ua\u00ed volta a ter linha a\u00e9rea para BH\"}]},{\"@type\":\"WebSite\",\"@id\":\"https:\\\/\\\/aconteceunovale.com.br\\\/portal\\\/#website\",\"url\":\"https:\\\/\\\/aconteceunovale.com.br\\\/portal\\\/\",\"name\":\"Aconteceu no Vale\",\"description\":\"Portal de Not\u00edcias\",\"potentialAction\":[{\"@type\":\"SearchAction\",\"target\":{\"@type\":\"EntryPoint\",\"urlTemplate\":\"https:\\\/\\\/aconteceunovale.com.br\\\/portal\\\/?s={search_term_string}\"},\"query-input\":{\"@type\":\"PropertyValueSpecification\",\"valueRequired\":true,\"valueName\":\"search_term_string\"}}],\"inLanguage\":\"pt-BR\"},{\"@type\":\"Person\",\"@id\":\"https:\\\/\\\/aconteceunovale.com.br\\\/portal\\\/#\\\/schema\\\/person\\\/633529146f2c94272bef50ac2953d589\",\"name\":\"Aconteceu no Vale\",\"description\":\"Equipe de reportagem do Aconteceu no Vale, portal de not\u00edcias do Vale do Jequitinhonha, em Minas Gerais. Cobrimos as 51 cidades do Vale desde 2013. Sugest\u00f5es de pauta e pedidos de corre\u00e7\u00e3o: contato@aconteceunovale.com.br\",\"sameAs\":[\"http:\\\/\\\/www.aconteceunovale.com.br\"],\"url\":\"https:\\\/\\\/aconteceunovale.com.br\\\/portal\\\/?author=1\"}]}<\/script>\n<!-- \/ Yoast SEO plugin. -->","yoast_head_json":{"title":"Ap\u00f3s 56 anos, Ara\u00e7ua\u00ed volta a ter linha a\u00e9rea para BH - Aconteceu no Vale","robots":{"index":"index","follow":"follow","max-snippet":"max-snippet:-1","max-image-preview":"max-image-preview:large","max-video-preview":"max-video-preview:-1"},"canonical":"https:\/\/aconteceunovale.com.br\/portal\/?p=116827","og_locale":"pt_BR","og_type":"article","og_title":"Ap\u00f3s 56 anos, Ara\u00e7ua\u00ed volta a ter linha a\u00e9rea para BH - Aconteceu no Vale","og_description":"Em 1961, o comerciante Pedro Claver Chaves Dutra, hoje com 80 anos, embarcava no aeroporto de Ara\u00e7ua\u00ed, rumo a Belo Horizonte, em um avi\u00e3o Douglas DC-3 da Real de Transportes A\u00e9reos. Era um dos \u00faltimos voos da empresa, que naquele ano foi comprada pela Varig. Ap\u00f3s 9 anos, a Real fechava suas asas para o [&hellip;]","og_url":"https:\/\/aconteceunovale.com.br\/portal\/?p=116827","og_site_name":"Aconteceu no Vale","article_publisher":"https:\/\/www.facebook.com\/aconteceunovale\/","article_published_time":"2017-06-07T00:50:30+00:00","article_modified_time":"2026-09-02T15:15:13+00:00","og_image":[{"width":678,"height":407,"url":"https:\/\/aconteceunovale.com.br\/portal\/wp-content\/uploads\/2017\/06\/inaugural_aracuai_1.jpg","type":"image\/jpeg"}],"author":"Aconteceu no Vale","twitter_card":"summary_large_image","twitter_creator":"@noticiadosvales","twitter_site":"@noticiadosvales","twitter_misc":{"Escrito por":"Aconteceu no Vale","Est. tempo de leitura":"5 minutos"},"schema":{"@context":"https:\/\/schema.org","@graph":[{"@type":"Article","@id":"https:\/\/aconteceunovale.com.br\/portal\/?p=116827#article","isPartOf":{"@id":"https:\/\/aconteceunovale.com.br\/portal\/?p=116827"},"author":{"name":"Aconteceu no Vale","@id":"https:\/\/aconteceunovale.com.br\/portal\/#\/schema\/person\/633529146f2c94272bef50ac2953d589"},"headline":"Ap\u00f3s 56 anos, Ara\u00e7ua\u00ed volta a ter linha a\u00e9rea para BH","datePublished":"2017-06-07T00:50:30+00:00","dateModified":"2026-09-02T15:15:13+00:00","mainEntityOfPage":{"@id":"https:\/\/aconteceunovale.com.br\/portal\/?p=116827"},"wordCount":1028,"commentCount":5,"image":{"@id":"https:\/\/aconteceunovale.com.br\/portal\/?p=116827#primaryimage"},"thumbnailUrl":"https:\/\/aconteceunovale.com.br\/portal\/wp-content\/uploads\/2017\/06\/inaugural_aracuai_1.jpg","keywords":["Aeroporto da Pampulha","Almenara","Ap\u00f3s 56 anos","Ara\u00e7ua\u00ed","Ara\u00e7ua\u00ed entra na rota do projeto Voe Minas Gerais","Ara\u00e7ua\u00ed volta a ter linha a\u00e9rea para BH","Arax\u00e1","Belo Horizonte","bh","Capelinha","Codemig","Curvelo","Denise Vieira","destaque","Diamantina","Divin\u00f3polis","diz Codemig","Douglas DC-3","ja\u00edba","Ja\u00edba entra na rota do projeto Voe Minas Gerais","Jansen Tanure","Joaquim Vasconcelos","Juiz de Fora","Lavras","Linha a\u00e9rea Ara\u00e7ua\u00ed","Linha a\u00e9rea Ja\u00edba","Linha a\u00e9rea Montes Claros","Linha a\u00e9rea Po\u00e7os de Caldas","Linha a\u00e9rea Salinas","Linha \u00e1rea Ara\u00e7ua\u00ed\/Belo Horizonte depender\u00e1 da venda de passagens","Manhua\u00e7u","Minas Gerais inicia nova fase de projeto de integra\u00e7\u00e3o a\u00e9rea","Montes Claros","Montes Claros entra na rota do projeto Voe Minas Gerais","Montes Claros Salinas Ja\u00edba Po\u00e7os de Caldas Ara\u00e7ua\u00ed entram na rota do projeto Voe Minas Gerais","Muria\u00e9","Nova fase de projeto de integra\u00e7\u00e3o a\u00e9rea","Nova fase do PIRMA","Nova fase do Voe Minas Gerais","Novos voos destacam a import\u00e2ncia de Montes Claros na regi\u00e3o Norte de Minas","O que \u00e9 o Voe Minas","Passos","Patos de Minas","Pedro Claver Chaves Dutra","Pedro Piroca","Pirma","Po\u00e7os de Caldas","Po\u00e7os de Caldas entra na rota do projeto Voe Minas Gerais","Ponte Nova","Pouso Alegre","Projeto de Integra\u00e7\u00e3o Regional de Minas Gerais - Modal A\u00e9reo","projeto Voe Minas","Real de Transportes A\u00e9reos","Rita Capdeville","Salinas","Salinas entra na rota do projeto Voe Minas Gerais","S\u00e3o Jo\u00e3o del Rei","Te\u00f3filo Otoni","Ub\u00e1","Varginha","Vicente Mammana Neto","Vi\u00e7osa","Voe Minas","Voe Minas Gerais","Voe Minas Gerais chega tamb\u00e9m ao Norte do Estado","Voo Ara\u00e7ua\u00ed","Voo de Ara\u00e7ua\u00ed para Belo Horizonte","Voo de Ara\u00e7ua\u00ed para BH","Voo de Belo Horizonte para Ara\u00e7ua\u00ed","Voo de BH para Ara\u00e7ua\u00ed","Voo Ja\u00edba","Voo Montes Claros","Voo Po\u00e7os de Caldas","Voo Salinas","Voos entre Ara\u00e7ua\u00ed e Belo Horizonte depender\u00e3o da venda de passagens","Voos entre Ara\u00e7ua\u00ed e BH","Voos entre BH e Ara\u00e7ua\u00ed"],"articleSection":["Ara\u00e7ua\u00ed","Vale do Jequitinhonha"],"inLanguage":"pt-BR","potentialAction":[{"@type":"CommentAction","name":"Comment","target":["https:\/\/aconteceunovale.com.br\/portal\/?p=116827#respond"]}]},{"@type":"WebPage","@id":"https:\/\/aconteceunovale.com.br\/portal\/?p=116827","url":"https:\/\/aconteceunovale.com.br\/portal\/?p=116827","name":"Ap\u00f3s 56 anos, Ara\u00e7ua\u00ed volta a ter linha a\u00e9rea para BH - Aconteceu no Vale","isPartOf":{"@id":"https:\/\/aconteceunovale.com.br\/portal\/#website"},"primaryImageOfPage":{"@id":"https:\/\/aconteceunovale.com.br\/portal\/?p=116827#primaryimage"},"image":{"@id":"https:\/\/aconteceunovale.com.br\/portal\/?p=116827#primaryimage"},"thumbnailUrl":"https:\/\/aconteceunovale.com.br\/portal\/wp-content\/uploads\/2017\/06\/inaugural_aracuai_1.jpg","datePublished":"2017-06-07T00:50:30+00:00","dateModified":"2026-09-02T15:15:13+00:00","author":{"@id":"https:\/\/aconteceunovale.com.br\/portal\/#\/schema\/person\/633529146f2c94272bef50ac2953d589"},"breadcrumb":{"@id":"https:\/\/aconteceunovale.com.br\/portal\/?p=116827#breadcrumb"},"inLanguage":"pt-BR","potentialAction":[{"@type":"ReadAction","target":["https:\/\/aconteceunovale.com.br\/portal\/?p=116827"]}]},{"@type":"ImageObject","inLanguage":"pt-BR","@id":"https:\/\/aconteceunovale.com.br\/portal\/?p=116827#primaryimage","url":"https:\/\/aconteceunovale.com.br\/portal\/wp-content\/uploads\/2017\/06\/inaugural_aracuai_1.jpg","contentUrl":"https:\/\/aconteceunovale.com.br\/portal\/wp-content\/uploads\/2017\/06\/inaugural_aracuai_1.jpg","width":678,"height":407},{"@type":"BreadcrumbList","@id":"https:\/\/aconteceunovale.com.br\/portal\/?p=116827#breadcrumb","itemListElement":[{"@type":"ListItem","position":1,"name":"In\u00edcio","item":"https:\/\/aconteceunovale.com.br\/portal\/"},{"@type":"ListItem","position":2,"name":"Ap\u00f3s 56 anos, Ara\u00e7ua\u00ed volta a ter linha a\u00e9rea para BH"}]},{"@type":"WebSite","@id":"https:\/\/aconteceunovale.com.br\/portal\/#website","url":"https:\/\/aconteceunovale.com.br\/portal\/","name":"Aconteceu no Vale","description":"Portal de Not\u00edcias","potentialAction":[{"@type":"SearchAction","target":{"@type":"EntryPoint","urlTemplate":"https:\/\/aconteceunovale.com.br\/portal\/?s={search_term_string}"},"query-input":{"@type":"PropertyValueSpecification","valueRequired":true,"valueName":"search_term_string"}}],"inLanguage":"pt-BR"},{"@type":"Person","@id":"https:\/\/aconteceunovale.com.br\/portal\/#\/schema\/person\/633529146f2c94272bef50ac2953d589","name":"Aconteceu no Vale","description":"Equipe de reportagem do Aconteceu no Vale, portal de not\u00edcias do Vale do Jequitinhonha, em Minas Gerais. Cobrimos as 51 cidades do Vale desde 2013. Sugest\u00f5es de pauta e pedidos de corre\u00e7\u00e3o: contato@aconteceunovale.com.br","sameAs":["http:\/\/www.aconteceunovale.com.br"],"url":"https:\/\/aconteceunovale.com.br\/portal\/?author=1"}]}},"_links":{"self":[{"href":"https:\/\/aconteceunovale.com.br\/portal\/index.php?rest_route=\/wp\/v2\/posts\/116827","targetHints":{"allow":["GET"]}}],"collection":[{"href":"https:\/\/aconteceunovale.com.br\/portal\/index.php?rest_route=\/wp\/v2\/posts"}],"about":[{"href":"https:\/\/aconteceunovale.com.br\/portal\/index.php?rest_route=\/wp\/v2\/types\/post"}],"author":[{"embeddable":true,"href":"https:\/\/aconteceunovale.com.br\/portal\/index.php?rest_route=\/wp\/v2\/users\/1"}],"replies":[{"embeddable":true,"href":"https:\/\/aconteceunovale.com.br\/portal\/index.php?rest_route=%2Fwp%2Fv2%2Fcomments&post=116827"}],"version-history":[{"count":1,"href":"https:\/\/aconteceunovale.com.br\/portal\/index.php?rest_route=\/wp\/v2\/posts\/116827\/revisions"}],"predecessor-version":[{"id":199430,"href":"https:\/\/aconteceunovale.com.br\/portal\/index.php?rest_route=\/wp\/v2\/posts\/116827\/revisions\/199430"}],"wp:featuredmedia":[{"embeddable":true,"href":"https:\/\/aconteceunovale.com.br\/portal\/index.php?rest_route=\/wp\/v2\/media\/116829"}],"wp:attachment":[{"href":"https:\/\/aconteceunovale.com.br\/portal\/index.php?rest_route=%2Fwp%2Fv2%2Fmedia&parent=116827"}],"wp:term":[{"taxonomy":"category","embeddable":true,"href":"https:\/\/aconteceunovale.com.br\/portal\/index.php?rest_route=%2Fwp%2Fv2%2Fcategories&post=116827"},{"taxonomy":"post_tag","embeddable":true,"href":"https:\/\/aconteceunovale.com.br\/portal\/index.php?rest_route=%2Fwp%2Fv2%2Ftags&post=116827"}],"curies":[{"name":"wp","href":"https:\/\/api.w.org\/{rel}","templated":true}]}}