{"id":116818,"date":"2017-06-06T21:52:17","date_gmt":"2017-06-06T23:52:17","guid":{"rendered":"http:\/\/aconteceunovale.com.br\/portal\/?p=116818"},"modified":"2017-06-07T00:42:55","modified_gmt":"2017-06-07T02:42:55","slug":"justica-condena-assaltantes-que-mataram-escrivao-da-policia-civil-em-lassance-no-norte-de-minas","status":"publish","type":"post","link":"https:\/\/aconteceunovale.com.br\/portal\/?p=116818","title":{"rendered":"Justi\u00e7a condena assaltantes que mataram escriv\u00e3o da Pol\u00edcia Civil em Lassance, no Norte de Minas"},"content":{"rendered":"<p>O Minist\u00e9rio P\u00fablico Federal em Minas Gerais (MPF\/MG) obteve a condena\u00e7\u00e3o de tr\u00eas pessoas respons\u00e1veis pelo assalto a uma ag\u00eancia dos Correios na cidade de Lassance, regi\u00e3o norte de Minas Gerais, ocorrido em setembro de 2015. Na ocasi\u00e3o, um escriv\u00e3o da Pol\u00edcia Civil de Minas Gerais, que tentou impedir o crime, foi morto por um dos assaltantes. O crime teve grande repercuss\u00e3o na cidade.<\/p>\n<p>Marcos Junio de Souza Coelho foi condenado a 33 anos e 10 meses de reclus\u00e3o; j\u00e1 Edicarlos Alves Souza e Nivaldo Domingos da Silva, a 27 anos e cinco meses de reclus\u00e3o cada um, em regime fechado. Todos os tr\u00eas est\u00e3o presos.<\/p>\n<p><img decoding=\"async\" src=\"http:\/\/aconteceunovale.com.br\/portal\/wp-content\/uploads\/2016\/01\/preso_lassance.jpg\" alt=\"\" \/><em>Nivaldo Domingos da Silva e Edicarlos Alves de Souza &#8211; Foto: Divulga\u00e7\u00e3o \/ PCMG<\/em><br \/>\n<\/br><\/p>\n<p><strong>Crime<\/strong><\/p>\n<p>Segundo a den\u00fancia do MPF\/MG, o crime ocorreu no dia 23 de setembro de 2015, quando os acusados, conhecidos criminosos de uma fac\u00e7\u00e3o que atuava em V\u00e1rzea da Palma (MG), se associaram sob o comando de Nivaldo para roubar a ag\u00eancia dos Correios na cidade vizinha de Lassance, que fica a 35km do munic\u00edpio.<\/p>\n<p>O crime ocorreu por volta das 14h. Marcos Junio e Nivaldo desceram do carro e entraram na ag\u00eancia portando armas calibre 38, anunciando o assalto. Edicarlos os aguardava no carro, pr\u00f3ximo \u00e0 ag\u00eancia. No momento do assalto, uma funcion\u00e1ria que estava na ag\u00eancia foi rendida. Os acusados retiraram do caixa aproximadamente R$ 12 mil.<\/p>\n<p>Marcos Junio e Nivaldo sa\u00edram da ag\u00eancia e foram em dire\u00e7\u00e3o ao carro onde Edicarlos os aguardava para fugir. Mas, ao chegar perto do carro, viram Edicarlos deitado no ch\u00e3o, rendido pelo escriv\u00e3o da Pol\u00edcia Civil Ghivelder M\u00e1rcio Soares.<\/p>\n<p>Ghivelder, que tinha percebido o assalto, correu para a delegacia localizada em frente \u00e0 ag\u00eancia dos Correios e pegou uma espingarda. Em seguida abordou Edicarlos, que estava no carro, e o rendeu. Nesse momento, Nivaldo sacou sua arma e disparou tr\u00eas vezes, pelas costas do escriv\u00e3o. Ghivelder teve hemorragia interna e externa e morreu no local.<\/p>\n<p><strong>Fuga<\/strong><\/p>\n<p>Ap\u00f3s os disparos, Marcos Junio e Edicarlos entraram no carro e fugiram para o local de passagem de uma balsa, onde abandonaram o ve\u00edculo da fuga e retornaram para a cidade de V\u00e1rzea da Palma. Nivaldo, que efetuou os disparos e matou o policial, fugiu do local a p\u00e9 e se escondeu em um matagal no bairro Bela Vista, na pr\u00f3pria cidade. <\/p>\n<p>\u00c0 noite, um outro integrante da mesma fac\u00e7\u00e3o ao qual pertencem os acusados, ao saber do ocorrido, determinou que um comparsa prestasse aux\u00edlio a Nivaldo, que foi resgatado do matagal, conseguindo escapar do cerco policial. Os acusados foram capturados posteriormente, assim como as armas usadas no crime.<\/p>\n<p>Durante o julgamento, Nivaldo e Marcos Junio negaram a autoria, mas Edicarlos admitiu ter conduzido os dois comparsas de V\u00e1rzea da Palma para Lassance, apesar de n\u00e3o identific\u00e1-los. Para a Justi\u00e7a, n\u00e3o h\u00e1 d\u00favida da autoria do crime em raz\u00e3o do conjunto de provas apresentadas e do reconhecimento por parte das testemunhas. <\/p>\n<p>\u201c\u00c9 certo que a condu\u00e7\u00e3o do ve\u00edculo ocorreu j\u00e1 de forma deliberada para a pr\u00e1tica do crime, pelo que tinha conhecimento e anuiu em dar cobertura aos comparsas, assumindo, inclusive, o risco do efeito mais grave (morte), que acabou se consumando. Isso porque o referido r\u00e9u tinha conhecimento do uso da arma de fogo pelos outros dois corr\u00e9us, que j\u00e1 entraram na ag\u00eancia dos Correios com as armas em punho, conforme relato das testemunhas. Ademais, deflagrada a a\u00e7\u00e3o criminosa na ag\u00eancia, a despeito da sa\u00edda s\u00fabita dos demais transeuntes e clientes, ele permaneceu na porta da ag\u00eancia, aguardando os corr\u00e9us, quando foi abordado pela v\u00edtima Ghivelder&#8221;, diz a senten\u00e7a.<\/p>\n<p><img decoding=\"async\" src=\"http:\/\/aconteceunovale.com.br\/portal\/wp-content\/uploads\/2016\/01\/caso_vzp_1.jpg\" alt=\"\" \/><em>Nivaldo Domingos foi preso em V\u00e1rzea da Palma &#8211; Foto: Divulga\u00e7\u00e3o \/ PMMG<\/em><br \/>\n<\/br><\/p>\n<p><img decoding=\"async\" src=\"http:\/\/aconteceunovale.com.br\/portal\/wp-content\/uploads\/2016\/01\/caso_vzp_2.jpg\" alt=\"\" \/><em>Ghivelder Marcio foi executado em Lassance &#8211; Foto: Divulga\u00e7\u00e3o \/ PMMG<\/em><br \/>\n<\/br><\/p>\n<p><strong>VER PRIMEIRO<\/strong><\/p>\n<p>Receba as not\u00edcias do Aconteceu no Vale em primeira m\u00e3o. Clique em curtir no endere\u00e7o <a href=\"https:\/\/www.facebook.com\/aconteceunovale\" target=\"_blank\"><font color=\"red\">www.facebook.com\/aconteceunovale<\/font><\/a> ou no box abaixo:<\/p>\n<div class=\"fb-like\" data-href=\"https:\/\/www.facebook.com\/aconteceunovale\" data-width=\"120\" data-layout=\"standard\" data-action=\"like\" data-size=\"small\" data-show-faces=\"true\" data-share=\"true\"><\/div>\n<p><\/br><\/p>\n<p><em>(Fonte: MPF\/MG)<\/em><\/p>\n","protected":false},"excerpt":{"rendered":"<p>O Minist\u00e9rio P\u00fablico Federal em Minas Gerais (MPF\/MG) obteve a condena\u00e7\u00e3o de tr\u00eas pessoas respons\u00e1veis pelo assalto a uma ag\u00eancia dos Correios na cidade de Lassance, regi\u00e3o norte de Minas Gerais, ocorrido em setembro de 2015. Na ocasi\u00e3o, um escriv\u00e3o da Pol\u00edcia Civil de Minas Gerais, que tentou impedir o crime, foi morto por um [&hellip;]<\/p>\n","protected":false},"author":1,"featured_media":76327,"comment_status":"open","ping_status":"closed","sticky":false,"template":"","format":"standard","meta":{"amp_status":"","footnotes":""},"categories":[1236],"tags":[72858,72854,72853,52852,152291,2941,72857,72856,72954,72855,1340],"class_list":["post-116818","post","type-post","status-publish","format-standard","has-post-thumbnail","hentry","category-norte_de_minas","tag-ghivelder-marcio-soares","tag-homem-preso-em-varzea-da-palma","tag-homem-preso-em-varzea-da-palma-confessa-autoria-de-seis-homicidios-e-um-latrocinio","tag-jurandir-rodrigues","tag-justica-condena-assaltantes-que-mataram-escrivao-da-policia-civil-em-lassance","tag-lassance","tag-latrocinio-em-lassance","tag-nivaldo-domingos-da-silva","tag-policia-prende-suspeito-de-matar-escrivao-durante-assalto-a-agencia-dos-correios-de-lassance","tag-preso-em-varzea-da-palma","tag-varzea-da-palma"],"_links":{"self":[{"href":"https:\/\/aconteceunovale.com.br\/portal\/index.php?rest_route=\/wp\/v2\/posts\/116818","targetHints":{"allow":["GET"]}}],"collection":[{"href":"https:\/\/aconteceunovale.com.br\/portal\/index.php?rest_route=\/wp\/v2\/posts"}],"about":[{"href":"https:\/\/aconteceunovale.com.br\/portal\/index.php?rest_route=\/wp\/v2\/types\/post"}],"author":[{"embeddable":true,"href":"https:\/\/aconteceunovale.com.br\/portal\/index.php?rest_route=\/wp\/v2\/users\/1"}],"replies":[{"embeddable":true,"href":"https:\/\/aconteceunovale.com.br\/portal\/index.php?rest_route=%2Fwp%2Fv2%2Fcomments&post=116818"}],"version-history":[{"count":0,"href":"https:\/\/aconteceunovale.com.br\/portal\/index.php?rest_route=\/wp\/v2\/posts\/116818\/revisions"}],"wp:featuredmedia":[{"embeddable":true,"href":"https:\/\/aconteceunovale.com.br\/portal\/index.php?rest_route=\/wp\/v2\/media\/76327"}],"wp:attachment":[{"href":"https:\/\/aconteceunovale.com.br\/portal\/index.php?rest_route=%2Fwp%2Fv2%2Fmedia&parent=116818"}],"wp:term":[{"taxonomy":"category","embeddable":true,"href":"https:\/\/aconteceunovale.com.br\/portal\/index.php?rest_route=%2Fwp%2Fv2%2Fcategories&post=116818"},{"taxonomy":"post_tag","embeddable":true,"href":"https:\/\/aconteceunovale.com.br\/portal\/index.php?rest_route=%2Fwp%2Fv2%2Ftags&post=116818"}],"curies":[{"name":"wp","href":"https:\/\/api.w.org\/{rel}","templated":true}]}}