{"id":116807,"date":"2017-06-06T13:44:58","date_gmt":"2017-06-06T15:44:58","guid":{"rendered":"http:\/\/aconteceunovale.com.br\/portal\/?p=116807"},"modified":"2017-06-07T00:18:24","modified_gmt":"2017-06-07T02:18:24","slug":"carreta-carregada-com-barras-de-ferro-tomba-na-br-135-em-montes-claros","status":"publish","type":"post","link":"https:\/\/aconteceunovale.com.br\/portal\/?p=116807","title":{"rendered":"Carreta carregada com barras de ferro tomba na BR-135, em Montes Claros"},"content":{"rendered":"<p>Uma carreta com placas de Curvelo tombou na BR-135, na chegada de Montes Claros, na manh\u00e3 desta ter\u00e7a-feira (06\/05\/2017). De acordo com a Pol\u00edcia Rodovi\u00e1ria Federal (PRF), o motorista, de 41 anos, contou que ao se aproximar do trevo foi \u2018fechado\u2019 por um caminh\u00e3o que fazia a rotat\u00f3ria. Ele n\u00e3o conseguiu frear, saiu da pista e tombou completamente fora da rodovia. O tr\u00e2nsito n\u00e3o foi interrompido e o condutor n\u00e3o ficou ferido.<\/p>\n<p>Segundo a PRF, uma viatura da Pol\u00edcia Militar, que estava pr\u00f3ximo ao tombamento, chegou a procurar pelo motorista do caminh\u00e3o supostamente envolvido no acidente, mas ele n\u00e3o foi localizado. Uma equipe de policiais rodovi\u00e1rios, que estava na BR-251, tamb\u00e9m fez rastreamento.<\/p>\n<p>A carreta estava carregada com barras de ferro para suporte de pallets e, aparentemente, n\u00e3o foram danificadas. O motorista seguia de Ribeir\u00e3o das Neves (MG) para Montes Claros. At\u00e9 o in\u00edcio da tarde desta ter\u00e7a-feira o ve\u00edculo continuava no local, aguardando a remo\u00e7\u00e3o pelo propriet\u00e1rio.<\/p>\n<p><img decoding=\"async\" src=\"http:\/\/aconteceunovale.com.br\/portal\/wp-content\/uploads\/2017\/06\/carreta_ferro_moc.jpg\" alt=\"\" \/><em>Carreta carregada com barras de ferro tombou na pista (Foto: PRF\/Divulga\u00e7\u00e3o)<\/em><br \/>\n<\/br><\/p>\n<p><img decoding=\"async\" src=\"http:\/\/aconteceunovale.com.br\/portal\/wp-content\/uploads\/2017\/06\/acidente_ferragem_moc_1.jpg\" alt=\"\" \/><em>Carreta carregada com barras de ferro tombou na pista (Foto: Reprodu\u00e7\u00e3o\/MOC Alerta)<\/em><br \/>\n<\/br><\/p>\n<p><img decoding=\"async\" src=\"http:\/\/aconteceunovale.com.br\/portal\/wp-content\/uploads\/2017\/06\/acidente_ferragem_moc_2.jpg\" alt=\"\" \/><em>Carreta carregada com barras de ferro tombou na pista (Foto: Reprodu\u00e7\u00e3o\/MOC Alerta)<\/em><br \/>\n<\/br><\/p>\n<p><img decoding=\"async\" src=\"http:\/\/aconteceunovale.com.br\/portal\/wp-content\/uploads\/2017\/06\/acidente_ferragem_moc_3.jpg\" alt=\"\" \/><em>Carreta carregada com barras de ferro tombou na pista (Foto: Reprodu\u00e7\u00e3o\/MOC Alerta)<\/em><br \/>\n<\/br><\/p>\n<p><strong>VER PRIMEIRO<\/strong><\/p>\n<p>Receba as not\u00edcias do Aconteceu no Vale em primeira m\u00e3o. Clique em curtir no endere\u00e7o <a href=\"https:\/\/www.facebook.com\/aconteceunovale\" target=\"_blank\"><font color=\"red\">www.facebook.com\/aconteceunovale<\/font><\/a> ou no box abaixo:<\/p>\n<div class=\"fb-like\" data-href=\"https:\/\/www.facebook.com\/aconteceunovale\" data-width=\"120\" data-layout=\"standard\" data-action=\"like\" data-size=\"small\" data-show-faces=\"true\" data-share=\"true\"><\/div>\n<p><\/br><\/p>\n<p><em>(Fonte: G1 Grande Minas)<\/em><\/p>\n","protected":false},"excerpt":{"rendered":"<p>Uma carreta com placas de Curvelo tombou na BR-135, na chegada de Montes Claros, na manh\u00e3 desta ter\u00e7a-feira (06\/05\/2017). De acordo com a Pol\u00edcia Rodovi\u00e1ria Federal (PRF), o motorista, de 41 anos, contou que ao se aproximar do trevo foi \u2018fechado\u2019 por um caminh\u00e3o que fazia a rotat\u00f3ria. Ele n\u00e3o conseguiu frear, saiu da pista [&hellip;]<\/p>\n","protected":false},"author":1,"featured_media":116808,"comment_status":"open","ping_status":"closed","sticky":false,"template":"","format":"standard","meta":{"amp_status":"","footnotes":""},"categories":[1236],"tags":[152271,152270,142977,152272,16673,152268,152269,197,1018,66077,210,3674],"class_list":["post-116807","post","type-post","status-publish","format-standard","has-post-thumbnail","hentry","category-norte_de_minas","tag-acidente-com-carreta-carregada-de-barras-de-ferro-em-montes-claros","tag-acidente-com-carreta-de-curvelo-em-montes-claros","tag-acidente-com-carreta-em-montes-claros","tag-acidente-com-carreta-que-seguia-de-ribeirao-das-neves-para-montes-claros","tag-acidente-em-montes-claros","tag-carreta-carregada-com-barras-de-ferro-tomba-na-br-135","tag-carreta-carregada-com-barras-de-ferro-tomba-na-br-135-em-montes-claros","tag-curvelo","tag-destaque","tag-em-montes-claros","tag-montes-claros","tag-ribeirao-das-neves"],"_links":{"self":[{"href":"https:\/\/aconteceunovale.com.br\/portal\/index.php?rest_route=\/wp\/v2\/posts\/116807","targetHints":{"allow":["GET"]}}],"collection":[{"href":"https:\/\/aconteceunovale.com.br\/portal\/index.php?rest_route=\/wp\/v2\/posts"}],"about":[{"href":"https:\/\/aconteceunovale.com.br\/portal\/index.php?rest_route=\/wp\/v2\/types\/post"}],"author":[{"embeddable":true,"href":"https:\/\/aconteceunovale.com.br\/portal\/index.php?rest_route=\/wp\/v2\/users\/1"}],"replies":[{"embeddable":true,"href":"https:\/\/aconteceunovale.com.br\/portal\/index.php?rest_route=%2Fwp%2Fv2%2Fcomments&post=116807"}],"version-history":[{"count":0,"href":"https:\/\/aconteceunovale.com.br\/portal\/index.php?rest_route=\/wp\/v2\/posts\/116807\/revisions"}],"wp:featuredmedia":[{"embeddable":true,"href":"https:\/\/aconteceunovale.com.br\/portal\/index.php?rest_route=\/wp\/v2\/media\/116808"}],"wp:attachment":[{"href":"https:\/\/aconteceunovale.com.br\/portal\/index.php?rest_route=%2Fwp%2Fv2%2Fmedia&parent=116807"}],"wp:term":[{"taxonomy":"category","embeddable":true,"href":"https:\/\/aconteceunovale.com.br\/portal\/index.php?rest_route=%2Fwp%2Fv2%2Fcategories&post=116807"},{"taxonomy":"post_tag","embeddable":true,"href":"https:\/\/aconteceunovale.com.br\/portal\/index.php?rest_route=%2Fwp%2Fv2%2Ftags&post=116807"}],"curies":[{"name":"wp","href":"https:\/\/api.w.org\/{rel}","templated":true}]}}