{"id":116805,"date":"2017-06-06T13:18:41","date_gmt":"2017-06-06T15:18:41","guid":{"rendered":"http:\/\/aconteceunovale.com.br\/portal\/?p=116805"},"modified":"2017-06-06T13:18:49","modified_gmt":"2017-06-06T15:18:49","slug":"procuradoria-da-republica-abre-investigacao-contra-lula-e-dilma","status":"publish","type":"post","link":"https:\/\/aconteceunovale.com.br\/portal\/?p=116805","title":{"rendered":"Procuradoria da Rep\u00fablica abre investiga\u00e7\u00e3o contra Lula e Dilma"},"content":{"rendered":"<p>A Procuradoria da Rep\u00fablica no Distrito Federal (PR-DF) abriu ontem (05\/06\/2017) uma investiga\u00e7\u00e3o penal para apurar o suposto recebimento pelos ex-presidentes Luiz In\u00e1cio Lula da Silva e Dilma Rousseff de US$ 80 milh\u00f5es il\u00edcitos em contas no exterior, conforme relatado por delatores do grupo empresarial J&#038;F.<\/p>\n<p>Os repasses foram relatados nos depoimentos ao Minist\u00e9rio P\u00fablico Federal (MPF) dos executivos Joesley Batista, um dos donos do J&#038;F, e Ricardo Saud, diretor do frigor\u00edfico JBS, uma das empresas do grupo.<\/p>\n<p>Segundo informa\u00e7\u00f5es repassadas pelo MPF ao Supremo Tribunal Federal (STF), os delatores informaram que cada um dos ex-presidentes tinha uma conta distinta no exterior. Do total, US$ 50 milh\u00f5es teriam sido destinados a Lula e US$ 30 milh\u00f5es a Dilma.<\/p>\n<p>O caso, segundo informou a PR-DF, guarda rela\u00e7\u00e3o com a Opera\u00e7\u00e3o Bulish, que investiga desvios no Banco Nacional do Desenvolvimento Econ\u00f4mico e Social (BNDES), e foi remetido \u00e0 primeira inst\u00e2ncia. A Justi\u00e7a Federal do DF ficar\u00e1 respons\u00e1vel por supervisionar o andamento do inqu\u00e9rito.<\/p>\n<p>Outros cinco casos relacionados a Lula e Dilma e decorrentes das dela\u00e7\u00f5es da J&#038;F foram remetidos \u00e0 procuradoria do Distrito Federal, mas ainda aguardam defini\u00e7\u00e3o sobre a abertura ou n\u00e3o de novos procedimentos de investiga\u00e7\u00e3o criminal.<\/p>\n<p>Ao menos tr\u00eas desses casos est\u00e3o relacionados a investiga\u00e7\u00f5es j\u00e1 em andamento: dois com a Opera\u00e7\u00e3o S\u00e9psis, sobre desvios na Caixa Econ\u00f4mica Federal comandados pelo ex-deputado Eduardo Cunha (PMDB-RJ); o outro com a Opera\u00e7\u00e3o Zelotes, que apura fraudes no Conselho Administrativo de Recursos Fiscais (Carf), \u00f3rg\u00e3o de apela\u00e7\u00e3o que julga a cobran\u00e7a de impostos.<\/p>\n<p>No momento em que os depoimentos dos delatores da J&#038;F se tornaram p\u00fablicos, a ex-presidenta Dilma Rousseff divulgou nota classificando as declara\u00e7\u00f5es de Joesley de \u201cimprocedentes e inver\u00eddicas\u201d. No texto, ela reafirmou que, \u201cmais uma vez, rejeita dela\u00e7\u00f5es sem provas ou ind\u00edcios\u201d.<\/p>\n<p><strong>VER PRIMEIRO<\/strong><\/p>\n<p>Receba as not\u00edcias do Aconteceu no Vale em primeira m\u00e3o. Clique em curtir no endere\u00e7o <a href=\"https:\/\/www.facebook.com\/aconteceunovale\" target=\"_blank\"><font color=\"red\">www.facebook.com\/aconteceunovale<\/font><\/a> ou no box abaixo:<\/p>\n<div class=\"fb-like\" data-href=\"https:\/\/www.facebook.com\/aconteceunovale\" data-width=\"120\" data-layout=\"standard\" data-action=\"like\" data-size=\"small\" data-show-faces=\"true\" data-share=\"true\"><\/div>\n<p><\/br><\/p>\n<p><em>(Fonte: Ag\u00eancia Brasil)<\/em><\/p>\n","protected":false},"excerpt":{"rendered":"<p>A Procuradoria da Rep\u00fablica no Distrito Federal (PR-DF) abriu ontem (05\/06\/2017) uma investiga\u00e7\u00e3o penal para apurar o suposto recebimento pelos ex-presidentes Luiz In\u00e1cio Lula da Silva e Dilma Rousseff de US$ 80 milh\u00f5es il\u00edcitos em contas no exterior, conforme relatado por delatores do grupo empresarial J&#038;F. Os repasses foram relatados nos depoimentos ao Minist\u00e9rio P\u00fablico [&hellip;]<\/p>\n","protected":false},"author":1,"featured_media":81872,"comment_status":"open","ping_status":"closed","sticky":false,"template":"","format":"standard","meta":{"amp_status":"","footnotes":""},"categories":[6,40240],"tags":[42850,99279,7148,2162,149456,152266,152263,83063,152262,149610,149434,14124,7147,5667,18887,152267,152265,152261,152264,149546,28511],"class_list":["post-116805","post","type-post","status-publish","format-standard","has-post-thumbnail","hentry","category-br","category-politica-2","tag-bndes","tag-delacao","tag-dilma","tag-dilma-rousseff","tag-frigorifico-jbs","tag-grupo-empresarial-jf","tag-investigacao-contra-dilma","tag-investigacao-contra-lula","tag-investigacao-contra-lula-e-dilma","tag-jf","tag-joesley-batista","tag-luiz-inacio-lula-da-silva","tag-lula","tag-ministerio-publico-federal","tag-mpf","tag-operacao-bulish","tag-pr-df","tag-procuradoria-da-republica-abre-investigacao-contra-lula-e-dilma","tag-procuradoria-da-republica-no-distrito-federal","tag-ricardo-saud","tag-stf"],"_links":{"self":[{"href":"https:\/\/aconteceunovale.com.br\/portal\/index.php?rest_route=\/wp\/v2\/posts\/116805","targetHints":{"allow":["GET"]}}],"collection":[{"href":"https:\/\/aconteceunovale.com.br\/portal\/index.php?rest_route=\/wp\/v2\/posts"}],"about":[{"href":"https:\/\/aconteceunovale.com.br\/portal\/index.php?rest_route=\/wp\/v2\/types\/post"}],"author":[{"embeddable":true,"href":"https:\/\/aconteceunovale.com.br\/portal\/index.php?rest_route=\/wp\/v2\/users\/1"}],"replies":[{"embeddable":true,"href":"https:\/\/aconteceunovale.com.br\/portal\/index.php?rest_route=%2Fwp%2Fv2%2Fcomments&post=116805"}],"version-history":[{"count":0,"href":"https:\/\/aconteceunovale.com.br\/portal\/index.php?rest_route=\/wp\/v2\/posts\/116805\/revisions"}],"wp:featuredmedia":[{"embeddable":true,"href":"https:\/\/aconteceunovale.com.br\/portal\/index.php?rest_route=\/wp\/v2\/media\/81872"}],"wp:attachment":[{"href":"https:\/\/aconteceunovale.com.br\/portal\/index.php?rest_route=%2Fwp%2Fv2%2Fmedia&parent=116805"}],"wp:term":[{"taxonomy":"category","embeddable":true,"href":"https:\/\/aconteceunovale.com.br\/portal\/index.php?rest_route=%2Fwp%2Fv2%2Fcategories&post=116805"},{"taxonomy":"post_tag","embeddable":true,"href":"https:\/\/aconteceunovale.com.br\/portal\/index.php?rest_route=%2Fwp%2Fv2%2Ftags&post=116805"}],"curies":[{"name":"wp","href":"https:\/\/api.w.org\/{rel}","templated":true}]}}