{"id":116746,"date":"2017-06-05T21:30:11","date_gmt":"2017-06-05T23:30:11","guid":{"rendered":"http:\/\/aconteceunovale.com.br\/portal\/?p=116746"},"modified":"2017-06-05T21:30:11","modified_gmt":"2017-06-05T23:30:11","slug":"exposicao-agropecuaria-deve-movimentar-cerca-de-r-300-milhoes-em-janauba","status":"publish","type":"post","link":"https:\/\/aconteceunovale.com.br\/portal\/?p=116746","title":{"rendered":"Exposi\u00e7\u00e3o agropecu\u00e1ria deve movimentar cerca de R$ 300 milh\u00f5es em Jana\u00faba"},"content":{"rendered":"<p>Os organizadores da 36\u00aa Exposi\u00e7\u00e3o Agropecu\u00e1ria de Jana\u00faba (Exp\u00f4 Jana\u00faba), no Norte de Minas, esperam receber mais de 250 mil pessoas nos 10 dias de evento, que \u00e9 realizado no parque de exposi\u00e7\u00f5es do munic\u00edpio desde sexta-feira (02\/06\/2017). A movimenta\u00e7\u00e3o financeira durante a exposi\u00e7\u00e3o deve ser superior a R$ 300 milh\u00f5es; somente nos leil\u00f5es de animais a previs\u00e3o \u00e9 de que sejam comercializados mais de R$ 8 milh\u00f5es.<\/p>\n<p>A exposi\u00e7\u00e3o \u00e9 refer\u00eancia em todo o estado, segundo a organiza\u00e7\u00e3o, devido \u00e0 qualidade dos animais que s\u00e3o levados durante o evento. Fato que se repete, mesmo com a crise h\u00eddrica vivida na regi\u00e3o.<\/p>\n<p>\u201cPela situa\u00e7\u00e3o de seca que estamos passando a\u00ed, estamos vivendo os \u00faltimos sete anos de seca terr\u00edveis e isso reduz bastante nosso rebanho. Estamos com cerca de 30% a menos na quantidade de animais, mas a qualidade gen\u00e9tica superior como sempre Jana\u00faba colocou no mercado nacional\u201d, explica o presidente do Sindicato Rural, Jos\u00e9 Aparecido Mendes.<\/p>\n<p>V\u00e1rios artistas nacionais e regionais tamb\u00e9m se apresentam durante a exposi\u00e7\u00e3o. <\/p>\n<p><img decoding=\"async\" src=\"http:\/\/aconteceunovale.com.br\/portal\/wp-content\/uploads\/2017\/06\/expo_janauba_1.jpg\" alt=\"\" \/><em>Leil\u00f5es devem movimentar R$ 8 milh\u00f5es (Foto: Oliveira JR\/Divulga\u00e7\u00e3o)<\/em><br \/>\n<\/br><\/p>\n<p>A partir desta segunda-feira (5) at\u00e9 a quarta-feira (7), a apresenta\u00e7\u00e3o musical \u00e9 por conta dos artistas regionais. Na quinta-feira (8) o evento traz um show gospel, com a cantora Bruna Karla.<\/p>\n<p>Na sexta-feira (9) show sertanejo com Luan Santana. No s\u00e1bado (10) a cantora baiana Ivete Sangalo anima a festa. E no \u00faltimo dia do evento, domingo (11), a dupla sertaneja Z\u00e9 Neto e Cristiano se apresentam e encerram a 36\u00aa Exp\u00f4 Jana\u00faba.<\/p>\n<p><img decoding=\"async\" src=\"http:\/\/aconteceunovale.com.br\/portal\/wp-content\/uploads\/2017\/06\/expo_janauba_2.jpg\" alt=\"\" \/><em>Evento tem shows todos os dias (Foto: Oliveira JR\/Divulga\u00e7\u00e3o)<\/em><br \/>\n<\/br><\/p>\n<p><img decoding=\"async\" src=\"http:\/\/aconteceunovale.com.br\/portal\/wp-content\/uploads\/2017\/06\/expo_janauba_3.jpg\" alt=\"\" \/><br \/>\n<\/br><\/p>\n<p><strong>VER PRIMEIRO<\/strong><\/p>\n<p>Receba as not\u00edcias do Aconteceu no Vale em primeira m\u00e3o. Clique em curtir no endere\u00e7o <a href=\"https:\/\/www.facebook.com\/aconteceunovale\" target=\"_blank\"><font color=\"red\">www.facebook.com\/aconteceunovale<\/font><\/a> ou no box abaixo:<\/p>\n<div class=\"fb-like\" data-href=\"https:\/\/www.facebook.com\/aconteceunovale\" data-width=\"120\" data-layout=\"standard\" data-action=\"like\" data-size=\"small\" data-show-faces=\"true\" data-share=\"true\"><\/div>\n<p><\/br><\/p>\n<p><em>(Fonte: G1 Grande Minas)<\/em><\/p>\n","protected":false},"excerpt":{"rendered":"<p>Os organizadores da 36\u00aa Exposi\u00e7\u00e3o Agropecu\u00e1ria de Jana\u00faba (Exp\u00f4 Jana\u00faba), no Norte de Minas, esperam receber mais de 250 mil pessoas nos 10 dias de evento, que \u00e9 realizado no parque de exposi\u00e7\u00f5es do munic\u00edpio desde sexta-feira (02\/06\/2017). A movimenta\u00e7\u00e3o financeira durante a exposi\u00e7\u00e3o deve ser superior a R$ 300 milh\u00f5es; somente nos leil\u00f5es de [&hellip;]<\/p>\n","protected":false},"author":1,"featured_media":116749,"comment_status":"open","ping_status":"closed","sticky":false,"template":"","format":"standard","meta":{"amp_status":"","footnotes":""},"categories":[125,1236],"tags":[152147,152144,152153,152154,8245,152143,152155,152156,152145,152146,152157,152148,152151,152152,152149,152150],"class_list":["post-116746","post","type-post","status-publish","format-standard","has-post-thumbnail","hentry","category-noticias","category-norte_de_minas","tag-36a-expo-janauba","tag-36a-exposicao-agropecuaria-de-janauba","tag-atracoes-expo-janauba","tag-bandas-expo-janauba","tag-expo-janauba","tag-expo-janauba-2017","tag-expo-janauba-deve-movimentar-cerca-de-r-300-milhoes-em-dez-dias","tag-expo-janauba-deve-movimentar-cerca-de-r-300-milhoes-em-dez-dias-de-festa","tag-exposicao-agropecuaria-de-janauba","tag-exposicao-agropecuaria-de-janauba-2017","tag-exposicao-agropecuaria-deve-movimentar-cerca-de-r-300-milhoes-em-janauba","tag-maior-encontro-do-agronegocio-de-minas-gerais","tag-programacao-expo-janauba","tag-programacao-expo-janauba-2017","tag-shows-expo-janauba","tag-shows-expo-janauba-2017"],"_links":{"self":[{"href":"https:\/\/aconteceunovale.com.br\/portal\/index.php?rest_route=\/wp\/v2\/posts\/116746","targetHints":{"allow":["GET"]}}],"collection":[{"href":"https:\/\/aconteceunovale.com.br\/portal\/index.php?rest_route=\/wp\/v2\/posts"}],"about":[{"href":"https:\/\/aconteceunovale.com.br\/portal\/index.php?rest_route=\/wp\/v2\/types\/post"}],"author":[{"embeddable":true,"href":"https:\/\/aconteceunovale.com.br\/portal\/index.php?rest_route=\/wp\/v2\/users\/1"}],"replies":[{"embeddable":true,"href":"https:\/\/aconteceunovale.com.br\/portal\/index.php?rest_route=%2Fwp%2Fv2%2Fcomments&post=116746"}],"version-history":[{"count":0,"href":"https:\/\/aconteceunovale.com.br\/portal\/index.php?rest_route=\/wp\/v2\/posts\/116746\/revisions"}],"wp:featuredmedia":[{"embeddable":true,"href":"https:\/\/aconteceunovale.com.br\/portal\/index.php?rest_route=\/wp\/v2\/media\/116749"}],"wp:attachment":[{"href":"https:\/\/aconteceunovale.com.br\/portal\/index.php?rest_route=%2Fwp%2Fv2%2Fmedia&parent=116746"}],"wp:term":[{"taxonomy":"category","embeddable":true,"href":"https:\/\/aconteceunovale.com.br\/portal\/index.php?rest_route=%2Fwp%2Fv2%2Fcategories&post=116746"},{"taxonomy":"post_tag","embeddable":true,"href":"https:\/\/aconteceunovale.com.br\/portal\/index.php?rest_route=%2Fwp%2Fv2%2Ftags&post=116746"}],"curies":[{"name":"wp","href":"https:\/\/api.w.org\/{rel}","templated":true}]}}