{"id":116654,"date":"2017-06-04T13:34:03","date_gmt":"2017-06-04T15:34:03","guid":{"rendered":"http:\/\/aconteceunovale.com.br\/portal\/?p=116654"},"modified":"2017-06-04T13:34:03","modified_gmt":"2017-06-04T15:34:03","slug":"mantena-tera-linha-de-onibus-circular-a-partir-desta-segunda-feira","status":"publish","type":"post","link":"https:\/\/aconteceunovale.com.br\/portal\/?p=116654","title":{"rendered":"Mantena ter\u00e1 linha de \u00f4nibus circular a partir desta segunda-feira"},"content":{"rendered":"<p>Os moradores de Mantena, no Vale do Rio Doce, v\u00e3o ganhar uma linha circular de \u00f4nibus a partir desta segunda-feira (05\/06\/2017). Segundo a Prefeitura Municipal, o objetivo \u00e9 oferecer um transporte p\u00fablico com seguran\u00e7a, comodidade e conforto para os moradores. O valor da tarifa ser\u00e1 de R$ 1,50.<\/p>\n<p>A linha ser\u00e1 operada pela Via\u00e7\u00e3o Pretti, com hor\u00e1rios de funcionamento das 6h \u00e0s 18h nos dias \u00fateis e at\u00e9 \u00e0s 14h aos s\u00e1bados. A princ\u00edpio, o intervalo de cada viagem ser\u00e1 de 40 minutos, mas com a consolida\u00e7\u00e3o da linha o quadro de hor\u00e1rios e o itiner\u00e1rio poder\u00e3o ser ampliados.<\/p>\n<h3>Rota<\/h3>\n<p><em>O \u00f4nibus ter\u00e1 a seguinte rota: sair\u00e1 do Terminal Rodovi\u00e1rio, passar\u00e1 pela Avenida Jos\u00e9 Mol, Rua Benedito Valadares, Rua Miguel horas Huebra, Avenida Frei Inoc\u00eancio, Avenida General Dultra, Avenida Frei Gaspar e ter\u00e1 como ponto final a Ind\u00fastria de Confec\u00e7\u00f5es By Hare.<\/p>\n<p>O \u00f4nibus retornar\u00e1 pela Avenida Frei Gaspar, Avenida General Dultra, entrando na Rua Cricar\u00e9, Rua Ana Rocha, Avenida Francisco Lima &#8211; Bairro \u2013 Santo Ant\u00f4nio, Rua dos Oper\u00e1rios \u2013 Bairro \u2013  Omar Paix\u00e3o, Avenida H\u00e9lio Emerique \u2013 Santos Prates I, Pra\u00e7a Ant\u00f4nio Jos\u00e9 Carlos \u2013 Santos Prates I, Avenida A \u2013 Bairro Bela Vista, Rua M Bairro \u2013 13 de junho, Avenida Get\u00falio Vargas, Rua \u2013 Benedito Valadares, Rua \u2013 Prefeito Anast\u00e1cio, Avenida Jos\u00e9 mol, at\u00e9 Rodovi\u00e1ria.<\/em><\/p>\n<p><img decoding=\"async\" src=\"http:\/\/aconteceunovale.com.br\/portal\/wp-content\/uploads\/2017\/06\/bus_mantena_1.jpg\" alt=\"\" \/><\/p>\n<p><img decoding=\"async\" src=\"http:\/\/aconteceunovale.com.br\/portal\/wp-content\/uploads\/2017\/06\/bus_mantena_2.jpg\" alt=\"\" \/><\/p>\n<p><img decoding=\"async\" src=\"http:\/\/aconteceunovale.com.br\/portal\/wp-content\/uploads\/2017\/06\/bus_mantena_3.jpg\" alt=\"\" \/><\/p>\n<p><img decoding=\"async\" src=\"http:\/\/aconteceunovale.com.br\/portal\/wp-content\/uploads\/2017\/06\/bus_mantena_4.jpg\" alt=\"\" \/><\/p>\n<p><strong>VER PRIMEIRO<\/strong><\/p>\n<p>Receba as not\u00edcias do Aconteceu no Vale em primeira m\u00e3o. Clique em curtir no endere\u00e7o <a href=\"https:\/\/www.facebook.com\/aconteceunovale\" target=\"_blank\"><font color=\"red\">www.facebook.com\/aconteceunovale<\/font><\/a> ou no box abaixo:<\/p>\n<div class=\"fb-like\" data-href=\"https:\/\/www.facebook.com\/aconteceunovale\" data-width=\"120\" data-layout=\"standard\" data-action=\"like\" data-size=\"small\" data-show-faces=\"true\" data-share=\"true\"><\/div>\n<p><\/br><\/p>\n<p><em>(Com informa\u00e7\u00f5es da Prefeitura de Mantena)<\/em><\/p>\n","protected":false},"excerpt":{"rendered":"<p>Os moradores de Mantena, no Vale do Rio Doce, v\u00e3o ganhar uma linha circular de \u00f4nibus a partir desta segunda-feira (05\/06\/2017). Segundo a Prefeitura Municipal, o objetivo \u00e9 oferecer um transporte p\u00fablico com seguran\u00e7a, comodidade e conforto para os moradores. O valor da tarifa ser\u00e1 de R$ 1,50. A linha ser\u00e1 operada pela Via\u00e7\u00e3o Pretti, [&hellip;]<\/p>\n","protected":false},"author":1,"featured_media":116656,"comment_status":"open","ping_status":"closed","sticky":false,"template":"","format":"standard","meta":{"amp_status":"","footnotes":""},"categories":[121],"tags":[1516,151980,151982,151981,151983,151984,151985],"class_list":["post-116654","post","type-post","status-publish","format-standard","has-post-thumbnail","hentry","category-leste","tag-mantena","tag-mantena-tera-linha-de-onibus-circular-a-partir-desta-segunda-feira","tag-onibus-circular-em-mantena","tag-transporte-coletivo-em-mantena","tag-transporte-por-onibus-em-mantena","tag-viacao-pretti","tag-viacao-pretti-mantena"],"_links":{"self":[{"href":"https:\/\/aconteceunovale.com.br\/portal\/index.php?rest_route=\/wp\/v2\/posts\/116654","targetHints":{"allow":["GET"]}}],"collection":[{"href":"https:\/\/aconteceunovale.com.br\/portal\/index.php?rest_route=\/wp\/v2\/posts"}],"about":[{"href":"https:\/\/aconteceunovale.com.br\/portal\/index.php?rest_route=\/wp\/v2\/types\/post"}],"author":[{"embeddable":true,"href":"https:\/\/aconteceunovale.com.br\/portal\/index.php?rest_route=\/wp\/v2\/users\/1"}],"replies":[{"embeddable":true,"href":"https:\/\/aconteceunovale.com.br\/portal\/index.php?rest_route=%2Fwp%2Fv2%2Fcomments&post=116654"}],"version-history":[{"count":0,"href":"https:\/\/aconteceunovale.com.br\/portal\/index.php?rest_route=\/wp\/v2\/posts\/116654\/revisions"}],"wp:featuredmedia":[{"embeddable":true,"href":"https:\/\/aconteceunovale.com.br\/portal\/index.php?rest_route=\/wp\/v2\/media\/116656"}],"wp:attachment":[{"href":"https:\/\/aconteceunovale.com.br\/portal\/index.php?rest_route=%2Fwp%2Fv2%2Fmedia&parent=116654"}],"wp:term":[{"taxonomy":"category","embeddable":true,"href":"https:\/\/aconteceunovale.com.br\/portal\/index.php?rest_route=%2Fwp%2Fv2%2Fcategories&post=116654"},{"taxonomy":"post_tag","embeddable":true,"href":"https:\/\/aconteceunovale.com.br\/portal\/index.php?rest_route=%2Fwp%2Fv2%2Ftags&post=116654"}],"curies":[{"name":"wp","href":"https:\/\/api.w.org\/{rel}","templated":true}]}}