{"id":116651,"date":"2017-06-04T13:17:35","date_gmt":"2017-06-04T15:17:35","guid":{"rendered":"http:\/\/aconteceunovale.com.br\/portal\/?p=116651"},"modified":"2017-06-04T13:17:35","modified_gmt":"2017-06-04T15:17:35","slug":"ipatinga-investe-24-de-receita-em-saude","status":"publish","type":"post","link":"https:\/\/aconteceunovale.com.br\/portal\/?p=116651","title":{"rendered":"Ipatinga investe 24% de receita em Sa\u00fade"},"content":{"rendered":"<p>A Secretaria de Sa\u00fade de Ipatinga apresentou em audi\u00eancia p\u00fablica no plen\u00e1rio da C\u00e2mara de Vereadores, na manh\u00e3 de ter\u00e7a-feira (30), a presta\u00e7\u00e3o de contas referente ao 1\u00ba quadrimestre de 2017. Conforme dados que integram o relat\u00f3rio f\u00edsico-financeiro da pasta, de 1\u00ba de janeiro a 30 de abril deste ano, o munic\u00edpio investiu na \u00e1rea, recursos de R$ 65.016.030,85. As a\u00e7\u00f5es englobam projetos de recomposi\u00e7\u00e3o e custeio de quadro de pessoal, aquisi\u00e7\u00e3o de equipamentos e mobili\u00e1rios para as unidades, manuten\u00e7\u00e3o e amplia\u00e7\u00e3o de servi\u00e7os e conv\u00eanios com hospitais e cl\u00ednicas, al\u00e9m de melhorias na infraestrutura da rede.<\/p>\n<p>\u00c1rea priorit\u00e1ria da Administra\u00e7\u00e3o municipal, a Sa\u00fade recebeu aportes financeiros significativos e acima da exig\u00eancia constitucional neste 1\u00ba quadrimestre. A Emenda Constitucional 29 obriga os munic\u00edpios a aplicarem no m\u00ednimo 15% da receita anual em sa\u00fade. Em Ipatinga, neste per\u00edodo, os investimentos com recursos pr\u00f3prios foram de R$ 32 milh\u00f5es, representando R$ 13 milh\u00f5es a mais que o preconizado pela Constitui\u00e7\u00e3o. Foram investidos 24% das receitas.<\/p>\n<p>O secret\u00e1rio de Sa\u00fade, Ededwin Windsor, direcionou a equipe t\u00e9cnica para apresenta\u00e7\u00e3o das a\u00e7\u00f5es, fluxos e atendimentos realizados em cada \u00e1rea: na aten\u00e7\u00e3o b\u00e1sica; especializada, e hospitalar e de urg\u00eancia.<\/p>\n<p>A audi\u00eancia p\u00fablica atende \u00e0 Lei Complementar n\u00b0 141\/2012, que disp\u00f5e sobre a avalia\u00e7\u00e3o e o controle das despesas com a sa\u00fade. A exposi\u00e7\u00e3o foi acompanhada pelos integrantes da Comiss\u00e3o de Sa\u00fade P\u00fablica, Trabalho e Bem-Estar Social do Legislativo, os vereadores Wanderson Gandra e Ademir Cl\u00e1udio. Estava presente ainda a presidente do Conselho Municipal de Sa\u00fade, Gisele Coutinho.<\/p>\n<p>Outros que acompanharam a reuni\u00e3o foram os vereadores Ant\u00f4nio Alves de Oliveira (Tunico), Lene Teixeira, Jadson Heleno, Luiz M\u00e1rcio Rocha e Rita de C\u00e1ssia Souza (Cassinha), al\u00e9m de servidores, representantes das Comiss\u00f5es Locais de Sa\u00fade e lideran\u00e7as comunit\u00e1rias.<\/p>\n<p><img decoding=\"async\" src=\"http:\/\/aconteceunovale.com.br\/portal\/wp-content\/uploads\/2017\/06\/audiencia_ipatinga.jpg\" alt=\"\" \/><em>Presta\u00e7\u00e3o de contas foi apresentada em audi\u00eancia na C\u00e2mara (Foto: SECOM\/PMI)<\/em><br \/>\n<\/br><\/p>\n<p><strong>VER PRIMEIRO<\/strong><\/p>\n<p>Receba as not\u00edcias do Aconteceu no Vale em primeira m\u00e3o. Clique em curtir no endere\u00e7o <a href=\"https:\/\/www.facebook.com\/aconteceunovale\" target=\"_blank\"><font color=\"red\">www.facebook.com\/aconteceunovale<\/font><\/a> ou no box abaixo:<\/p>\n<div class=\"fb-like\" data-href=\"https:\/\/www.facebook.com\/aconteceunovale\" data-width=\"120\" data-layout=\"standard\" data-action=\"like\" data-size=\"small\" data-show-faces=\"true\" data-share=\"true\"><\/div>\n<p><\/br><\/p>\n<p><em>(Fonte: SECOM\/PMI)<\/em><\/p>\n","protected":false},"excerpt":{"rendered":"<p>A Secretaria de Sa\u00fade de Ipatinga apresentou em audi\u00eancia p\u00fablica no plen\u00e1rio da C\u00e2mara de Vereadores, na manh\u00e3 de ter\u00e7a-feira (30), a presta\u00e7\u00e3o de contas referente ao 1\u00ba quadrimestre de 2017. Conforme dados que integram o relat\u00f3rio f\u00edsico-financeiro da pasta, de 1\u00ba de janeiro a 30 de abril deste ano, o munic\u00edpio investiu na \u00e1rea, [&hellip;]<\/p>\n","protected":false},"author":1,"featured_media":116652,"comment_status":"open","ping_status":"closed","sticky":false,"template":"","format":"standard","meta":{"amp_status":"","footnotes":""},"categories":[121,40242],"tags":[151978,151976,151973,201,151979,151975,151972,151971,151974,151977],"class_list":["post-116651","post","type-post","status-publish","format-standard","has-post-thumbnail","hentry","category-leste","category-saude-2","tag-ademir-claudio","tag-ededwin-windsor","tag-investimento-em-saude-em-ipatinga","tag-ipatinga","tag-ipatinga-investe-24-de-receita-em-saude","tag-recursos-para-saude-em-ipatinga","tag-saude-em-ipatinga","tag-secretaria-de-saude-de-ipatinga","tag-verba-para-saude-em-ipatinga","tag-wanderson-gandra"],"_links":{"self":[{"href":"https:\/\/aconteceunovale.com.br\/portal\/index.php?rest_route=\/wp\/v2\/posts\/116651","targetHints":{"allow":["GET"]}}],"collection":[{"href":"https:\/\/aconteceunovale.com.br\/portal\/index.php?rest_route=\/wp\/v2\/posts"}],"about":[{"href":"https:\/\/aconteceunovale.com.br\/portal\/index.php?rest_route=\/wp\/v2\/types\/post"}],"author":[{"embeddable":true,"href":"https:\/\/aconteceunovale.com.br\/portal\/index.php?rest_route=\/wp\/v2\/users\/1"}],"replies":[{"embeddable":true,"href":"https:\/\/aconteceunovale.com.br\/portal\/index.php?rest_route=%2Fwp%2Fv2%2Fcomments&post=116651"}],"version-history":[{"count":0,"href":"https:\/\/aconteceunovale.com.br\/portal\/index.php?rest_route=\/wp\/v2\/posts\/116651\/revisions"}],"wp:featuredmedia":[{"embeddable":true,"href":"https:\/\/aconteceunovale.com.br\/portal\/index.php?rest_route=\/wp\/v2\/media\/116652"}],"wp:attachment":[{"href":"https:\/\/aconteceunovale.com.br\/portal\/index.php?rest_route=%2Fwp%2Fv2%2Fmedia&parent=116651"}],"wp:term":[{"taxonomy":"category","embeddable":true,"href":"https:\/\/aconteceunovale.com.br\/portal\/index.php?rest_route=%2Fwp%2Fv2%2Fcategories&post=116651"},{"taxonomy":"post_tag","embeddable":true,"href":"https:\/\/aconteceunovale.com.br\/portal\/index.php?rest_route=%2Fwp%2Fv2%2Ftags&post=116651"}],"curies":[{"name":"wp","href":"https:\/\/api.w.org\/{rel}","templated":true}]}}