{"id":116646,"date":"2017-06-04T13:08:53","date_gmt":"2017-06-04T15:08:53","guid":{"rendered":"http:\/\/aconteceunovale.com.br\/portal\/?p=116646"},"modified":"2017-06-04T13:08:53","modified_gmt":"2017-06-04T15:08:53","slug":"criancas-plantam-arvores-no-pico-da-ibituruna-em-governador-valadares","status":"publish","type":"post","link":"https:\/\/aconteceunovale.com.br\/portal\/?p=116646","title":{"rendered":"Crian\u00e7as plantam \u00e1rvores no Pico da Ibituruna, em Governador Valadares"},"content":{"rendered":"<p>Em breve, o Pico da Ibituruna ficar\u00e1 mais verde. \u00c9 que na manh\u00e3 dessa sexta-feira (02\/06\/2017), um grupo formado por 40 crian\u00e7as de Governador Valadares, a maioria com cinco anos de idade, plantaram mudas em uma \u00e1rea que fica logo no in\u00edcio da estrada principal de acesso ao cart\u00e3o-postal da cidade.<\/p>\n<p>A a\u00e7\u00e3o faz parte da programa\u00e7\u00e3o alusiva \u00e0 Semana do Meio Ambiente desenvolvida pela Pol\u00edcia Militar do Meio Ambiente, em parceria com a Secretaria Municipal de Obras e Servi\u00e7os Urbanos (SMO) e a FIEMG Regional Rio Doce.<\/p>\n<p>As crian\u00e7as s\u00e3o estudantes do Centro Municipal de Educa\u00e7\u00e3o Infantil Augusto Soares da Cunha, bairro Vila Isa, que tamb\u00e9m aprenderam sobre descarte correto de lixo, reciclagem e a import\u00e2ncia do meio ambiente. <\/p>\n<p><img decoding=\"async\" src=\"http:\/\/aconteceunovale.com.br\/portal\/wp-content\/uploads\/2017\/06\/plantio_ibituruna_gv_1.jpg\" alt=\"\" \/><\/p>\n<p><img decoding=\"async\" src=\"http:\/\/aconteceunovale.com.br\/portal\/wp-content\/uploads\/2017\/06\/plantio_ibituruna_gv_2.jpg\" alt=\"\" \/><\/p>\n<p><img decoding=\"async\" src=\"http:\/\/aconteceunovale.com.br\/portal\/wp-content\/uploads\/2017\/06\/plantio_ibituruna_gv_3.jpg\" alt=\"\" \/><\/p>\n<p><strong>VER PRIMEIRO<\/strong><\/p>\n<p>Receba as not\u00edcias do Aconteceu no Vale em primeira m\u00e3o. Clique em curtir no endere\u00e7o <a href=\"https:\/\/www.facebook.com\/aconteceunovale\" target=\"_blank\"><font color=\"red\">www.facebook.com\/aconteceunovale<\/font><\/a> ou no box abaixo:<\/p>\n<div class=\"fb-like\" data-href=\"https:\/\/www.facebook.com\/aconteceunovale\" data-width=\"120\" data-layout=\"standard\" data-action=\"like\" data-size=\"small\" data-show-faces=\"true\" data-share=\"true\"><\/div>\n<p><\/br><\/p>\n<p><em>(Fotos e informa\u00e7\u00f5es da Assessoria de Comunica\u00e7\u00e3o da Prefeitura de Valadares)<\/em><\/p>\n","protected":false},"excerpt":{"rendered":"<p>Em breve, o Pico da Ibituruna ficar\u00e1 mais verde. \u00c9 que na manh\u00e3 dessa sexta-feira (02\/06\/2017), um grupo formado por 40 crian\u00e7as de Governador Valadares, a maioria com cinco anos de idade, plantaram mudas em uma \u00e1rea que fica logo no in\u00edcio da estrada principal de acesso ao cart\u00e3o-postal da cidade. A a\u00e7\u00e3o faz parte [&hellip;]<\/p>\n","protected":false},"author":1,"featured_media":116647,"comment_status":"open","ping_status":"closed","sticky":false,"template":"","format":"standard","meta":{"amp_status":"","footnotes":""},"categories":[121],"tags":[151970,151965,151966,66364,151968,247,2487,151967,151969],"class_list":["post-116646","post","type-post","status-publish","format-standard","has-post-thumbnail","hentry","category-leste","tag-centro-municipal-de-educacao-infantil-augusto-soares-da-cunha","tag-criancas-plantam-arvores-no-pico-da-ibituruna","tag-criancas-plantam-arvores-no-pico-da-ibituruna-em-governador-valadares","tag-em-governador-valadares","tag-fiemg-regional-rio-doce","tag-governador-valadares","tag-pico-da-ibituruna","tag-plantio-de-arvores-no-pico-da-ibituruna","tag-policia-militar-do-meio-ambiente"],"_links":{"self":[{"href":"https:\/\/aconteceunovale.com.br\/portal\/index.php?rest_route=\/wp\/v2\/posts\/116646","targetHints":{"allow":["GET"]}}],"collection":[{"href":"https:\/\/aconteceunovale.com.br\/portal\/index.php?rest_route=\/wp\/v2\/posts"}],"about":[{"href":"https:\/\/aconteceunovale.com.br\/portal\/index.php?rest_route=\/wp\/v2\/types\/post"}],"author":[{"embeddable":true,"href":"https:\/\/aconteceunovale.com.br\/portal\/index.php?rest_route=\/wp\/v2\/users\/1"}],"replies":[{"embeddable":true,"href":"https:\/\/aconteceunovale.com.br\/portal\/index.php?rest_route=%2Fwp%2Fv2%2Fcomments&post=116646"}],"version-history":[{"count":0,"href":"https:\/\/aconteceunovale.com.br\/portal\/index.php?rest_route=\/wp\/v2\/posts\/116646\/revisions"}],"wp:featuredmedia":[{"embeddable":true,"href":"https:\/\/aconteceunovale.com.br\/portal\/index.php?rest_route=\/wp\/v2\/media\/116647"}],"wp:attachment":[{"href":"https:\/\/aconteceunovale.com.br\/portal\/index.php?rest_route=%2Fwp%2Fv2%2Fmedia&parent=116646"}],"wp:term":[{"taxonomy":"category","embeddable":true,"href":"https:\/\/aconteceunovale.com.br\/portal\/index.php?rest_route=%2Fwp%2Fv2%2Fcategories&post=116646"},{"taxonomy":"post_tag","embeddable":true,"href":"https:\/\/aconteceunovale.com.br\/portal\/index.php?rest_route=%2Fwp%2Fv2%2Ftags&post=116646"}],"curies":[{"name":"wp","href":"https:\/\/api.w.org\/{rel}","templated":true}]}}