{"id":116638,"date":"2017-06-04T12:40:18","date_gmt":"2017-06-04T14:40:18","guid":{"rendered":"http:\/\/aconteceunovale.com.br\/portal\/?p=116638"},"modified":"2017-06-04T12:40:18","modified_gmt":"2017-06-04T14:40:18","slug":"montes-claros-tera-feira-de-produtos-organicos-a-partir-de-15-de-junho","status":"publish","type":"post","link":"https:\/\/aconteceunovale.com.br\/portal\/?p=116638","title":{"rendered":"Montes Claros ter\u00e1 feira de produtos org\u00e2nicos a partir de 15 de junho"},"content":{"rendered":"<p>A popula\u00e7\u00e3o de Montes Claros poder\u00e1 adquirir a partir do dia 15 de junho, frutas, legumes, verduras e tamb\u00e9m produtos como bolos e biscoitos, produzidos e cultivados por agricultores familiares, sem o uso de agrot\u00f3xicos, atrav\u00e9s da feira livre de produtos org\u00e2nicos que funcionar\u00e1 sempre \u00e0s quintas-feiras, \u00e0 noite, na pra\u00e7a Flamarion Wanderley, bairro S\u00e3o Jos\u00e9.<\/p>\n<p>A iniciativa \u00e9 da Prefeitura de Montes Claros, atrav\u00e9s das secretarias de Agricultura e Abastecimento e de Meio Ambiente e Desenvolvimento Sustent\u00e1vel, em parceria com a Associa\u00e7\u00e3o dos moradores do bairro S\u00e3o Jos\u00e9, dos agricultores familiares, da Funda\u00e7\u00e3o Banco do Brasil e Emater. A Feira ser\u00e1 dotada de toda infraestrutura com banheiros qu\u00edmicos e torneiras.<\/p>\n<p>Para o secret\u00e1rio municipal de Agricultura e Abastecimento de Montes Claros, Osmani Barbosa Neto, a procura por alimentos livres de agrot\u00f3xicos tem aumentado entre os consumidores em geral, que t\u00eam se preocupado cada vez mais em ter uma alimenta\u00e7\u00e3o saud\u00e1vel. \u201cAl\u00e9m de consumir produtos mais saud\u00e1veis, quem adquirir os alimentos comercializados na Feira de Produtos Org\u00e2nicos fomentar\u00e1 a agricultura familiar, al\u00e9m de fazer economia, porque os pre\u00e7os s\u00e3o muito acess\u00edveis\u201d, disse. <\/p>\n<p>Para a presidente da associa\u00e7\u00e3o dos moradores do bairro S\u00e3o Jos\u00e9, Rita Cristina Costa, ser\u00e1 criada uma comiss\u00e3o composta por representantes da Secretaria Municipal de Agricultura, da Funda\u00e7\u00e3o do Banco do Brasil, da Associa\u00e7\u00e3o dos moradores do bairro S\u00e3o Jos\u00e9 e com representantes dos pequenos produtores das comunidades do Planalto Rural e Logoinha, para regularizar a feira e criar seu estatuto. \u201cEstamos regularizando a documenta\u00e7\u00e3o, mas j\u00e1 est\u00e1 decidido que a feira de produtos org\u00e2nicos acontecer\u00e1 todas as quintas-feiras, das 18 \u00e0s 21 horas, na pra\u00e7a Flamarion Wanderley, com 25 barracas padronizadas e que cada produtor ter\u00e1 um limite de barracas, para evitar a figura do atravessador\u201d. Explicou Costa. Segundo ela, al\u00e9m das frutas e verduras, ser\u00e3o comercializados doces, biscoitos e outros produtos artesanais.<\/p>\n<p>Para o agricultor familiar Jo\u00e3o Simael Ferreira da Silva, a realiza\u00e7\u00e3o da feira de produtos org\u00e2nicos ir\u00e1 agregar valores e j\u00e1 est\u00e1 deixando os produtores euf\u00f3ricos a com a possibilidade de aumentar a produ\u00e7\u00e3o e valorizar mais seus produtos. \u201cEstamos entusiasmados com esta feira, e eu j\u00e1 estou com medo de n\u00e3o dar conta, devido \u00e0 demanda que dever\u00e1 ser grande. Mas se Deus quiser, vamos aumentar nossa produ\u00e7\u00e3o para atender todo mundo, com pre\u00e7o mais barato e com um ganho maior, pois venderemos diretamente para a popula\u00e7\u00e3o\u201d, explicou o produtor.<\/p>\n<p>Simael cultiva 20 mil p\u00e9s de morangos sem o uso de agrot\u00f3xicos, mesmo sendo uma planta de baixa resist\u00eancia a ataques de pragas e doen\u00e7as. \u201cEu n\u00e3o uso nem defensivo org\u00e2nico, muito menos agrot\u00f3xico, que al\u00e9m de envenenar o produto ainda mata tudo, principalmente os passarinhos. Prefiro deixar a bicharada comer, pois ainda sobra muito morango. At\u00e9 parece que eles fazem \u00e9 dobrar\u201d, comentou Simael.<\/p>\n<p><img decoding=\"async\" src=\"http:\/\/aconteceunovale.com.br\/portal\/wp-content\/uploads\/2017\/06\/feira_moc_1.jpg\" alt=\"\" \/><em>Objetivo \u00e9 valorizar a agricultura familiar (Foto: F\u00e1bio Mar\u00e7al\/Prefeitura de Montes Claros)<\/em><br \/>\n<\/br><\/p>\n<p><img decoding=\"async\" src=\"http:\/\/aconteceunovale.com.br\/portal\/wp-content\/uploads\/2017\/06\/feira_moc_2.jpg\" alt=\"\" \/><em>Objetivo \u00e9 valorizar a agricultura familiar (Foto: F\u00e1bio Mar\u00e7al\/Prefeitura de Montes Claros)<\/em><br \/>\n<\/br><\/p>\n<p><strong>VER PRIMEIRO<\/strong><\/p>\n<p>Receba as not\u00edcias do Aconteceu no Vale em primeira m\u00e3o. Clique em curtir no endere\u00e7o <a href=\"https:\/\/www.facebook.com\/aconteceunovale\" target=\"_blank\"><font color=\"red\">www.facebook.com\/aconteceunovale<\/font><\/a> ou no box abaixo:<\/p>\n<div class=\"fb-like\" data-href=\"https:\/\/www.facebook.com\/aconteceunovale\" data-width=\"120\" data-layout=\"standard\" data-action=\"like\" data-size=\"small\" data-show-faces=\"true\" data-share=\"true\"><\/div>\n<p><\/br><\/p>\n<p><em>(Fonte: Prefeitura de Montes Claros)<\/em><\/p>\n","protected":false},"excerpt":{"rendered":"<p>A popula\u00e7\u00e3o de Montes Claros poder\u00e1 adquirir a partir do dia 15 de junho, frutas, legumes, verduras e tamb\u00e9m produtos como bolos e biscoitos, produzidos e cultivados por agricultores familiares, sem o uso de agrot\u00f3xicos, atrav\u00e9s da feira livre de produtos org\u00e2nicos que funcionar\u00e1 sempre \u00e0s quintas-feiras, \u00e0 noite, na pra\u00e7a Flamarion Wanderley, bairro S\u00e3o [&hellip;]<\/p>\n","protected":false},"author":1,"featured_media":116639,"comment_status":"open","ping_status":"closed","sticky":false,"template":"","format":"standard","meta":{"amp_status":"","footnotes":""},"categories":[1236],"tags":[151958,1018,734,151955,151953,151954,133265,151957,151956,84277,151962,210,151964,151963,50647,30996,151960,151961,151959],"class_list":["post-116638","post","type-post","status-publish","format-standard","has-post-thumbnail","hentry","category-norte_de_minas","tag-associacao-dos-moradores-do-bairro-sao-jose","tag-destaque","tag-emater","tag-feira-de-produtos-organicos-em-montes-claros","tag-feira-em-montes-claros","tag-feira-livre-de-produtos-organicos-em-montes-claros","tag-feira-livre-em-montes-claros","tag-feira-livre-na-praca-flamarion-wanderley","tag-feira-na-praca-flamarion-wanderley","tag-fundacao-banco-do-brasil","tag-joao-simael-ferreira-da-silva","tag-montes-claros","tag-montes-claros-tera-feira-de-produtos-organicos","tag-montes-claros-tera-feira-de-produtos-organicos-a-partir-de-15-de-junho","tag-osmani-barbosa-neto","tag-prefeitura-de-montes-claros","tag-presidente-da-associacao-dos-moradores-do-bairro-sao-jose","tag-rita-cristina-costa","tag-secretario-municipal-de-agricultura-e-abastecimento-de-montes-claros"],"_links":{"self":[{"href":"https:\/\/aconteceunovale.com.br\/portal\/index.php?rest_route=\/wp\/v2\/posts\/116638","targetHints":{"allow":["GET"]}}],"collection":[{"href":"https:\/\/aconteceunovale.com.br\/portal\/index.php?rest_route=\/wp\/v2\/posts"}],"about":[{"href":"https:\/\/aconteceunovale.com.br\/portal\/index.php?rest_route=\/wp\/v2\/types\/post"}],"author":[{"embeddable":true,"href":"https:\/\/aconteceunovale.com.br\/portal\/index.php?rest_route=\/wp\/v2\/users\/1"}],"replies":[{"embeddable":true,"href":"https:\/\/aconteceunovale.com.br\/portal\/index.php?rest_route=%2Fwp%2Fv2%2Fcomments&post=116638"}],"version-history":[{"count":0,"href":"https:\/\/aconteceunovale.com.br\/portal\/index.php?rest_route=\/wp\/v2\/posts\/116638\/revisions"}],"wp:featuredmedia":[{"embeddable":true,"href":"https:\/\/aconteceunovale.com.br\/portal\/index.php?rest_route=\/wp\/v2\/media\/116639"}],"wp:attachment":[{"href":"https:\/\/aconteceunovale.com.br\/portal\/index.php?rest_route=%2Fwp%2Fv2%2Fmedia&parent=116638"}],"wp:term":[{"taxonomy":"category","embeddable":true,"href":"https:\/\/aconteceunovale.com.br\/portal\/index.php?rest_route=%2Fwp%2Fv2%2Fcategories&post=116638"},{"taxonomy":"post_tag","embeddable":true,"href":"https:\/\/aconteceunovale.com.br\/portal\/index.php?rest_route=%2Fwp%2Fv2%2Ftags&post=116638"}],"curies":[{"name":"wp","href":"https:\/\/api.w.org\/{rel}","templated":true}]}}