{"id":116635,"date":"2017-06-04T12:30:42","date_gmt":"2017-06-04T14:30:42","guid":{"rendered":"http:\/\/aconteceunovale.com.br\/portal\/?p=116635"},"modified":"2017-06-04T12:30:42","modified_gmt":"2017-06-04T14:30:42","slug":"novos-voos-destacam-a-importancia-de-montes-claros-na-regiao-norte-de-minas","status":"publish","type":"post","link":"https:\/\/aconteceunovale.com.br\/portal\/?p=116635","title":{"rendered":"Novos voos destacam a import\u00e2ncia de Montes Claros na regi\u00e3o Norte de Minas"},"content":{"rendered":"<p>Montes Claros j\u00e1 recebeu voos de ida e volta para as cidades de Salinas e Ja\u00edba. A cria\u00e7\u00e3o das novas linhas a\u00e9reas faz parte do Voe Minas, um projeto de integra\u00e7\u00e3o regional de iniciativa do Governo do Estado, por meio da Codemig e em parceria com a Secretaria de Estado de Transportes e Obras P\u00fablicas, para promover o desenvolvimento econ\u00f4mico regionalizado. A ideia \u00e9 reduzir o tempo de deslocamento entre as cidades, incentivando o desenvolvimento dos neg\u00f3cios regionais e do turismo.<\/p>\n<p>Dentro do projeto Voe Minas, a cidade de Montes Claros foi qualificada pela Infraero como sendo um \u201chub\u201d, ou seja, um polo que servir\u00e1 como base para os voos na regi\u00e3o. Segundo o secret\u00e1rio municipal de Desenvolvimento Econ\u00f4mico e Turismo de Montes Claros, Edilson Torquato, os novos voos trar\u00e3o mais agilidade para os empres\u00e1rios da cidade e da regi\u00e3o, facilitando o sucesso nos neg\u00f3cios. \u201cTempo \u00e9 dinheiro\u201d, destaca Edilson, lembrando que o deslocamento entre Montes Claros e Salinas por terra \u00e9 feito atrav\u00e9s de mais de 200 quil\u00f4metros de estrada, o que equivale a no m\u00ednimo duas horas e meia de viagem. Por avi\u00e3o, o tempo de traslado cai para 40 minutos.<\/p>\n<p>\u201cTudo o que vem para facilitar a vida dos empreendedores \u00e9 bem-vindo. Os novos voos v\u00eam destacar a nossa posi\u00e7\u00e3o de cidade-polo, \u2018capital do Norte de Minas\u2019\u201d, conclui o secret\u00e1rio.<\/p>\n<p><img decoding=\"async\" src=\"http:\/\/aconteceunovale.com.br\/portal\/wp-content\/uploads\/2017\/06\/aeroporto_moc_checkin.jpg\" alt=\"\" \/><em>\u00c1rea de embarque do Aeroporto de Montes Claros (Foto: F\u00e1bio Mar\u00e7al\/Prefeitura de Montes Claros)<\/em><br \/>\n<\/br><\/p>\n<p><strong>VER PRIMEIRO<\/strong><\/p>\n<p>Receba as not\u00edcias do Aconteceu no Vale em primeira m\u00e3o. Clique em curtir no endere\u00e7o <a href=\"https:\/\/www.facebook.com\/aconteceunovale\" target=\"_blank\"><font color=\"red\">www.facebook.com\/aconteceunovale<\/font><\/a> ou no box abaixo:<\/p>\n<div class=\"fb-like\" data-href=\"https:\/\/www.facebook.com\/aconteceunovale\" data-width=\"120\" data-layout=\"standard\" data-action=\"like\" data-size=\"small\" data-show-faces=\"true\" data-share=\"true\"><\/div>\n<p><\/br><\/p>\n<p><em>(Fonte: Prefeitura de Montes Claros)<\/em><\/p>\n","protected":false},"excerpt":{"rendered":"<p>Montes Claros j\u00e1 recebeu voos de ida e volta para as cidades de Salinas e Ja\u00edba. A cria\u00e7\u00e3o das novas linhas a\u00e9reas faz parte do Voe Minas, um projeto de integra\u00e7\u00e3o regional de iniciativa do Governo do Estado, por meio da Codemig e em parceria com a Secretaria de Estado de Transportes e Obras P\u00fablicas, [&hellip;]<\/p>\n","protected":false},"author":1,"featured_media":116636,"comment_status":"open","ping_status":"closed","sticky":false,"template":"","format":"standard","meta":{"amp_status":"","footnotes":""},"categories":[1236],"tags":[77881,142,186,151327,1504,194,1017,132,28355,197,151311,1018,198,199,151321,1058,151325,206,207,151338,151340,151339,151341,151342,151320,209,151329,210,151323,151322,1502,151330,151331,151332,151952,151309,213,214,105855,215,151326,217,216,105852,151316,190,151324,218,164,219,223,18771,151310,124974,151328,151337,151315,151314,151313,151312,151335,151333,151336,151334,151319,151318,151317],"class_list":["post-116635","post","type-post","status-publish","format-standard","has-post-thumbnail","hentry","category-norte_de_minas","tag-aeroporto-da-pampulha","tag-almenara","tag-aracuai","tag-aracuai-entra-na-rota-do-projeto-voe-minas-gerais","tag-araxa","tag-belo-horizonte","tag-bh","tag-capelinha","tag-codemig","tag-curvelo","tag-denise-vieira","tag-destaque","tag-diamantina","tag-divinopolis","tag-diz-codemig","tag-jaiba","tag-jaiba-entra-na-rota-do-projeto-voe-minas-gerais","tag-juiz-de-fora","tag-lavras","tag-linha-aerea-aracuai","tag-linha-aerea-jaiba","tag-linha-aerea-montes-claros","tag-linha-aerea-pocos-de-caldas","tag-linha-aerea-salinas","tag-linha-area-aracuaibelo-horizonte-dependera-da-venda-de-passagens","tag-manhuacu","tag-minas-gerais-inicia-nova-fase-de-projeto-de-integracao-aerea","tag-montes-claros","tag-montes-claros-entra-na-rota-do-projeto-voe-minas-gerais","tag-montes-claros-salinas-jaiba-pocos-de-caldas-aracuai-entram-na-rota-do-projeto-voe-minas-gerais","tag-muriae","tag-nova-fase-de-projeto-de-integracao-aerea","tag-nova-fase-do-pirma","tag-nova-fase-do-voe-minas-gerais","tag-novos-voos-destacam-a-importancia-de-montes-claros-na-regiao-norte-de-minas","tag-o-que-e-o-voe-minas","tag-passos","tag-patos-de-minas","tag-pirma","tag-pocos-de-caldas","tag-pocos-de-caldas-entra-na-rota-do-projeto-voe-minas-gerais","tag-ponte-nova","tag-pouso-alegre","tag-projeto-de-integracao-regional-de-minas-gerais-modal-aereo","tag-projeto-voe-minas","tag-salinas","tag-salinas-entra-na-rota-do-projeto-voe-minas-gerais","tag-sao-joao-del-rei","tag-teofilo-otoni","tag-uba","tag-varginha","tag-vicosa","tag-voe-minas","tag-voe-minas-gerais","tag-voe-minas-gerais-chega-tambem-ao-norte-do-estado","tag-voo-aracuai","tag-voo-de-aracuai-para-belo-horizonte","tag-voo-de-aracuai-para-bh","tag-voo-de-belo-horizonte-para-aracuai","tag-voo-de-bh-para-aracuai","tag-voo-jaiba","tag-voo-montes-claros","tag-voo-pocos-de-caldas","tag-voo-salinas","tag-voos-entre-aracuai-e-belo-horizonte-dependerao-da-venda-de-passagens","tag-voos-entre-aracuai-e-bh","tag-voos-entre-bh-e-aracuai"],"_links":{"self":[{"href":"https:\/\/aconteceunovale.com.br\/portal\/index.php?rest_route=\/wp\/v2\/posts\/116635","targetHints":{"allow":["GET"]}}],"collection":[{"href":"https:\/\/aconteceunovale.com.br\/portal\/index.php?rest_route=\/wp\/v2\/posts"}],"about":[{"href":"https:\/\/aconteceunovale.com.br\/portal\/index.php?rest_route=\/wp\/v2\/types\/post"}],"author":[{"embeddable":true,"href":"https:\/\/aconteceunovale.com.br\/portal\/index.php?rest_route=\/wp\/v2\/users\/1"}],"replies":[{"embeddable":true,"href":"https:\/\/aconteceunovale.com.br\/portal\/index.php?rest_route=%2Fwp%2Fv2%2Fcomments&post=116635"}],"version-history":[{"count":0,"href":"https:\/\/aconteceunovale.com.br\/portal\/index.php?rest_route=\/wp\/v2\/posts\/116635\/revisions"}],"wp:featuredmedia":[{"embeddable":true,"href":"https:\/\/aconteceunovale.com.br\/portal\/index.php?rest_route=\/wp\/v2\/media\/116636"}],"wp:attachment":[{"href":"https:\/\/aconteceunovale.com.br\/portal\/index.php?rest_route=%2Fwp%2Fv2%2Fmedia&parent=116635"}],"wp:term":[{"taxonomy":"category","embeddable":true,"href":"https:\/\/aconteceunovale.com.br\/portal\/index.php?rest_route=%2Fwp%2Fv2%2Fcategories&post=116635"},{"taxonomy":"post_tag","embeddable":true,"href":"https:\/\/aconteceunovale.com.br\/portal\/index.php?rest_route=%2Fwp%2Fv2%2Ftags&post=116635"}],"curies":[{"name":"wp","href":"https:\/\/api.w.org\/{rel}","templated":true}]}}