{"id":116632,"date":"2017-06-04T11:41:37","date_gmt":"2017-06-04T13:41:37","guid":{"rendered":"http:\/\/aconteceunovale.com.br\/portal\/?p=116632"},"modified":"2017-06-04T12:58:47","modified_gmt":"2017-06-04T14:58:47","slug":"motorista-morre-apos-caminhao-carregado-de-melao-tombar-na-br-251-no-norte-de-minas","status":"publish","type":"post","link":"https:\/\/aconteceunovale.com.br\/portal\/?p=116632","title":{"rendered":"Motorista morre ap\u00f3s caminh\u00e3o carregado de mel\u00e3o tombar na BR-251, no Norte de Minas"},"content":{"rendered":"<p>O condutor de um caminh\u00e3o carregado de mel\u00e3o, com placas do Cear\u00e1, morreu em um acidente na madrugada deste domingo (04\/06\/2017), na BR-251, no trecho da Serra de Francisco S\u00e1, regi\u00e3o Norte de Minas Gerais. De acordo com a Pol\u00edcia Rodovi\u00e1ria Federal (PRF), o caminhoneiro perdeu o controle da dire\u00e7\u00e3o, saiu da pista e tombou. <\/p>\n<p>O Corpo de Bombeiros foi chamado por volta das 5h40 para desencarceramento da v\u00edtima. As causas do acidente ainda s\u00e3o desconhecidas. A pista j\u00e1 foi liberada nos dois sentidos.<\/p>\n<p><img decoding=\"async\" src=\"http:\/\/aconteceunovale.com.br\/portal\/wp-content\/uploads\/2017\/06\/acidente_251_serra.jpg\" alt=\"\" \/><em>Acidente aconteceu na Serra de Francisco S\u00e1, na BR-251 (Foto: PRF\/Divulga\u00e7\u00e3o)<\/em><br \/>\n<\/br><\/p>\n<p><img decoding=\"async\" src=\"http:\/\/aconteceunovale.com.br\/portal\/wp-content\/uploads\/2017\/06\/acidente_melao_1.jpg\" alt=\"\" \/><em>Acidente aconteceu na Serra de Francisco S\u00e1, na BR-251 (Foto: Reprodu\u00e7\u00e3o\/WhatsApp)<\/em><br \/>\n<\/br><\/p>\n<p><img decoding=\"async\" src=\"http:\/\/aconteceunovale.com.br\/portal\/wp-content\/uploads\/2017\/06\/acidente_melao_2.jpg\" alt=\"\" \/><em>Acidente aconteceu na Serra de Francisco S\u00e1, na BR-251 (Foto: Reprodu\u00e7\u00e3o\/WhatsApp)<\/em><br \/>\n<\/br><\/p>\n<p><strong>VER PRIMEIRO<\/strong><\/p>\n<p>Receba as not\u00edcias do Aconteceu no Vale em primeira m\u00e3o. Clique em curtir no endere\u00e7o <a href=\"https:\/\/www.facebook.com\/aconteceunovale\" target=\"_blank\"><font color=\"red\">www.facebook.com\/aconteceunovale<\/font><\/a> ou no box abaixo:<\/p>\n<div class=\"fb-like\" data-href=\"https:\/\/www.facebook.com\/aconteceunovale\" data-width=\"120\" data-layout=\"standard\" data-action=\"like\" data-size=\"small\" data-show-faces=\"true\" data-share=\"true\"><\/div>\n<p><\/br><\/p>\n<p><em>(Com informa\u00e7\u00f5es do G1 Grande Minas)<\/em><\/p>\n","protected":false},"excerpt":{"rendered":"<p>O condutor de um caminh\u00e3o carregado de mel\u00e3o, com placas do Cear\u00e1, morreu em um acidente na madrugada deste domingo (04\/06\/2017), na BR-251, no trecho da Serra de Francisco S\u00e1, regi\u00e3o Norte de Minas Gerais. De acordo com a Pol\u00edcia Rodovi\u00e1ria Federal (PRF), o caminhoneiro perdeu o controle da dire\u00e7\u00e3o, saiu da pista e tombou. [&hellip;]<\/p>\n","protected":false},"author":1,"featured_media":116633,"comment_status":"open","ping_status":"closed","sticky":false,"template":"","format":"standard","meta":{"amp_status":"","footnotes":""},"categories":[1236],"tags":[151950,151951,71969,1396,83224,83223,921,1395,151948,151949,83222],"class_list":["post-116632","post","type-post","status-publish","format-standard","has-post-thumbnail","hentry","category-norte_de_minas","tag-acidente-com-caminhao-de-melao","tag-acidente-com-caminhao-de-melao-do-ceara","tag-acidente-com-caminhao-do-ceara","tag-acidente-na-br-251","tag-acidente-na-br-251-na-serra-de-francisco-sa","tag-acidente-na-serra-de-francisco-sa","tag-br-251","tag-francisco-sa","tag-motorista-morre-apos-caminhao-carregado-de-melao-tombar-na-br-251","tag-motorista-morre-apos-caminhao-carregado-de-melao-tombar-na-br-251-na-serra-de-francisco-sa","tag-serra-de-francisco-sa"],"_links":{"self":[{"href":"https:\/\/aconteceunovale.com.br\/portal\/index.php?rest_route=\/wp\/v2\/posts\/116632","targetHints":{"allow":["GET"]}}],"collection":[{"href":"https:\/\/aconteceunovale.com.br\/portal\/index.php?rest_route=\/wp\/v2\/posts"}],"about":[{"href":"https:\/\/aconteceunovale.com.br\/portal\/index.php?rest_route=\/wp\/v2\/types\/post"}],"author":[{"embeddable":true,"href":"https:\/\/aconteceunovale.com.br\/portal\/index.php?rest_route=\/wp\/v2\/users\/1"}],"replies":[{"embeddable":true,"href":"https:\/\/aconteceunovale.com.br\/portal\/index.php?rest_route=%2Fwp%2Fv2%2Fcomments&post=116632"}],"version-history":[{"count":0,"href":"https:\/\/aconteceunovale.com.br\/portal\/index.php?rest_route=\/wp\/v2\/posts\/116632\/revisions"}],"wp:featuredmedia":[{"embeddable":true,"href":"https:\/\/aconteceunovale.com.br\/portal\/index.php?rest_route=\/wp\/v2\/media\/116633"}],"wp:attachment":[{"href":"https:\/\/aconteceunovale.com.br\/portal\/index.php?rest_route=%2Fwp%2Fv2%2Fmedia&parent=116632"}],"wp:term":[{"taxonomy":"category","embeddable":true,"href":"https:\/\/aconteceunovale.com.br\/portal\/index.php?rest_route=%2Fwp%2Fv2%2Fcategories&post=116632"},{"taxonomy":"post_tag","embeddable":true,"href":"https:\/\/aconteceunovale.com.br\/portal\/index.php?rest_route=%2Fwp%2Fv2%2Ftags&post=116632"}],"curies":[{"name":"wp","href":"https:\/\/api.w.org\/{rel}","templated":true}]}}