{"id":116627,"date":"2017-06-04T11:10:37","date_gmt":"2017-06-04T13:10:37","guid":{"rendered":"http:\/\/aconteceunovale.com.br\/portal\/?p=116627"},"modified":"2017-06-04T11:10:37","modified_gmt":"2017-06-04T13:10:37","slug":"eleitores-de-seis-municipios-voltam-as-urnas-neste-domingo","status":"publish","type":"post","link":"https:\/\/aconteceunovale.com.br\/portal\/?p=116627","title":{"rendered":"Eleitores de seis munic\u00edpios voltam \u00e0s urnas neste domingo"},"content":{"rendered":"<p>Eleitores de seis munic\u00edpios, em cinco estados, voltar\u00e3o \u00e0s urnas hoje (04\/06\/2017) para eleger prefeitos e vices. De acordo com o Tribunal Superior Eleitoral (TSE), o pleito suplementar \u00e9 necess\u00e1rio nos casos em que os candidatos mais votados na \u00faltima elei\u00e7\u00e3o tiveram os registros de candidatura cassados.<\/p>\n<p>Conforme calend\u00e1rio do TSE, ao longo do ano outros munic\u00edpios tamb\u00e9m passar\u00e3o pelo processo. Veja a seguir informa\u00e7\u00f5es sobre a elei\u00e7\u00e3o suplementar deste domingo:<\/p>\n<p><strong>Paran\u00e1<\/strong><\/p>\n<p>A vota\u00e7\u00e3o ocorre nos munic\u00edpios de Guaraque\u00e7aba e Moreira Sales. Em Guaraque\u00e7aba, o mais votado para o cargo nas elei\u00e7\u00f5es de 2016, Riad Said Zahoui, teve o registro de candidatura indeferido. Ele foi considerado ineleg\u00edvel pela Justi\u00e7a Eleitoral por ter tido o mandato anterior cassado por compra de votos e abuso de poder pol\u00edtico e econ\u00f4mico.<\/p>\n<p>No caso do munic\u00edpio de Moreira Sales, o mais votado nas elei\u00e7\u00f5es do ano passado foi Hugo Berti. Ele teve o registro de candidatura negado em decis\u00e3o final do TSE, ap\u00f3s ficar ineleg\u00edvel por condena\u00e7\u00e3o de improbidade administrativa.<\/p>\n<p><strong>Minas Gerais<\/strong><\/p>\n<p>No munic\u00edpio de Cristiano Otoni, regi\u00e3o central de Minas, a elei\u00e7\u00e3o de 2016 para prefeito foi anulada pela Justi\u00e7a Eleitoral porque o candidato que recebeu a maioria dos votos v\u00e1lidos teve o registro de candidatura indeferido. As elei\u00e7\u00f5es suplementares ocorrer\u00e3o em turno \u00fanico, das 8h \u00e0s 17h, nos mesmos locais designados para o pleito de outubro de 2016. A diploma\u00e7\u00e3o dos candidatos eleitos est\u00e1 prevista para ocorrer at\u00e9 o dia 23 de junho.<\/p>\n<p><strong>Mato Grosso do Sul<\/strong><\/p>\n<p>Os mais de 7 mil eleitores do munic\u00edpio sul-mato-grossense de Tacuru tamb\u00e9m retornar\u00e3o \u00e0s urnas neste domingo. O novo pleito ocorrer\u00e1 porque a chapa mais votada nas elei\u00e7\u00f5es municipais de 2016 teve o registro negado pela Justi\u00e7a Eleitoral. Claudio Rocha Barcelos e Adailton de Oliveira, candidatos a prefeito e vice, respectivamente, obtiveram o maior n\u00famero de votos em outubro do ano passado (2.737 votos).<\/p>\n<p>A chapa concorreu com o pedido de registro de candidatura indeferido com recurso e os votos recebidos foram totalizados como nulos. Em abril deste ano, o TSE manteve o indeferimento do registro de candidatura de Adailton de Oliveira ao cargo de vice-prefeito, por ter sido condenado pela pr\u00e1tica de capta\u00e7\u00e3o il\u00edcita de sufr\u00e1gio.<\/p>\n<p><strong>Par\u00e1 e Tocantins<\/strong><\/p>\n<p>O candidato reeleito prefeito em Tom\u00e9-A\u00e7u (PA), Josehildo Taketa Bezerra, teve o registro indeferido por se encontrar ineleg\u00edvel em raz\u00e3o de pr\u00e1tica de improbidade administrativa. Em Taguatinga (TO), Paulo Roberto Ribeiro, o candidato mais votado a prefeito teve os votos anulados.<\/p>\n<p>A Justi\u00e7a Eleitoral considerou o pol\u00edtico ineleg\u00edvel por causa das irregularidades cometidas na administra\u00e7\u00e3o do munic\u00edpio entre 1997 e 2004.<\/p>\n<p><strong>Normas<\/strong><\/p>\n<p>Segundo o Artigo 224 do C\u00f3digo Eleitoral, que sofreu altera\u00e7\u00f5es com a Reforma Eleitoral de 2015 (Lei n\u00ba 13.165), s\u00e3o necess\u00e1rias novas elei\u00e7\u00f5es sempre que houver, independentemente do n\u00famero de votos anulados e ap\u00f3s o tr\u00e2nsito em julgado, \u201cdecis\u00e3o da Justi\u00e7a Eleitoral que importe o indeferimento do registro, a cassa\u00e7\u00e3o do diploma ou a perda do mandato de candidato eleito em pleito majorit\u00e1rio\u201d.<\/p>\n<p>As instru\u00e7\u00f5es para a realiza\u00e7\u00e3o dessas elei\u00e7\u00f5es s\u00e3o estabelecidas por meio de norma espec\u00edfica, aprovada por cada Tribunal Regional Eleitoral.<\/p>\n<p><strong>VER PRIMEIRO<\/strong><\/p>\n<p>Receba as not\u00edcias do Aconteceu no Vale em primeira m\u00e3o. Clique em curtir no endere\u00e7o <a href=\"https:\/\/www.facebook.com\/aconteceunovale\" target=\"_blank\"><font color=\"red\">www.facebook.com\/aconteceunovale<\/font><\/a> ou no box abaixo:<\/p>\n<div class=\"fb-like\" data-href=\"https:\/\/www.facebook.com\/aconteceunovale\" data-width=\"120\" data-layout=\"standard\" data-action=\"like\" data-size=\"small\" data-show-faces=\"true\" data-share=\"true\"><\/div>\n<p><\/br><\/p>\n<p><em>(Fonte: Ag\u00eancia Brasil)<\/em><\/p>\n","protected":false},"excerpt":{"rendered":"<p>Eleitores de seis munic\u00edpios, em cinco estados, voltar\u00e3o \u00e0s urnas hoje (04\/06\/2017) para eleger prefeitos e vices. De acordo com o Tribunal Superior Eleitoral (TSE), o pleito suplementar \u00e9 necess\u00e1rio nos casos em que os candidatos mais votados na \u00faltima elei\u00e7\u00e3o tiveram os registros de candidatura cassados. Conforme calend\u00e1rio do TSE, ao longo do ano [&hellip;]<\/p>\n","protected":false},"author":1,"featured_media":95688,"comment_status":"open","ping_status":"closed","sticky":false,"template":"","format":"standard","meta":{"amp_status":"","footnotes":""},"categories":[6,40240],"tags":[1748,151935,151930,151932,151937,151940,151939,151927,147843,151941,151929,151934,17165,151931,21893,147844,151928,151933,151936,79800,151938,94060,267],"class_list":["post-116627","post","type-post","status-publish","format-standard","has-post-thumbnail","hentry","category-br","category-politica-2","tag-cristiano-otoni","tag-eleicao-em-cristiano-otoni","tag-eleicao-em-guaraquecaba","tag-eleicao-em-moreira-sales","tag-eleicao-em-tacuru","tag-eleicao-em-taguatinga","tag-eleicao-em-tome-acu","tag-eleicao-suplementar","tag-eleicao-suplementar-em-cristiano-otoni","tag-eleitores-de-seis-municipios-voltam-as-urnas-neste-domingo","tag-guaraquecaba","tag-hugo-berti","tag-justica-eleitoral","tag-moreira-sales","tag-municipios","tag-nova-eleicao-em-cristiano-otoni","tag-novas-eleicoes","tag-riad-said-zahoui","tag-tacuru","tag-taguatinga","tag-tome-acu","tag-tribunal-superior-eleitoral","tag-tse"],"_links":{"self":[{"href":"https:\/\/aconteceunovale.com.br\/portal\/index.php?rest_route=\/wp\/v2\/posts\/116627","targetHints":{"allow":["GET"]}}],"collection":[{"href":"https:\/\/aconteceunovale.com.br\/portal\/index.php?rest_route=\/wp\/v2\/posts"}],"about":[{"href":"https:\/\/aconteceunovale.com.br\/portal\/index.php?rest_route=\/wp\/v2\/types\/post"}],"author":[{"embeddable":true,"href":"https:\/\/aconteceunovale.com.br\/portal\/index.php?rest_route=\/wp\/v2\/users\/1"}],"replies":[{"embeddable":true,"href":"https:\/\/aconteceunovale.com.br\/portal\/index.php?rest_route=%2Fwp%2Fv2%2Fcomments&post=116627"}],"version-history":[{"count":0,"href":"https:\/\/aconteceunovale.com.br\/portal\/index.php?rest_route=\/wp\/v2\/posts\/116627\/revisions"}],"wp:featuredmedia":[{"embeddable":true,"href":"https:\/\/aconteceunovale.com.br\/portal\/index.php?rest_route=\/wp\/v2\/media\/95688"}],"wp:attachment":[{"href":"https:\/\/aconteceunovale.com.br\/portal\/index.php?rest_route=%2Fwp%2Fv2%2Fmedia&parent=116627"}],"wp:term":[{"taxonomy":"category","embeddable":true,"href":"https:\/\/aconteceunovale.com.br\/portal\/index.php?rest_route=%2Fwp%2Fv2%2Fcategories&post=116627"},{"taxonomy":"post_tag","embeddable":true,"href":"https:\/\/aconteceunovale.com.br\/portal\/index.php?rest_route=%2Fwp%2Fv2%2Ftags&post=116627"}],"curies":[{"name":"wp","href":"https:\/\/api.w.org\/{rel}","templated":true}]}}