{"id":116613,"date":"2017-06-04T00:30:53","date_gmt":"2017-06-04T02:30:53","guid":{"rendered":"http:\/\/aconteceunovale.com.br\/portal\/?p=116613"},"modified":"2017-06-04T10:27:55","modified_gmt":"2017-06-04T12:27:55","slug":"colisao-entre-carro-e-ambulancia-deixa-um-morto-e-outro-ferido-em-ipanema","status":"publish","type":"post","link":"https:\/\/aconteceunovale.com.br\/portal\/?p=116613","title":{"rendered":"Colis\u00e3o entre carro e ambul\u00e2ncia deixa um morto e outro ferido em Ipanema"},"content":{"rendered":"<p>O condutor de um carro de passeio morreu em um grave acidente na noite deste s\u00e1bado (03\/06\/2017) na BR-474, munic\u00edpio de Ipanema, no Vale do Rio Doce. Informa\u00e7\u00f5es iniciais indicam que um VW\/Gol, com placa de Ipanema, e uma ambul\u00e2ncia Fiat Ducato do munic\u00edpio de Taparuba colidiram frontalmente na altura do quil\u00f4metro 87 da rodovia.<\/p>\n<p>Com o impacto do acidente, o condutor do Gol, identificado como Wantuil Magalh\u00e3es Lacerda Filho, de 56 anos, ficou gravemente ferido e veio a \u00f3bito minutos ap\u00f3s dar entrada em uma unidade de sa\u00fade da regi\u00e3o. O motorista da ambul\u00e2ncia foi socorrido como ferimentos graves. Seis passageiros do ve\u00edculo coletivo sofreram apenas les\u00f5es leves, foram atendidos e liberados.<\/p>\n<p>As causas do acidente ser\u00e3o apuradas pelas autoridades.<\/p>\n<p><img decoding=\"async\" src=\"http:\/\/aconteceunovale.com.br\/portal\/wp-content\/uploads\/2017\/06\/acidente_ambulancia_ipanema_1.jpg\" alt=\"\" \/><em>Acidente aconteceu no km 18 da BR-474 (Foto: Reprodu\u00e7\u00e3o\/WhatsApp)<\/em><br \/>\n<\/br><\/p>\n<p><img decoding=\"async\" src=\"http:\/\/aconteceunovale.com.br\/portal\/wp-content\/uploads\/2017\/06\/acidente_ambulancia_ipanema_2.jpg\" alt=\"\" \/><em>Acidente aconteceu no km 18 da BR-474 (Foto: Reprodu\u00e7\u00e3o\/WhatsApp)<\/em><br \/>\n<\/br><\/p>\n<p><img decoding=\"async\" src=\"http:\/\/aconteceunovale.com.br\/portal\/wp-content\/uploads\/2017\/06\/acidente_ambulancia_ipanema_3.jpg\" alt=\"\" \/><em>Acidente aconteceu no km 18 da BR-474 (Foto: Reprodu\u00e7\u00e3o\/WhatsApp)<\/em><br \/>\n<\/br><\/p>\n<p><strong>VER PRIMEIRO<\/strong><\/p>\n<p>Receba as not\u00edcias do Aconteceu no Vale em primeira m\u00e3o. Clique em curtir no endere\u00e7o <a href=\"https:\/\/www.facebook.com\/aconteceunovale\" target=\"_blank\"><font color=\"red\">www.facebook.com\/aconteceunovale<\/font><\/a> ou no box abaixo:<\/p>\n<div class=\"fb-like\" data-href=\"https:\/\/www.facebook.com\/aconteceunovale\" data-width=\"120\" data-layout=\"standard\" data-action=\"like\" data-size=\"small\" data-show-faces=\"true\" data-share=\"true\"><\/div>\n<p><\/br><\/p>\n","protected":false},"excerpt":{"rendered":"<p>O condutor de um carro de passeio morreu em um grave acidente na noite deste s\u00e1bado (03\/06\/2017) na BR-474, munic\u00edpio de Ipanema, no Vale do Rio Doce. Informa\u00e7\u00f5es iniciais indicam que um VW\/Gol, com placa de Ipanema, e uma ambul\u00e2ncia Fiat Ducato do munic\u00edpio de Taparuba colidiram frontalmente na altura do quil\u00f4metro 87 da rodovia. [&hellip;]<\/p>\n","protected":false},"author":1,"featured_media":116614,"comment_status":"open","ping_status":"closed","sticky":false,"template":"","format":"standard","meta":{"amp_status":"","footnotes":""},"categories":[121],"tags":[151899,151897,151898,71559,151896,151895,1732,4314,151900],"class_list":["post-116613","post","type-post","status-publish","format-standard","has-post-thumbnail","hentry","category-leste","tag-acidente-com-ambulancia-de-taparuba","tag-acidente-com-ambulancia-em-ipanema","tag-acidente-com-morte-em-ipanema","tag-acidente-em-ipanema","tag-acidente-entre-carro-e-ambulancia-em-ipanema","tag-colisao-entre-carro-e-ambulancia-deixa-um-morto-e-outro-ferido-em-ipanema","tag-ipanema","tag-taparuba","tag-wantuil-magalhaes-lacerda-filho"],"_links":{"self":[{"href":"https:\/\/aconteceunovale.com.br\/portal\/index.php?rest_route=\/wp\/v2\/posts\/116613","targetHints":{"allow":["GET"]}}],"collection":[{"href":"https:\/\/aconteceunovale.com.br\/portal\/index.php?rest_route=\/wp\/v2\/posts"}],"about":[{"href":"https:\/\/aconteceunovale.com.br\/portal\/index.php?rest_route=\/wp\/v2\/types\/post"}],"author":[{"embeddable":true,"href":"https:\/\/aconteceunovale.com.br\/portal\/index.php?rest_route=\/wp\/v2\/users\/1"}],"replies":[{"embeddable":true,"href":"https:\/\/aconteceunovale.com.br\/portal\/index.php?rest_route=%2Fwp%2Fv2%2Fcomments&post=116613"}],"version-history":[{"count":0,"href":"https:\/\/aconteceunovale.com.br\/portal\/index.php?rest_route=\/wp\/v2\/posts\/116613\/revisions"}],"wp:featuredmedia":[{"embeddable":true,"href":"https:\/\/aconteceunovale.com.br\/portal\/index.php?rest_route=\/wp\/v2\/media\/116614"}],"wp:attachment":[{"href":"https:\/\/aconteceunovale.com.br\/portal\/index.php?rest_route=%2Fwp%2Fv2%2Fmedia&parent=116613"}],"wp:term":[{"taxonomy":"category","embeddable":true,"href":"https:\/\/aconteceunovale.com.br\/portal\/index.php?rest_route=%2Fwp%2Fv2%2Fcategories&post=116613"},{"taxonomy":"post_tag","embeddable":true,"href":"https:\/\/aconteceunovale.com.br\/portal\/index.php?rest_route=%2Fwp%2Fv2%2Ftags&post=116613"}],"curies":[{"name":"wp","href":"https:\/\/api.w.org\/{rel}","templated":true}]}}