{"id":116610,"date":"2017-06-04T00:10:16","date_gmt":"2017-06-04T02:10:16","guid":{"rendered":"http:\/\/aconteceunovale.com.br\/portal\/?p=116610"},"modified":"2017-06-04T00:10:16","modified_gmt":"2017-06-04T02:10:16","slug":"advogados-do-ex-presidente-lula-dizem-que-procuradores-insistem-em-teses-ilegais","status":"publish","type":"post","link":"https:\/\/aconteceunovale.com.br\/portal\/?p=116610","title":{"rendered":"Advogados do ex-presidente Lula dizem que procuradores &#8220;insistem em teses ilegais&#8221;"},"content":{"rendered":"<p>Um dia ap\u00f3s o Minist\u00e9rio P\u00fablico Federal (MPF)\u00a0pedir a condena\u00e7\u00e3o\u00a0do ex-presidente Luiz In\u00e1cio Lula da Silva e mais seis pessoas pelos crimes de corrup\u00e7\u00e3o passiva e ativa e lavagem de dinheiro, a defesa do ex-presidente criticou os membros do MPF que &#8220;insistem em teses inconstitucionais e ilegais\u201d e agem &#8220;de forma incompat\u00edvel com o Estado de Direito e com as regras internacionais que orientam a atua\u00e7\u00e3o de promotores em a\u00e7\u00f5es penais&#8221;, diz nota assinada pelos advogados Cristiano Zanin Martins e Valeska Teixeira.<\/p>\n<p>Em seu perfil no Twitter, Zanin Martins complementou a nota enviada \u00e0 impresa dizendo que a procuradoria tornou \u201ca insistir em \u2018ju\u00edzo de convic\u00e7\u00e3o\u2019 ao inv\u00e9s de provas\u201d. \u201cOs procuradores afirmam que \u2018a solu\u00e7\u00e3o mais razo\u00e1vel \u00e9 reconhecer a dificuldade probat\u00f3ria\u2019 e pedem a condena\u00e7\u00e3o sem provas. O MPF quer condena\u00e7\u00e3o de Lula sem provas no caso do triplex com base em teorias de livro de [autoria do procurador Deltan] Dallagnol sobre \u2018probabilismo\u2019 e \u2018explacionismo\u2019\u201d, diz a postagem.<\/p>\n<p>O MPF de Curitiba, respons\u00e1vel pelas investiga\u00e7\u00f5es da Opera\u00e7\u00e3o Lava Jato, pediu ao juiz S\u00e9rgio Moro a condena\u00e7\u00e3o do ex-presidente Luiz In\u00e1cio Lula da Silva, do ex-presidente da OAS L\u00e9o Pinheiro, dos executivos da empresa Agenor Franklin Medeiros, Paulo Gordilho, F\u00e1bio Yonamine e Roberto Ferreira, al\u00e9m do presidente do Instituto Lula, Paulo Okamotto, pelos crimes de corrup\u00e7\u00e3o passiva e ativa e lavagem de dinheiro. O MPF quer que todos cumpram as respectivas penas em regime fechado e que Moro determine a apreens\u00e3o de R$ 87.624.971, correspondente ao valor das propinas que teriam sido pagas nos contratos da OAS com a Petrobras.<\/p>\n<p>Do total estabelecido pelo MPF, Lula teria recebido cerca de R$ 3 milh\u00f5es, incluindo os valores do triplex e do contrato entre a OAS e a transportadora Granero, respons\u00e1vel pela guarda de parte do acervo que o ex-presidente recebeu ao deixar o cargo.<\/p>\n<p><strong>Congresso partid\u00e1rio<\/strong><\/p>\n<p>Em Bras\u00edlia, parlamentares que participam do 6\u00ba Congresso Nacional do Partido dos Trabalhadores tamb\u00e9m reagiram. Para Marco Maia (PT-RS), n\u00e3o h\u00e1 provas contra o ex-presidente e a Justi\u00e7a deve julgar baseada em provas concreta. &#8220;O que n\u00f3s queremos \u00e9 que a legisla\u00e7\u00e3o seja cumprida na sua integralidade e que os ju\u00edzes julguem a partir das provas que forem efetivamente produzidas nos processos&#8221;, disse.<\/p>\n<p>O 6\u00ba Congresso Nacional do PT come\u00e7ou ontem e reuniu cerca de 600 delegados de todos os estados e do Distrito Federal. Hoje, a deputada Gleisi Hoffman foi eleita presidente do partido para os pr\u00f3ximos dois anos. Ao comentar a decis\u00e3o do MPF, Gleisi disse que o ex-presidente enfrenta uma ca\u00e7ada sem precedentes: &#8220;Lula enfrenta uma ca\u00e7ada midi\u00e1tica sem precedentes. \u00c9 um l\u00edder de 70 que impressiona ao enfrentar tudo isso&#8221;, disse.<\/p>\n<p><strong>VER PRIMEIRO<\/strong><\/p>\n<p>Receba as not\u00edcias do Aconteceu no Vale em primeira m\u00e3o. Clique em curtir no endere\u00e7o <a href=\"https:\/\/www.facebook.com\/aconteceunovale\" target=\"_blank\"><font color=\"red\">www.facebook.com\/aconteceunovale<\/font><\/a> ou no box abaixo:<\/p>\n<div class=\"fb-like\" data-href=\"https:\/\/www.facebook.com\/aconteceunovale\" data-width=\"120\" data-layout=\"standard\" data-action=\"like\" data-size=\"small\" data-show-faces=\"true\" data-share=\"true\"><\/div>\n<p><\/br><\/p>\n<p><em>(Fonte: Ag\u00eancia Brasil)<\/em><\/p>\n","protected":false},"excerpt":{"rendered":"<p>Um dia ap\u00f3s o Minist\u00e9rio P\u00fablico Federal (MPF)\u00a0pedir a condena\u00e7\u00e3o\u00a0do ex-presidente Luiz In\u00e1cio Lula da Silva e mais seis pessoas pelos crimes de corrup\u00e7\u00e3o passiva e ativa e lavagem de dinheiro, a defesa do ex-presidente criticou os membros do MPF que &#8220;insistem em teses inconstitucionais e ilegais\u201d e agem &#8220;de forma incompat\u00edvel com o Estado [&hellip;]<\/p>\n","protected":false},"author":1,"featured_media":81973,"comment_status":"open","ping_status":"closed","sticky":false,"template":"","format":"standard","meta":{"amp_status":"","footnotes":""},"categories":[6],"tags":[151894,151760,151755,75954,115324,82255,151762,112718,14124,151759,151757,151887,151756,151754,18887,151761,80867,151758,80947,151763,80861,44724,81922,64781],"class_list":["post-116610","post","type-post","status-publish","format-standard","has-post-thumbnail","hentry","category-br","tag-advogados-do-ex-presidente-lula-dizem-que-procuradores-insistem-em-teses-ilegais","tag-agenor-franklin-medeiros","tag-caso-do-triplex","tag-condenacao","tag-ex-presidente-da-oas","tag-ex-presidente-lula","tag-fabio-yonamine","tag-leo-pinheiro","tag-luiz-inacio-lula-da-silva","tag-luiz-inacio-lula-da-silva-pode-ser-preso","tag-lula-pode-ser-preso","tag-ministerio-publico-pede-a-condenacao-do-ex-presidente-lula-no-caso-do-triplex","tag-ministerio-publico-pede-a-prisao-do-ex-presidente-lula","tag-ministerio-publico-pede-a-prisao-do-ex-presidente-lula-no-caso-do-triplex","tag-mpf","tag-paulo-gordilho","tag-paulo-okamotto","tag-pedido-de-prisao-de-luiz-inacio-lula-da-silva","tag-pedido-de-prisao-de-lula","tag-presidente-do-instituto-lula","tag-prisao-de-luiz-inacio-lula-da-silva","tag-prisao-de-lula","tag-prisao-do-ex-presidente-lula","tag-roberto-ferreira"],"_links":{"self":[{"href":"https:\/\/aconteceunovale.com.br\/portal\/index.php?rest_route=\/wp\/v2\/posts\/116610","targetHints":{"allow":["GET"]}}],"collection":[{"href":"https:\/\/aconteceunovale.com.br\/portal\/index.php?rest_route=\/wp\/v2\/posts"}],"about":[{"href":"https:\/\/aconteceunovale.com.br\/portal\/index.php?rest_route=\/wp\/v2\/types\/post"}],"author":[{"embeddable":true,"href":"https:\/\/aconteceunovale.com.br\/portal\/index.php?rest_route=\/wp\/v2\/users\/1"}],"replies":[{"embeddable":true,"href":"https:\/\/aconteceunovale.com.br\/portal\/index.php?rest_route=%2Fwp%2Fv2%2Fcomments&post=116610"}],"version-history":[{"count":0,"href":"https:\/\/aconteceunovale.com.br\/portal\/index.php?rest_route=\/wp\/v2\/posts\/116610\/revisions"}],"wp:featuredmedia":[{"embeddable":true,"href":"https:\/\/aconteceunovale.com.br\/portal\/index.php?rest_route=\/wp\/v2\/media\/81973"}],"wp:attachment":[{"href":"https:\/\/aconteceunovale.com.br\/portal\/index.php?rest_route=%2Fwp%2Fv2%2Fmedia&parent=116610"}],"wp:term":[{"taxonomy":"category","embeddable":true,"href":"https:\/\/aconteceunovale.com.br\/portal\/index.php?rest_route=%2Fwp%2Fv2%2Fcategories&post=116610"},{"taxonomy":"post_tag","embeddable":true,"href":"https:\/\/aconteceunovale.com.br\/portal\/index.php?rest_route=%2Fwp%2Fv2%2Ftags&post=116610"}],"curies":[{"name":"wp","href":"https:\/\/api.w.org\/{rel}","templated":true}]}}