{"id":116600,"date":"2017-06-03T23:26:39","date_gmt":"2017-06-04T01:26:39","guid":{"rendered":"http:\/\/aconteceunovale.com.br\/portal\/?p=116600"},"modified":"2017-06-03T23:26:39","modified_gmt":"2017-06-04T01:26:39","slug":"motociclista-morre-apos-colidir-contra-caminhao-no-municipio-de-belo-oriente","status":"publish","type":"post","link":"https:\/\/aconteceunovale.com.br\/portal\/?p=116600","title":{"rendered":"Motociclista morre ap\u00f3s colidir contra caminh\u00e3o no munic\u00edpio de Belo Oriente"},"content":{"rendered":"<p>Um motociclista de 44 anos morreu em um acidente na noite dessa sexta-feira (02\/06\/2017), na BR-381, em Belo Oriente, no Leste de Minas Gerais. De acordo com a Pol\u00edcia Rodovi\u00e1ria Federal (PRF), a v\u00edtima Francisco Carneiro fazia uma ultrapassagem em local proibido e colidiu frontalmente contra um caminh\u00e3o com placa de Betim. <\/p>\n<p>O homem, que residia no distrito de Perp\u00e9tuo Socorro (Cachoeira Escura), n\u00e3o resistiu aos graves ferimentos e veio a \u00f3bito no local. A per\u00edcia da pol\u00edcia civil foi acionada e dever\u00e1 investigar as causas do acidente. O corpo da v\u00edtima foi levado para o Instituto M\u00e9dico Legal (IML) em Ipatinga.<\/p>\n<p><img decoding=\"async\" src=\"http:\/\/aconteceunovale.com.br\/portal\/wp-content\/uploads\/2017\/06\/acidente_belo_oriente_1.jpg\" alt=\"\" \/><em>Motociclista colidiu contra carreta perto da Cenibra (Foto: Reprodu\u00e7\u00e3o\/WhatsApp)<\/em><br \/>\n<\/br><\/p>\n<p><strong>VER PRIMEIRO<\/strong><\/p>\n<p>Receba as not\u00edcias do Aconteceu no Vale em primeira m\u00e3o. Clique em curtir no endere\u00e7o <a href=\"https:\/\/www.facebook.com\/aconteceunovale\" target=\"_blank\"><font color=\"red\">www.facebook.com\/aconteceunovale<\/font><\/a> ou no box abaixo:<\/p>\n<div class=\"fb-like\" data-href=\"https:\/\/www.facebook.com\/aconteceunovale\" data-width=\"120\" data-layout=\"standard\" data-action=\"like\" data-size=\"small\" data-show-faces=\"true\" data-share=\"true\"><\/div>\n<p><\/br><\/p>\n<p><em>(Com informa\u00e7\u00f5es do G1 Vales)<\/em><\/p>\n","protected":false},"excerpt":{"rendered":"<p>Um motociclista de 44 anos morreu em um acidente na noite dessa sexta-feira (02\/06\/2017), na BR-381, em Belo Oriente, no Leste de Minas Gerais. De acordo com a Pol\u00edcia Rodovi\u00e1ria Federal (PRF), a v\u00edtima Francisco Carneiro fazia uma ultrapassagem em local proibido e colidiu frontalmente contra um caminh\u00e3o com placa de Betim. O homem, que [&hellip;]<\/p>\n","protected":false},"author":1,"featured_media":116601,"comment_status":"open","ping_status":"closed","sticky":false,"template":"","format":"standard","meta":{"amp_status":"","footnotes":""},"categories":[121],"tags":[151877,16176,52201,8237,350,1495,1397,2496,349,151878,201,151879,151876],"class_list":["post-116600","post","type-post","status-publish","format-standard","has-post-thumbnail","hentry","category-leste","tag-acidente-com-morador-de-cachoeira-escura","tag-acidente-em-belo-oriente","tag-acidente-na-br-381-em-belo-oriente","tag-acidente-na-br-381","tag-belo-oriente","tag-betim","tag-br-381","tag-cachoeira-escura","tag-cenibra","tag-francisco-carneiro","tag-ipatinga","tag-motociclista-colidiu-contra-carreta-perto-da-cenibra","tag-motociclista-morre-apos-colidir-contra-caminhao-no-municipio-de-belo-oriente"],"_links":{"self":[{"href":"https:\/\/aconteceunovale.com.br\/portal\/index.php?rest_route=\/wp\/v2\/posts\/116600","targetHints":{"allow":["GET"]}}],"collection":[{"href":"https:\/\/aconteceunovale.com.br\/portal\/index.php?rest_route=\/wp\/v2\/posts"}],"about":[{"href":"https:\/\/aconteceunovale.com.br\/portal\/index.php?rest_route=\/wp\/v2\/types\/post"}],"author":[{"embeddable":true,"href":"https:\/\/aconteceunovale.com.br\/portal\/index.php?rest_route=\/wp\/v2\/users\/1"}],"replies":[{"embeddable":true,"href":"https:\/\/aconteceunovale.com.br\/portal\/index.php?rest_route=%2Fwp%2Fv2%2Fcomments&post=116600"}],"version-history":[{"count":0,"href":"https:\/\/aconteceunovale.com.br\/portal\/index.php?rest_route=\/wp\/v2\/posts\/116600\/revisions"}],"wp:featuredmedia":[{"embeddable":true,"href":"https:\/\/aconteceunovale.com.br\/portal\/index.php?rest_route=\/wp\/v2\/media\/116601"}],"wp:attachment":[{"href":"https:\/\/aconteceunovale.com.br\/portal\/index.php?rest_route=%2Fwp%2Fv2%2Fmedia&parent=116600"}],"wp:term":[{"taxonomy":"category","embeddable":true,"href":"https:\/\/aconteceunovale.com.br\/portal\/index.php?rest_route=%2Fwp%2Fv2%2Fcategories&post=116600"},{"taxonomy":"post_tag","embeddable":true,"href":"https:\/\/aconteceunovale.com.br\/portal\/index.php?rest_route=%2Fwp%2Fv2%2Ftags&post=116600"}],"curies":[{"name":"wp","href":"https:\/\/api.w.org\/{rel}","templated":true}]}}