{"id":116597,"date":"2017-06-03T23:11:22","date_gmt":"2017-06-04T01:11:22","guid":{"rendered":"http:\/\/aconteceunovale.com.br\/portal\/?p=116597"},"modified":"2017-06-03T23:11:22","modified_gmt":"2017-06-04T01:11:22","slug":"policia-civil-realiza-operacao-de-combate-ao-trafico-de-drogas-em-januaria","status":"publish","type":"post","link":"https:\/\/aconteceunovale.com.br\/portal\/?p=116597","title":{"rendered":"Pol\u00edcia Civil realiza opera\u00e7\u00e3o de combate ao tr\u00e1fico de drogas em Janu\u00e1ria"},"content":{"rendered":"<p>Um homem de 27 anos foi preso na manh\u00e3 dessa sexta-feira (02\/06\/2017) durante uma opera\u00e7\u00e3o da Pol\u00edcia Civil em Janu\u00e1ria, no Norte de Minas. A a\u00e7\u00e3o, segundo a PC, foi realizada para combater o tr\u00e1fico de drogas na regi\u00e3o.<\/p>\n<p>Ao todo foram cumpridos 11 mandados de busca e apreens\u00e3o. Durante a opera\u00e7\u00e3o os policiais localizaram e desmontaram v\u00e1rios locais usados para com\u00e9rcio de entorpecentes, nas vilas S\u00e3o Jo\u00e3o e S\u00e3o Domingos. Segundo o delegado Alberto Ten\u00f3rio, a opera\u00e7\u00e3o foi desencadeada devido \u00e0 incid\u00eancia deste tipo de crime nestas regi\u00f5es.<\/p>\n<p>\u201cAli, criminosos de um bairro tentam tomar o espa\u00e7o dos criminosos do outro bairro. No in\u00edcio desta semana houve um conflito entre criminosos e poderia ter vitimado um inocente. Por isso foi deflagrada esta a\u00e7\u00e3o hoje, na qual conseguimos prender este rapaz que est\u00e1 envolvido no tr\u00e1fico na cidade\u201d, explica o delegado.<\/p>\n<p><img decoding=\"async\" src=\"http:\/\/aconteceunovale.com.br\/portal\/wp-content\/uploads\/2017\/06\/trafico_januaria.jpg\" alt=\"\" \/><em>Autor foi levado para o pres\u00eddio da cidade (Foto: Pol\u00edcia Civil\/Divulga\u00e7\u00e3o)<\/em><br \/>\n<\/br><\/p>\n<h3>Adolescentes envolvidos no tr\u00e1fico<\/h3>\n<p>Uma caracter\u00edstica encontrada nas fac\u00e7\u00f5es criminosas envolvidas com o tr\u00e1fico de drogas no munic\u00edpio, segundo delegado, \u00e9 a inclus\u00e3o de adolescentes, principalmente nestes dois bairros que foram alvos da opera\u00e7\u00e3o.<\/p>\n<p>\u201cOs traficantes t\u00eam angariado muitos adolescentes destes locais que assumem a responsabilidade das drogas, quando encontradas. Isso dificulta, pois nem todos os adolescentes s\u00e3o prontamente reconhecidos pelos policiais e ainda devido \u00e0s nossas leis ter brechas que permitem que adolescentes, n\u00e3o reincidentes, sejam apreendidos e logo liberados&#8221;.<\/p>\n<p>A PC informou tamb\u00e9m que o homem preso durante a opera\u00e7\u00e3o foi levado para o pres\u00eddio da cidade.<\/p>\n<p><strong>VER PRIMEIRO<\/strong><\/p>\n<p>Receba as not\u00edcias do Aconteceu no Vale em primeira m\u00e3o. Clique em curtir no endere\u00e7o <a href=\"https:\/\/www.facebook.com\/aconteceunovale\" target=\"_blank\"><font color=\"red\">www.facebook.com\/aconteceunovale<\/font><\/a> ou no box abaixo:<\/p>\n<div class=\"fb-like\" data-href=\"https:\/\/www.facebook.com\/aconteceunovale\" data-width=\"120\" data-layout=\"standard\" data-action=\"like\" data-size=\"small\" data-show-faces=\"true\" data-share=\"true\"><\/div>\n<p><\/br><\/p>\n<p><em>(Fonte: G1 Grande Minas)<\/em><\/p>\n","protected":false},"excerpt":{"rendered":"<p>Um homem de 27 anos foi preso na manh\u00e3 dessa sexta-feira (02\/06\/2017) durante uma opera\u00e7\u00e3o da Pol\u00edcia Civil em Janu\u00e1ria, no Norte de Minas. A a\u00e7\u00e3o, segundo a PC, foi realizada para combater o tr\u00e1fico de drogas na regi\u00e3o. Ao todo foram cumpridos 11 mandados de busca e apreens\u00e3o. Durante a opera\u00e7\u00e3o os policiais localizaram [&hellip;]<\/p>\n","protected":false},"author":1,"featured_media":116598,"comment_status":"open","ping_status":"closed","sticky":false,"template":"","format":"standard","meta":{"amp_status":"","footnotes":""},"categories":[1236],"tags":[205,151873,63449,151874,151875,119173,148105],"class_list":["post-116597","post","type-post","status-publish","format-standard","has-post-thumbnail","hentry","category-norte_de_minas","tag-januaria","tag-policia-civil-realiza-operacao-de-combate-ao-trafico-de-drogas-em-januaria","tag-preso-em-januaria","tag-preso-por-trafico-em-januaria","tag-traficante-preso-em-januaria","tag-trafico-de-drogas-em-januaria","tag-trafico-em-januaria"],"_links":{"self":[{"href":"https:\/\/aconteceunovale.com.br\/portal\/index.php?rest_route=\/wp\/v2\/posts\/116597","targetHints":{"allow":["GET"]}}],"collection":[{"href":"https:\/\/aconteceunovale.com.br\/portal\/index.php?rest_route=\/wp\/v2\/posts"}],"about":[{"href":"https:\/\/aconteceunovale.com.br\/portal\/index.php?rest_route=\/wp\/v2\/types\/post"}],"author":[{"embeddable":true,"href":"https:\/\/aconteceunovale.com.br\/portal\/index.php?rest_route=\/wp\/v2\/users\/1"}],"replies":[{"embeddable":true,"href":"https:\/\/aconteceunovale.com.br\/portal\/index.php?rest_route=%2Fwp%2Fv2%2Fcomments&post=116597"}],"version-history":[{"count":0,"href":"https:\/\/aconteceunovale.com.br\/portal\/index.php?rest_route=\/wp\/v2\/posts\/116597\/revisions"}],"wp:featuredmedia":[{"embeddable":true,"href":"https:\/\/aconteceunovale.com.br\/portal\/index.php?rest_route=\/wp\/v2\/media\/116598"}],"wp:attachment":[{"href":"https:\/\/aconteceunovale.com.br\/portal\/index.php?rest_route=%2Fwp%2Fv2%2Fmedia&parent=116597"}],"wp:term":[{"taxonomy":"category","embeddable":true,"href":"https:\/\/aconteceunovale.com.br\/portal\/index.php?rest_route=%2Fwp%2Fv2%2Fcategories&post=116597"},{"taxonomy":"post_tag","embeddable":true,"href":"https:\/\/aconteceunovale.com.br\/portal\/index.php?rest_route=%2Fwp%2Fv2%2Ftags&post=116597"}],"curies":[{"name":"wp","href":"https:\/\/api.w.org\/{rel}","templated":true}]}}