{"id":116588,"date":"2017-06-03T22:49:28","date_gmt":"2017-06-04T00:49:28","guid":{"rendered":"http:\/\/aconteceunovale.com.br\/portal\/?p=116588"},"modified":"2017-06-03T22:49:28","modified_gmt":"2017-06-04T00:49:28","slug":"dois-mototaxistas-sao-assaltados-durante-corrida-em-montes-claros","status":"publish","type":"post","link":"https:\/\/aconteceunovale.com.br\/portal\/?p=116588","title":{"rendered":"Dois mototaxistas s\u00e3o assaltados durante corrida em Montes Claros"},"content":{"rendered":"<p>Dois mototaxistas foram assaltados na noite dessa sexta-feira, 2 de junho, em Montes Claros. Segundo a Pol\u00edcia Militar (PM), uma das v\u00edtimas pegou uma corrida para o Bairro Belvedere e ao chegar \u00e0 avenida principal, foi rendido por um homem armado. O passageiro da motocicleta assumiu a dire\u00e7\u00e3o do ve\u00edculo e fugiu com o comparsa. Al\u00e9m da moto, eles levaram os dois capacetes, um celular e R$ 80.<\/p>\n<p>Outro mototaxista, de 32 anos, foi assaltado no Bairro Canelas II. Segundo a PM, o criminoso se passou por cliente e solicitou uma corrida at\u00e9 o bairro. Ao chegar \u00e0 Rua Herculano Miranda, o homem sacou uma arma e anunciou o roubo. Ele fugiu levando a moto, a carteira de habilita\u00e7\u00e3o da v\u00edtima e R$ 300.<\/p>\n<p>A Pol\u00edcia Militar informou que realiza rastreamentos, mas at\u00e9 o momento, os assaltantes n\u00e3o foram presos.<\/p>\n<h3>Inc\u00eandio em escola da Vila \u00c1urea<\/h3>\n<p>Uma porta da escola estadual Deputado Esteves Rodrigues, localizada na Vila \u00c1urea, em Montes Claros, ficou danificada ap\u00f3s um princ\u00edpio de inc\u00eandio na madrugada de sexta-feira (2). A Pol\u00edcia Militar chegou at\u00e9 o local depois que o alarme disparou e o vigia da empresa, que monitora a unidade educacional, acionou os militares. As chamas foram controladas pelo Corpo de Bombeiros e ningu\u00e9m ficou ferido.<\/p>\n<p>Os bombeiros informaram que as causas do inc\u00eandio s\u00e3o desconhecidas e que pr\u00f3ximo ao local, onde o fogo come\u00e7ou, n\u00e3o havia nenhum objeto que pudesse provocar um inc\u00eandio.<\/p>\n<p>A Pol\u00edcia Militar fez rastreamento na escola e nas proximidades, mas nada foi encontrado. <\/p>\n<h3>Pol\u00edcia apreende tr\u00eas p\u00e9s de maconha<\/h3>\n<p>A Pol\u00edcia Militar apreendeu tr\u00eas p\u00e9s de maconha cultivados em duas casas em Montes Claros, na noite dessa quinta-feira (1). Dois jovens de 16 e 19 anos foram detidos. Os militares chegaram at\u00e9 os im\u00f3veis ap\u00f3s den\u00fancias an\u00f4nimas.<\/p>\n<p>Dois p\u00e9s da droga foram encontrados na casa do rapaz, de 19 anos, no Centro da cidade. O outro p\u00e9 de maconha estava na casa do menor no Bairro S\u00e3o Judas Tadeu; no im\u00f3vel foram apreendidos ainda tabletes e sementes da mesma droga.<\/p>\n<p>Ainda nessa quinta-feira, no Povoado de Mucambo Firme, um rapaz de 18 anos foi preso com um tablete pequeno de maconha. Para a pol\u00edcia, ele contou o local onde comprou as drogas. No endere\u00e7o, os militares apreenderam duas armas de fabrica\u00e7\u00e3o caseira, dois tabletes de maconha e dinheiro. Um homem de 19 anos e uma mulher, de 45, foram conduzidos para a delegacia suspeitos de envolvimento com tr\u00e1fico de drogas<\/p>\n<p><strong>VER PRIMEIRO<\/strong><\/p>\n<p>Receba as not\u00edcias do Aconteceu no Vale em primeira m\u00e3o. Clique em curtir no endere\u00e7o <a href=\"https:\/\/www.facebook.com\/aconteceunovale\" target=\"_blank\"><font color=\"red\">www.facebook.com\/aconteceunovale<\/font><\/a> ou no box abaixo:<\/p>\n<div class=\"fb-like\" data-href=\"https:\/\/www.facebook.com\/aconteceunovale\" data-width=\"120\" data-layout=\"standard\" data-action=\"like\" data-size=\"small\" data-show-faces=\"true\" data-share=\"true\"><\/div>\n<p><\/br><\/p>\n<p><em>(Fonte: G1 Grande Minas)<\/em><\/p>\n","protected":false},"excerpt":{"rendered":"<p>Dois mototaxistas foram assaltados na noite dessa sexta-feira, 2 de junho, em Montes Claros. Segundo a Pol\u00edcia Militar (PM), uma das v\u00edtimas pegou uma corrida para o Bairro Belvedere e ao chegar \u00e0 avenida principal, foi rendido por um homem armado. O passageiro da motocicleta assumiu a dire\u00e7\u00e3o do ve\u00edculo e fugiu com o comparsa. [&hellip;]<\/p>\n","protected":false},"author":1,"featured_media":71442,"comment_status":"open","ping_status":"closed","sticky":false,"template":"","format":"standard","meta":{"amp_status":"","footnotes":""},"categories":[1236],"tags":[126947,73279,151864,151861,151863,151862,210,151857,151860,61641,151858,151859],"class_list":["post-116588","post","type-post","status-publish","format-standard","has-post-thumbnail","hentry","category-norte_de_minas","tag-apreensao-de-pes-de-maconha-em-montes-claros","tag-assalto-montes-claros","tag-dois-mototaxistas-sao-assaltados-durante-corrida-em-montes-claros","tag-escola-estadual-deputado-esteves-rodrigues","tag-incendio-em-escola-de-montes-claros","tag-incendio-na-escola-estadual-deputado-esteves-rodrigues","tag-montes-claros","tag-mototaxista-assaltado-em-montes-claros","tag-policia-apreende-tres-pes-de-maconha-em-montes-claros","tag-roubo-montes-claros","tag-roubo-mototaxista-em-montes-claros","tag-vitimas-de-assalto-em-montes-claros"],"_links":{"self":[{"href":"https:\/\/aconteceunovale.com.br\/portal\/index.php?rest_route=\/wp\/v2\/posts\/116588","targetHints":{"allow":["GET"]}}],"collection":[{"href":"https:\/\/aconteceunovale.com.br\/portal\/index.php?rest_route=\/wp\/v2\/posts"}],"about":[{"href":"https:\/\/aconteceunovale.com.br\/portal\/index.php?rest_route=\/wp\/v2\/types\/post"}],"author":[{"embeddable":true,"href":"https:\/\/aconteceunovale.com.br\/portal\/index.php?rest_route=\/wp\/v2\/users\/1"}],"replies":[{"embeddable":true,"href":"https:\/\/aconteceunovale.com.br\/portal\/index.php?rest_route=%2Fwp%2Fv2%2Fcomments&post=116588"}],"version-history":[{"count":0,"href":"https:\/\/aconteceunovale.com.br\/portal\/index.php?rest_route=\/wp\/v2\/posts\/116588\/revisions"}],"wp:featuredmedia":[{"embeddable":true,"href":"https:\/\/aconteceunovale.com.br\/portal\/index.php?rest_route=\/wp\/v2\/media\/71442"}],"wp:attachment":[{"href":"https:\/\/aconteceunovale.com.br\/portal\/index.php?rest_route=%2Fwp%2Fv2%2Fmedia&parent=116588"}],"wp:term":[{"taxonomy":"category","embeddable":true,"href":"https:\/\/aconteceunovale.com.br\/portal\/index.php?rest_route=%2Fwp%2Fv2%2Fcategories&post=116588"},{"taxonomy":"post_tag","embeddable":true,"href":"https:\/\/aconteceunovale.com.br\/portal\/index.php?rest_route=%2Fwp%2Fv2%2Ftags&post=116588"}],"curies":[{"name":"wp","href":"https:\/\/api.w.org\/{rel}","templated":true}]}}