{"id":116569,"date":"2017-06-03T16:29:14","date_gmt":"2017-06-03T18:29:14","guid":{"rendered":"http:\/\/aconteceunovale.com.br\/portal\/?p=116569"},"modified":"2017-06-03T16:29:14","modified_gmt":"2017-06-03T18:29:14","slug":"quadrilha-desarticulada-em-minas-vendia-carne-de-cavalo-como-se-fosse-bovina-acredita-policia","status":"publish","type":"post","link":"https:\/\/aconteceunovale.com.br\/portal\/?p=116569","title":{"rendered":"Quadrilha desarticulada em Minas vendia carne de cavalo como se fosse bovina, acredita pol\u00edcia"},"content":{"rendered":"<p>Meia tonelada de carne impr\u00f3pria para o consumo e 40 cabe\u00e7as de gado foram apreendidas na quinta-feira (1\u00ba de junho) em Ub\u00e1, na Zona da Mata, em uma opera\u00e7\u00e3o conjunta da Pol\u00edcia Civil com o Instituto Mineiro de Agropecu\u00e1ria (IMA) de combate ao com\u00e9rcio de carne clandestina na regi\u00e3o. Quatro pessoas foram conduzidas \u00e0 delegacia e duas presas por crime contra as rela\u00e7\u00f5es de consumo. O dono de um matadouro est\u00e1 foragido.<\/p>\n<p>O delegado Gabriel Hillen, da Pol\u00edcia Civil, contou que as investiga\u00e7\u00f5es come\u00e7aram ap\u00f3s den\u00fancias de que a carne que era distribu\u00edda em a\u00e7ougues da cidade estavam sendo armazenadas de forma impr\u00f3pria para consumo, comprometendo a sa\u00fade dos moradores da cidade. \u201cA princ\u00edpio, as irregularidades caracterizam crime contra as rela\u00e7\u00f5es de consumo apen\u00e1vel com pris\u00e3o de dois a cinco anos e o respons\u00e1vel vai ser indiciado ao fim do procedimento administrativo\u201d, afirmou Hillen.<\/p>\n<p>Em um matadouro, a pol\u00edcia encontrou a carne de boi armazenada em uma c\u00e2mara fria improvisada, um machado que era usado para matar os bois em um ambiente pr\u00f3ximo ao que viviam os animais. Segundo o fiscal do IMA Alembert Santos, como os procedimentos s\u00e3o proibidos, o matadouro dever\u00e1 ser interditado. \u201cN\u00e3o havia condi\u00e7\u00e3o de higiene nenhuma e o acondicionamento se v\u00ea pela estrutura da c\u00e2mara. E como n\u00e3o tem registro, a gente vai inutilizar a carne considerada impr\u00f3pria pra consumo e interditar o local\u201d, explicou Santos.<\/p>\n<p>Al\u00e9m do com\u00e9rcio ilegal, a Pol\u00edcia investiga se os bois apreendidos haviam sido furtados de fazendas da regi\u00e3o.<\/p>\n<p><strong>Cavalo<\/strong><\/p>\n<p>Em um matadouro, os fiscais encontraram carne de cavalo. Segundo o IMA, no Brasil, \u00e9 permitido o abate de cavalos, mas a pol\u00edcia acredita que o produto era vendido como carne de boi. Lembrando que a venda de carne de cavalo n\u00e3o \u00e9 proibida no Brasil, mas \u00e9 preciso especificar sempre qual a origem do produto.<\/p>\n<p><img decoding=\"async\" src=\"http:\/\/aconteceunovale.com.br\/portal\/wp-content\/uploads\/2017\/06\/carne_cavalo.jpg\" alt=\"\" \/><em>Restos de equinos encontrados pela pol\u00edcia (Foto: PC\/Divulga\u00e7\u00e3o)<\/em><br \/>\n<\/br><\/p>\n<p><strong>VER PRIMEIRO<\/strong><\/p>\n<p>Receba as not\u00edcias do Aconteceu no Vale em primeira m\u00e3o. Clique em curtir no endere\u00e7o <a href=\"https:\/\/www.facebook.com\/aconteceunovale\" target=\"_blank\"><font color=\"red\">www.facebook.com\/aconteceunovale<\/font><\/a> ou no box abaixo:<\/p>\n<div class=\"fb-like\" data-href=\"https:\/\/www.facebook.com\/aconteceunovale\" data-width=\"120\" data-layout=\"standard\" data-action=\"like\" data-size=\"small\" data-show-faces=\"true\" data-share=\"true\"><\/div>\n<p><\/br><\/p>\n<p><em>(Fonte: O Tempo \/ Bruno In\u00e1cio)<\/em><\/p>\n","protected":false},"excerpt":{"rendered":"<p>Meia tonelada de carne impr\u00f3pria para o consumo e 40 cabe\u00e7as de gado foram apreendidas na quinta-feira (1\u00ba de junho) em Ub\u00e1, na Zona da Mata, em uma opera\u00e7\u00e3o conjunta da Pol\u00edcia Civil com o Instituto Mineiro de Agropecu\u00e1ria (IMA) de combate ao com\u00e9rcio de carne clandestina na regi\u00e3o. Quatro pessoas foram conduzidas \u00e0 delegacia [&hellip;]<\/p>\n","protected":false},"author":1,"featured_media":116570,"comment_status":"open","ping_status":"closed","sticky":false,"template":"","format":"standard","meta":{"amp_status":"","footnotes":""},"categories":[123],"tags":[151813,151805,151808,151806,151807,151809,151810,151811,151812,20955,20954,151814,219],"class_list":["post-116569","post","type-post","status-publish","format-standard","has-post-thumbnail","hentry","category-gerais","tag-alembert-santos","tag-apreensao-de-carne-em-uba","tag-apreensao-de-carne-impropria-em-uba","tag-carne-aprendida-em-uba","tag-carne-impropria-apreendida-em-uba","tag-comercio-de-carne-clandestina","tag-comercio-de-carne-clandestina-em-uba","tag-delegado-gabriel-hillen","tag-gabriel-hillen","tag-ima","tag-instituto-mineiro-de-agropecuaria","tag-quadrilha-desarticulada-em-minas-vendia-carne-de-cavalo-como-se-fosse-bovina","tag-uba"],"_links":{"self":[{"href":"https:\/\/aconteceunovale.com.br\/portal\/index.php?rest_route=\/wp\/v2\/posts\/116569","targetHints":{"allow":["GET"]}}],"collection":[{"href":"https:\/\/aconteceunovale.com.br\/portal\/index.php?rest_route=\/wp\/v2\/posts"}],"about":[{"href":"https:\/\/aconteceunovale.com.br\/portal\/index.php?rest_route=\/wp\/v2\/types\/post"}],"author":[{"embeddable":true,"href":"https:\/\/aconteceunovale.com.br\/portal\/index.php?rest_route=\/wp\/v2\/users\/1"}],"replies":[{"embeddable":true,"href":"https:\/\/aconteceunovale.com.br\/portal\/index.php?rest_route=%2Fwp%2Fv2%2Fcomments&post=116569"}],"version-history":[{"count":0,"href":"https:\/\/aconteceunovale.com.br\/portal\/index.php?rest_route=\/wp\/v2\/posts\/116569\/revisions"}],"wp:featuredmedia":[{"embeddable":true,"href":"https:\/\/aconteceunovale.com.br\/portal\/index.php?rest_route=\/wp\/v2\/media\/116570"}],"wp:attachment":[{"href":"https:\/\/aconteceunovale.com.br\/portal\/index.php?rest_route=%2Fwp%2Fv2%2Fmedia&parent=116569"}],"wp:term":[{"taxonomy":"category","embeddable":true,"href":"https:\/\/aconteceunovale.com.br\/portal\/index.php?rest_route=%2Fwp%2Fv2%2Fcategories&post=116569"},{"taxonomy":"post_tag","embeddable":true,"href":"https:\/\/aconteceunovale.com.br\/portal\/index.php?rest_route=%2Fwp%2Fv2%2Ftags&post=116569"}],"curies":[{"name":"wp","href":"https:\/\/api.w.org\/{rel}","templated":true}]}}