{"id":116566,"date":"2017-06-03T16:17:39","date_gmt":"2017-06-03T18:17:39","guid":{"rendered":"http:\/\/aconteceunovale.com.br\/portal\/?p=116566"},"modified":"2017-06-03T16:17:39","modified_gmt":"2017-06-03T18:17:39","slug":"adolescente-mata-o-namorado-durante-briga-em-governador-valadares","status":"publish","type":"post","link":"https:\/\/aconteceunovale.com.br\/portal\/?p=116566","title":{"rendered":"Adolescente mata o namorado durante briga em Governador Valadares"},"content":{"rendered":"<p>Uma adolescente de 16 anos matou o namorado, de 32 anos, com uma facada no peito em Governador Valadares, no Vale do Rio Doce, na madrugada deste s\u00e1bado (03\/06\/2017). De acordo com a Pol\u00edcia Militar (PM), a menina contou que os dois estavam na casa da v\u00edtima na Rua Seleme Hilel, no bairro Vila Isa, quando come\u00e7aram a brigar e a suspeita acabou o esfaqueando.<\/p>\n<p>Ainda segundo a pol\u00edcia a menina contou que durante a briga ela foi at\u00e9 a cozinha e pegou uma faca. Geraldo Dion\u00edsio de Melo Alvim, tentou tomar a faca da m\u00e3o dela, que acabou enfiando o objeto no peito do companheiro. A adolescente disse aos policiais que n\u00e3o tinha inten\u00e7\u00e3o de mat\u00e1-lo e que o esfaqueou sem querer.<\/p>\n<p>Ap\u00f3s o crime, a suspeita disse que entrou em contato com o Servi\u00e7o de Atendimento M\u00f3vel de Urg\u00eancia (SAMU) e que foi informada que n\u00e3o havia ambul\u00e2ncia dispon\u00edvel no momento. Desesperada, ela pediu socorro para um vizinho que levou Alvim at\u00e9 a Unidade de Pronto Atendimento (UPA) no mesmo bairro onde o crime ocorreu.<\/p>\n<p>A v\u00edtima chegou a UPA ainda com vida, mas n\u00e3o resistiu ao ferimento e morreu. A adolescente foi apreendida perto da UPA e encaminhada a Delegacia de Pol\u00edcia Civil de Governador Valadares. Ela ser\u00e1 apresentada a um juiz e se for decretado seu recolhimento, ela ser\u00e1 encaminhada a Belo Horizonte.<\/p>\n<p><img decoding=\"async\" src=\"http:\/\/aconteceunovale.com.br\/portal\/wp-content\/uploads\/2017\/06\/homicidio_gv_geraldo.jpg\" alt=\"\" \/><em>Geraldo Dion\u00edsio de Melo Alvim tinha 32 anos (Foto: Reprodu\u00e7\u00e3o\/Facebook)<\/em><br \/>\n<\/br><\/p>\n<p><strong>VER PRIMEIRO<\/strong><\/p>\n<p>Receba as not\u00edcias do Aconteceu no Vale em primeira m\u00e3o. Clique em curtir no endere\u00e7o <a href=\"https:\/\/www.facebook.com\/aconteceunovale\" target=\"_blank\"><font color=\"red\">www.facebook.com\/aconteceunovale<\/font><\/a> ou no box abaixo:<\/p>\n<div class=\"fb-like\" data-href=\"https:\/\/www.facebook.com\/aconteceunovale\" data-width=\"120\" data-layout=\"standard\" data-action=\"like\" data-size=\"small\" data-show-faces=\"true\" data-share=\"true\"><\/div>\n<p><\/br><\/p>\n<p><em>(Fonte: O Tempo \/ Nat\u00e1lia Oliveira)<\/em><\/p>\n","protected":false},"excerpt":{"rendered":"<p>Uma adolescente de 16 anos matou o namorado, de 32 anos, com uma facada no peito em Governador Valadares, no Vale do Rio Doce, na madrugada deste s\u00e1bado (03\/06\/2017). De acordo com a Pol\u00edcia Militar (PM), a menina contou que os dois estavam na casa da v\u00edtima na Rua Seleme Hilel, no bairro Vila Isa, [&hellip;]<\/p>\n","protected":false},"author":1,"featured_media":71442,"comment_status":"open","ping_status":"closed","sticky":false,"template":"","format":"standard","meta":{"amp_status":"","footnotes":""},"categories":[121],"tags":[151804,151802,151801,151803,247,8180,43038,48394,151800],"class_list":["post-116566","post","type-post","status-publish","format-standard","has-post-thumbnail","hentry","category-leste","tag-adolescente-mata-o-namorado-durante-briga-em-governador-valadares","tag-assassinado-no-vila-isa","tag-assassinado-pela-namorada-em-governador-valadares","tag-geraldo-dionisio-de-melo-alvim","tag-governador-valadares","tag-homicidio-em-governador-valadares","tag-morto-em-governador-valadares","tag-morto-no-vila-isa","tag-morto-pela-namorada-em-governador-valadares"],"_links":{"self":[{"href":"https:\/\/aconteceunovale.com.br\/portal\/index.php?rest_route=\/wp\/v2\/posts\/116566","targetHints":{"allow":["GET"]}}],"collection":[{"href":"https:\/\/aconteceunovale.com.br\/portal\/index.php?rest_route=\/wp\/v2\/posts"}],"about":[{"href":"https:\/\/aconteceunovale.com.br\/portal\/index.php?rest_route=\/wp\/v2\/types\/post"}],"author":[{"embeddable":true,"href":"https:\/\/aconteceunovale.com.br\/portal\/index.php?rest_route=\/wp\/v2\/users\/1"}],"replies":[{"embeddable":true,"href":"https:\/\/aconteceunovale.com.br\/portal\/index.php?rest_route=%2Fwp%2Fv2%2Fcomments&post=116566"}],"version-history":[{"count":0,"href":"https:\/\/aconteceunovale.com.br\/portal\/index.php?rest_route=\/wp\/v2\/posts\/116566\/revisions"}],"wp:featuredmedia":[{"embeddable":true,"href":"https:\/\/aconteceunovale.com.br\/portal\/index.php?rest_route=\/wp\/v2\/media\/71442"}],"wp:attachment":[{"href":"https:\/\/aconteceunovale.com.br\/portal\/index.php?rest_route=%2Fwp%2Fv2%2Fmedia&parent=116566"}],"wp:term":[{"taxonomy":"category","embeddable":true,"href":"https:\/\/aconteceunovale.com.br\/portal\/index.php?rest_route=%2Fwp%2Fv2%2Fcategories&post=116566"},{"taxonomy":"post_tag","embeddable":true,"href":"https:\/\/aconteceunovale.com.br\/portal\/index.php?rest_route=%2Fwp%2Fv2%2Ftags&post=116566"}],"curies":[{"name":"wp","href":"https:\/\/api.w.org\/{rel}","templated":true}]}}