{"id":116562,"date":"2017-06-03T16:06:47","date_gmt":"2017-06-03T18:06:47","guid":{"rendered":"http:\/\/aconteceunovale.com.br\/portal\/?p=116562"},"modified":"2017-06-03T16:08:03","modified_gmt":"2017-06-03T18:08:03","slug":"corpo-de-mineiro-que-morreu-na-fronteira-entre-mexico-e-eua-e-velado-em-guanhaes","status":"publish","type":"post","link":"https:\/\/aconteceunovale.com.br\/portal\/?p=116562","title":{"rendered":"Corpo de mineiro que morreu na fronteira entre M\u00e9xico e EUA \u00e9 velado em Guanh\u00e3es"},"content":{"rendered":"<p>O corpo de Fabr\u00edcio da Silva Santos, de 31 anos, que morreu afogado ao tentar cruzar ilegalmente a fronteira do M\u00e9xico para chegar aos Estados Unidos, \u00e9 velado neste s\u00e1bado (3) em Guanh\u00e3es, no Vale do Rio Doce.<\/p>\n<p>Conforme autoridades mexicanas, aparentemente Fabr\u00edcio se afogou na travessia do Rio Bravo. O corpo dele foi encontrado no dia 5 de maio, no povoado de Val\u00eancia, munic\u00edpio de D\u00edaz Ordaz, estado de Tamaulipas. A pol\u00edcia mexicana investiga o caso. <\/p>\n<p>Familiares e amigos do mineiro organizaram uma campanha com a finalidade de arrecadar  dinheiro para pagar o traslado. O corpo chegou a Belo Horizonte na noite dessa sexta-feira.<\/p>\n<p><img decoding=\"async\" src=\"http:\/\/aconteceunovale.com.br\/portal\/wp-content\/uploads\/2017\/05\/fabricio_gh_eua.jpg\" alt=\"\" \/><em>Fabr\u00edcio tinha 31 anos e morava em Guanh\u00e3es (Foto: Reprodu\u00e7\u00e3o\/Facebook)<\/em><br \/>\n<\/br><\/p>\n<p><strong>VER PRIMEIRO<\/strong><\/p>\n<p><strong>Receba as not\u00edcias do Aconteceu no Vale em primeira m\u00e3o. Clique em curtir no endere\u00e7o <a href=\"https:\/\/www.facebook.com\/aconteceunovale\" target=\"_blank\"><font color=\"red\">www.facebook.com\/aconteceunovale<\/font><\/a> ou no box abaixo:<\/strong><\/p>\n<div class=\"fb-like\" data-href=\"https:\/\/www.facebook.com\/aconteceunovale\" data-width=\"120\" data-layout=\"standard\" data-action=\"like\" data-size=\"small\" data-show-faces=\"true\" data-share=\"true\"><\/div>\n<p><\/br><\/p>\n<p><em>(Com informa\u00e7\u00f5es do Estado de Minas)<\/em><\/p>\n","protected":false},"excerpt":{"rendered":"<p>O corpo de Fabr\u00edcio da Silva Santos, de 31 anos, que morreu afogado ao tentar cruzar ilegalmente a fronteira do M\u00e9xico para chegar aos Estados Unidos, \u00e9 velado neste s\u00e1bado (3) em Guanh\u00e3es, no Vale do Rio Doce. Conforme autoridades mexicanas, aparentemente Fabr\u00edcio se afogou na travessia do Rio Bravo. O corpo dele foi encontrado [&hellip;]<\/p>\n","protected":false},"author":1,"featured_media":114554,"comment_status":"open","ping_status":"closed","sticky":false,"template":"","format":"standard","meta":{"amp_status":"","footnotes":""},"categories":[121,28848],"tags":[148261,148140,148145,148146,148141,148142,148480,151799,148248,148259,148136,148137,148138,148139,148247,155,148148,148143,148144,148147,148260,148262,126552],"class_list":["post-116562","post","type-post","status-publish","format-standard","has-post-thumbnail","hentry","category-leste","category-mundo","tag-acabou-uma-familia","tag-afogado-em-tamaulipas","tag-afogado-no-rio-bravo","tag-brasileiro-encontrado-morto-na-fronteira-entre-mexico-e-eua","tag-brasileiro-morto-em-tamaulipas","tag-brasileiro-morto-no-mexico","tag-corpo-de-mineiro-que-morreu-ao-tentar-entrar-nos-eua-ainda-nao-tem-data-para-chegar-ao-brasil","tag-corpo-de-mineiro-que-morreu-na-fronteira-entre-mexico-e-eua-e-velado-em-guanhaes","tag-diaz-ordaz","tag-diz-esposa-de-mineiro-encontrado-morto-na-fronteira-entre-mexico-e-eua","tag-fabricio-da-silva-santos","tag-fabricio-da-silva-santos-guanhaes","tag-fabricio-da-silva-santos-mexico","tag-fabricio-da-silva-santos-tamaulipas","tag-familia-de-mineiro-que-morreu-na-fronteira-entre-mexico-e-eua-organiza-campanha-para-trasladar-o-corpo","tag-guanhaes","tag-guanhanense-encontrado-morto-na-fronteira-entre-mexico-e-eua","tag-guanhanense-morto-em-tamaulipas","tag-mineiro-de-guanhaes-e-encontrado-morto-na-fronteira-entre-mexico-e-eua","tag-mineiro-encontrado-morto-na-fronteira-entre-mexico-e-eua","tag-nao-acabou-o-sonho-americano","tag-nao-acabou-o-sonho-americano-acabou-uma-familia","tag-rio-bravo"],"_links":{"self":[{"href":"https:\/\/aconteceunovale.com.br\/portal\/index.php?rest_route=\/wp\/v2\/posts\/116562","targetHints":{"allow":["GET"]}}],"collection":[{"href":"https:\/\/aconteceunovale.com.br\/portal\/index.php?rest_route=\/wp\/v2\/posts"}],"about":[{"href":"https:\/\/aconteceunovale.com.br\/portal\/index.php?rest_route=\/wp\/v2\/types\/post"}],"author":[{"embeddable":true,"href":"https:\/\/aconteceunovale.com.br\/portal\/index.php?rest_route=\/wp\/v2\/users\/1"}],"replies":[{"embeddable":true,"href":"https:\/\/aconteceunovale.com.br\/portal\/index.php?rest_route=%2Fwp%2Fv2%2Fcomments&post=116562"}],"version-history":[{"count":0,"href":"https:\/\/aconteceunovale.com.br\/portal\/index.php?rest_route=\/wp\/v2\/posts\/116562\/revisions"}],"wp:featuredmedia":[{"embeddable":true,"href":"https:\/\/aconteceunovale.com.br\/portal\/index.php?rest_route=\/wp\/v2\/media\/114554"}],"wp:attachment":[{"href":"https:\/\/aconteceunovale.com.br\/portal\/index.php?rest_route=%2Fwp%2Fv2%2Fmedia&parent=116562"}],"wp:term":[{"taxonomy":"category","embeddable":true,"href":"https:\/\/aconteceunovale.com.br\/portal\/index.php?rest_route=%2Fwp%2Fv2%2Fcategories&post=116562"},{"taxonomy":"post_tag","embeddable":true,"href":"https:\/\/aconteceunovale.com.br\/portal\/index.php?rest_route=%2Fwp%2Fv2%2Ftags&post=116562"}],"curies":[{"name":"wp","href":"https:\/\/api.w.org\/{rel}","templated":true}]}}