{"id":116559,"date":"2017-06-03T14:37:07","date_gmt":"2017-06-03T16:37:07","guid":{"rendered":"http:\/\/aconteceunovale.com.br\/portal\/?p=116559"},"modified":"2017-06-03T14:37:07","modified_gmt":"2017-06-03T16:37:07","slug":"monte-verde-registra-a-temperatura-mais-baixa-do-ano-em-minas-gerais","status":"publish","type":"post","link":"https:\/\/aconteceunovale.com.br\/portal\/?p=116559","title":{"rendered":"Monte Verde registra a temperatura mais baixa do ano em Minas Gerais"},"content":{"rendered":"<p>Fim do outono com recorde de frio em Minas Gerais. Os moradores de Monte Verde, na Serra da Mantiqueira, enfrentaram temperatura quase negativa no in\u00edcio da manh\u00e3 deste s\u00e1bado (03\/06\/2017). O Centro de Climatologia PUC Minas TempoClima registrou 1,9\u00ba no distrito de Camanducaia, entre 6h e 7h, que \u00e9 a menor temperatura do ano em todo o estado. Os term\u00f4metros devem abaixar ainda mais durante esta semana.<\/p>\n<p>Em Belo Horizonte, o s\u00e1bado amanheceu com c\u00e9u claro e tempo est\u00e1vel. At\u00e9 o fim do dia, as temperaturas devem variar entre 14\u00ba e 25\u00ba.<\/p>\n<p>De acordo com o meteorologista Heriberto dos Anjos, o clima deve permanecer est\u00e1vel, sem possibilidade de chuva. &#8220;As temperaturas seguem em decl\u00ednio, principalmente as m\u00ednimas, mas nada muito significativo na capital. Nos pr\u00f3ximos dias, elas devem ficar entre 12\u00ba e 13\u00ba&#8221;, informou.<\/p>\n<p><img decoding=\"async\" src=\"http:\/\/aconteceunovale.com.br\/portal\/wp-content\/uploads\/2017\/06\/monte_verde_mg.jpg\" alt=\"\" \/><em>Monte Verde fica na Serra da Mantiqueira (Foto: Site monteverde.com.br)<\/em><br \/>\n<\/br><\/p>\n<p><strong>VER PRIMEIRO<\/strong><\/p>\n<p>Receba as not\u00edcias do Aconteceu no Vale em primeira m\u00e3o. Clique em curtir no endere\u00e7o <a href=\"https:\/\/www.facebook.com\/aconteceunovale\" target=\"_blank\"><font color=\"red\">www.facebook.com\/aconteceunovale<\/font><\/a> ou no box abaixo:<\/p>\n<div class=\"fb-like\" data-href=\"https:\/\/www.facebook.com\/aconteceunovale\" data-width=\"120\" data-layout=\"standard\" data-action=\"like\" data-size=\"small\" data-show-faces=\"true\" data-share=\"true\"><\/div>\n<p><\/br><\/p>\n<p><em>(Fonte: Estado de Minas)<\/em><\/p>\n","protected":false},"excerpt":{"rendered":"<p>Fim do outono com recorde de frio em Minas Gerais. Os moradores de Monte Verde, na Serra da Mantiqueira, enfrentaram temperatura quase negativa no in\u00edcio da manh\u00e3 deste s\u00e1bado (03\/06\/2017). O Centro de Climatologia PUC Minas TempoClima registrou 1,9\u00ba no distrito de Camanducaia, entre 6h e 7h, que \u00e9 a menor temperatura do ano em [&hellip;]<\/p>\n","protected":false},"author":1,"featured_media":116560,"comment_status":"open","ping_status":"closed","sticky":false,"template":"","format":"standard","meta":{"amp_status":"","footnotes":""},"categories":[123],"tags":[194,1543,151798,151796,151795,98675,63337,51410,151794,151793,151797,29294],"class_list":["post-116559","post","type-post","status-publish","format-standard","has-post-thumbnail","hentry","category-gerais","tag-belo-horizonte","tag-camanducaia","tag-climatologia-puc-minas-tempoclima","tag-dia-mais-frio-do-ano-em-monte-verde","tag-fim-do-outono-com-recorde-de-frio-em-minas-gerais","tag-frio-em-monte-verde","tag-heriberto-dos-anjos","tag-monte-verde","tag-monte-verde-fica-na-serra-da-mantiqueira","tag-monte-verde-registra-a-temperatura-mais-baixa-do-ano-em-minas-gerais","tag-recorde-de-frio-em-monte-verde","tag-serra-da-mantiqueira"],"_links":{"self":[{"href":"https:\/\/aconteceunovale.com.br\/portal\/index.php?rest_route=\/wp\/v2\/posts\/116559","targetHints":{"allow":["GET"]}}],"collection":[{"href":"https:\/\/aconteceunovale.com.br\/portal\/index.php?rest_route=\/wp\/v2\/posts"}],"about":[{"href":"https:\/\/aconteceunovale.com.br\/portal\/index.php?rest_route=\/wp\/v2\/types\/post"}],"author":[{"embeddable":true,"href":"https:\/\/aconteceunovale.com.br\/portal\/index.php?rest_route=\/wp\/v2\/users\/1"}],"replies":[{"embeddable":true,"href":"https:\/\/aconteceunovale.com.br\/portal\/index.php?rest_route=%2Fwp%2Fv2%2Fcomments&post=116559"}],"version-history":[{"count":0,"href":"https:\/\/aconteceunovale.com.br\/portal\/index.php?rest_route=\/wp\/v2\/posts\/116559\/revisions"}],"wp:featuredmedia":[{"embeddable":true,"href":"https:\/\/aconteceunovale.com.br\/portal\/index.php?rest_route=\/wp\/v2\/media\/116560"}],"wp:attachment":[{"href":"https:\/\/aconteceunovale.com.br\/portal\/index.php?rest_route=%2Fwp%2Fv2%2Fmedia&parent=116559"}],"wp:term":[{"taxonomy":"category","embeddable":true,"href":"https:\/\/aconteceunovale.com.br\/portal\/index.php?rest_route=%2Fwp%2Fv2%2Fcategories&post=116559"},{"taxonomy":"post_tag","embeddable":true,"href":"https:\/\/aconteceunovale.com.br\/portal\/index.php?rest_route=%2Fwp%2Fv2%2Ftags&post=116559"}],"curies":[{"name":"wp","href":"https:\/\/api.w.org\/{rel}","templated":true}]}}