{"id":116551,"date":"2017-06-03T13:51:35","date_gmt":"2017-06-03T15:51:35","guid":{"rendered":"http:\/\/aconteceunovale.com.br\/portal\/?p=116551"},"modified":"2017-06-03T13:51:35","modified_gmt":"2017-06-03T15:51:35","slug":"policia-federal-prende-ex-assessor-de-michel-temer","status":"publish","type":"post","link":"https:\/\/aconteceunovale.com.br\/portal\/?p=116551","title":{"rendered":"Pol\u00edcia federal prende ex-assessor de Michel Temer"},"content":{"rendered":"<p>A Pol\u00edcia Federal (PF) prendeu preventivamente na manh\u00e3 deste s\u00e1bado (03\/06) o ex-deputado Rodrigo Rocha Loures (PMDB-PR). A pris\u00e3o foi solicitada na noite de ontem, em mandado assinado pelo ministro do Supremo Tribunal Federal (STF) Edson Fachin,  a pedido da Procuradoria-Geral da Rep\u00fablica (PGR).<\/p>\n<p>Ex-assessor especial do presidente Michel Temer, Rocha Loures flagrado pela PF recebendo em S\u00e3o Paulo uma mala com R$ 500 mil que, segundo dela\u00e7\u00f5es de executivos da JBS feitas no \u00e2mbito da Opera\u00e7\u00e3o Lava Jato, seriam dinheiro de propina.<\/p>\n<p><strong>&#8220;Imprescind\u00edvel&#8221;<\/strong><\/p>\n<p>O ministro Fachin, relator da Lava Jato, sustentou no seu pedido que a pris\u00e3o de Loures era \u201cimprescind\u00edvel para a garantia da ordem p\u00fablica e da instru\u00e7\u00e3o criminal&#8221;. O ex-deputado foi preso \u00e0s 6h, em sua resid\u00eancia. Segundo a Pol\u00edcia Federal, n\u00e3o houve mandados de busca e apreens\u00e3o.<\/p>\n<p>Em abril, no \u00e2mbito da Opera\u00e7\u00e3o Patmos, Loures foi flagrado recebendo uma mala contendo R$500 mil, que teria sido enviada pelo empres\u00e1rio Joesley Batista, dono da JBS. A investiga\u00e7\u00e3o foi iniciada com base em dela\u00e7\u00e3o premiada da empresa.<\/p>\n<p>O pedido de pris\u00e3o foi feito ap\u00f3s o ex-ministro da Justi\u00e7a Osmar Serraglio reassumir o cargo de deputado federal. Com o retorno, Loures, que era suplente de Serraglio, perdeu o foro privilegiado.<\/p>\n<p><img decoding=\"async\" src=\"http:\/\/aconteceunovale.com.br\/portal\/wp-content\/uploads\/2017\/06\/temer_loures.jpg\" alt=\"\" \/><em>Temer e Rocha Loures (Foto: Divulga\u00e7\u00e3o \/ Rodrigo Rocha Loures)<\/em><br \/>\n<\/br><\/p>\n<p><strong>VER PRIMEIRO<\/strong><\/p>\n<p>Receba as not\u00edcias do Aconteceu no Vale em primeira m\u00e3o. Clique em curtir no endere\u00e7o <a href=\"https:\/\/www.facebook.com\/aconteceunovale\" target=\"_blank\"><font color=\"red\">www.facebook.com\/aconteceunovale<\/font><\/a> ou no box abaixo:<\/p>\n<div class=\"fb-like\" data-href=\"https:\/\/www.facebook.com\/aconteceunovale\" data-width=\"120\" data-layout=\"standard\" data-action=\"like\" data-size=\"small\" data-show-faces=\"true\" data-share=\"true\"><\/div>\n<p><\/br><\/p>\n<p><em>(Fonte: Ag\u00eancia Brasil)<\/em><\/p>\n","protected":false},"excerpt":{"rendered":"<p>A Pol\u00edcia Federal (PF) prendeu preventivamente na manh\u00e3 deste s\u00e1bado (03\/06) o ex-deputado Rodrigo Rocha Loures (PMDB-PR). A pris\u00e3o foi solicitada na noite de ontem, em mandado assinado pelo ministro do Supremo Tribunal Federal (STF) Edson Fachin, a pedido da Procuradoria-Geral da Rep\u00fablica (PGR). Ex-assessor especial do presidente Michel Temer, Rocha Loures flagrado pela PF [&hellip;]<\/p>\n","protected":false},"author":1,"featured_media":116552,"comment_status":"open","ping_status":"closed","sticky":false,"template":"","format":"standard","meta":{"amp_status":"","footnotes":""},"categories":[6,40240],"tags":[149455,149461,2728,149460,149445,149443,149444,149441,149453,18871,149452,149450,134495,194,965,99279,149454,1018,77983,151780,149459,149457,149456,149424,149468,149469,102497,149448,149434,149440,149458,20181,149471,1496,149506,149449,18095,149491,772,151782,20321,151781,149442,149470,149447,28510,149677,149676,149451,149446],"class_list":["post-116551","post","type-post","status-publish","format-standard","has-post-thumbnail","hentry","category-br","category-politica-2","tag-a-casa-caiu-para-aecio-neves","tag-a-casa-caiu-para-aecio-neves-e-outros-politicos-do-alto-escalao","tag-aecio-neves","tag-aecio-neves-e-outros-politicos-sao-alvos-de-operacao-da-policia-federal","tag-aecio-neves-jbs","tag-aecio-neves-operacao-cala-boca","tag-aecio-neves-propina","tag-afastamento-aecio-neves","tag-andrea-neves","tag-andrea-neves-da-cunha","tag-andreia-neves","tag-angelo-goulart-villela","tag-apos-denuncias","tag-belo-horizonte","tag-claudio","tag-delacao","tag-delacao-da-jbs","tag-destaque","tag-edson-fachin","tag-ex-deputado","tag-fachin-manda-afastar-aecio-neves","tag-frederico-pacheco-de-medeiros","tag-frigorifico-jbs","tag-gravacoes-da-jbs","tag-irma-de-aecio-neves-e-presa-em-nova-lima","tag-janot-determina-exoneracao-de-procurador-preso-em-operacao-da-policia-federal","tag-jbs","tag-joao-batista-lima-filho","tag-joesley-batista","tag-mandados-aecio-neves","tag-mandados-em-enderecos-ligados-a-aecio-neves","tag-michel-temer","tag-michel-temer-altera-a-agenda-e-cancela-compromissos","tag-nova-lima","tag-oito-pedidos-de-impeachment-sao-apresentados-no-congresso","tag-operacao-cala-boca","tag-operacao-lava-jato","tag-ouca-a-conversa-entre-michel-temer-e-o-dono-da-jbs","tag-policia-federal","tag-policia-federal-prende-ex-assessor-de-michel-temer","tag-presidente-da-republica","tag-preso-em-brasilia","tag-prisao-aecio-neves","tag-procuradoria-geral-eleitoral","tag-rodrigo-rocha-loures","tag-supremo-tribunal-federal","tag-temer-ataca-dono-da-jbs-e-diz-que-vai-pedir-suspensao-de-inquerito","tag-temer-diz-que-vai-pedir-suspensao-de-inquerito","tag-willer-tomaz","tag-zeze-perrela"],"_links":{"self":[{"href":"https:\/\/aconteceunovale.com.br\/portal\/index.php?rest_route=\/wp\/v2\/posts\/116551","targetHints":{"allow":["GET"]}}],"collection":[{"href":"https:\/\/aconteceunovale.com.br\/portal\/index.php?rest_route=\/wp\/v2\/posts"}],"about":[{"href":"https:\/\/aconteceunovale.com.br\/portal\/index.php?rest_route=\/wp\/v2\/types\/post"}],"author":[{"embeddable":true,"href":"https:\/\/aconteceunovale.com.br\/portal\/index.php?rest_route=\/wp\/v2\/users\/1"}],"replies":[{"embeddable":true,"href":"https:\/\/aconteceunovale.com.br\/portal\/index.php?rest_route=%2Fwp%2Fv2%2Fcomments&post=116551"}],"version-history":[{"count":0,"href":"https:\/\/aconteceunovale.com.br\/portal\/index.php?rest_route=\/wp\/v2\/posts\/116551\/revisions"}],"wp:featuredmedia":[{"embeddable":true,"href":"https:\/\/aconteceunovale.com.br\/portal\/index.php?rest_route=\/wp\/v2\/media\/116552"}],"wp:attachment":[{"href":"https:\/\/aconteceunovale.com.br\/portal\/index.php?rest_route=%2Fwp%2Fv2%2Fmedia&parent=116551"}],"wp:term":[{"taxonomy":"category","embeddable":true,"href":"https:\/\/aconteceunovale.com.br\/portal\/index.php?rest_route=%2Fwp%2Fv2%2Fcategories&post=116551"},{"taxonomy":"post_tag","embeddable":true,"href":"https:\/\/aconteceunovale.com.br\/portal\/index.php?rest_route=%2Fwp%2Fv2%2Ftags&post=116551"}],"curies":[{"name":"wp","href":"https:\/\/api.w.org\/{rel}","templated":true}]}}