{"id":116543,"date":"2017-06-03T12:53:27","date_gmt":"2017-06-03T14:53:27","guid":{"rendered":"http:\/\/aconteceunovale.com.br\/portal\/?p=116543"},"modified":"2017-06-03T12:53:27","modified_gmt":"2017-06-03T14:53:27","slug":"salao-do-livro-vale-do-aco-celebra-decima-edicao-de-6-a-11-de-junho","status":"publish","type":"post","link":"https:\/\/aconteceunovale.com.br\/portal\/?p=116543","title":{"rendered":"Sal\u00e3o do Livro Vale do A\u00e7o celebra d\u00e9cima edi\u00e7\u00e3o de 6 a 11 de junho"},"content":{"rendered":"<p>O Sal\u00e3o do Livro Vale do A\u00e7o est\u00e1 de volta para comemorar a sua 10\u00aa edi\u00e7\u00e3o com uma programa\u00e7\u00e3o cultural gratuita e debates acerca da diversidade e da inclus\u00e3o social por meio da literatura. Com tema \u201cO amor\u201d, o maior evento liter\u00e1rio do Leste mineiro ser\u00e1 realizado no Centro Cultural Usiminas, em Ipatinga (Territ\u00f3rio Vale do A\u00e7o),\u00a0de 6 a 11 de junho (ter\u00e7a a domingo).<\/p>\n<p>Incentivar o h\u00e1bito de leitura e a contribuir com o acesso de crian\u00e7as, jovens e adultos ao mundo da literatura s\u00e3o dois dos objetivos do Sal\u00e3o, que tamb\u00e9m promover\u00e1 a\u00e7\u00f5es em Coronel Fabriciano (territ\u00f3rio Vale do A\u00e7o) e Inhapim (territ\u00f3rio Vale do A\u00e7o).<\/p>\n<p>Realizado com recursos da Lei Estadual de Incentivo \u00e0 Cultura, por meio do patroc\u00ednio da Usiminas, o evento traz em sua programa\u00e7\u00e3o espet\u00e1culos teatrais, oficinas, conta\u00e7\u00f5es de hist\u00f3rias, interven\u00e7\u00f5es, uma exposi\u00e7\u00e3o, lan\u00e7amentos de livros, palestra, mesas-redondas e a tradicional feira de livros. O agendamento para a participa\u00e7\u00e3o de escolas pode ser feito por meio do n\u00famero (31) 3824-3731 e as inscri\u00e7\u00f5es para oficinas e mesas-redondas pelo telefone (31) 98324-4860 ou e-mail contato@salaodolivrovaledoaco.com.br.<\/p>\n<p>A coordenadora do Sal\u00e3o do Livro Vale do A\u00e7o, Cibele Teixeira, afirma que a d\u00e9cima edi\u00e7\u00e3o do evento refor\u00e7a o poder da literatura aliada ao amor. \u201cO amor pela literatura, o amor de educar e transformar, o amor que inclui e mostra que as pessoas s\u00e3o diferentes e que todos cabem nesse mundo\u201d, declara Cibele. \u201cS\u00e3o dez anos cumprindo o objetivo de levar \u00e0 popula\u00e7\u00e3o do Vale do A\u00e7o o acesso \u00e0 literatura, incentivando a leitura e a arte como forma de promover o contato com o universo liter\u00e1rio\u201d, completa a idealizadora do evento.<\/p>\n<p><strong>Homenagem<\/strong><\/p>\n<p>O artista pl\u00e1stico autodidata e escritor Marcelo Xavier ser\u00e1 homenageado nesta edi\u00e7\u00e3o do Sal\u00e3o do Livro Vale do A\u00e7o. Autor dos sucessos liter\u00e1rios infantis &#8220;O dia a dia de Dad\u00e1&#8221;, &#8220;Tem de tudo nesta rua\u201d e &#8220;Se crian\u00e7a governasse o mundo&#8221;, Marcelo faz parte da trajet\u00f3ria do Sal\u00e3o do Livro Vale do A\u00e7o desde os prim\u00f3rdios, quando o projeto ainda era realizado em Belo Horizonte com o nome \u201cSal\u00e3o do Livro Infantil e Juvenil de Minas Gerais\u201d. Marcelo tamb\u00e9m contribuiu para o primeiro projeto de interioriza\u00e7\u00e3o do evento para Ipatinga.<\/p>\n<p>A homenagem se dar\u00e1 por meio da programa\u00e7\u00e3o cultural, com apresenta\u00e7\u00f5es teatrais e oficinas baseadas nas obras do escritor. Durante a realiza\u00e7\u00e3o do evento ser\u00e3o sorteados vales-livros a todos os participantes das atividades culturais.<\/p>\n<p><strong>Programa\u00e7\u00e3o para educadores<\/strong><\/p>\n<p>De 7 a 9 de junho, o Sal\u00e3o do Livro oferecer\u00e1 aos professores uma programa\u00e7\u00e3o especial de mesas-redondas e uma palestra com o tema \u201cO amor\u201d. As mesas-redondas ser\u00e3o mediadas pelo homenageado do evento, o escritor Marcelo Xavier, e ser\u00e3o conduzidas sob as perspectivas \u201cO amor pela profiss\u00e3o de escritor\/ilustrador\u201d e \u201cO amor na literatura\u201d. No dia 7 de junho (quarta-feira), os convidados ser\u00e3o os escritores Nelson Cruz e Humberto Oliveira. J\u00e1 no dia 9 de junho (sexta-feira), a mesa-redonda conta com a participa\u00e7\u00e3o dos escritores Paulo Bernardo e Marcos Mota.<\/p>\n<p>No dia 8 de junho (quinta-feira), entrecortando a programa\u00e7\u00e3o das mesas-redondas, ser\u00e1 ministrada a palestra musicada \u201cEducar para a diversidade: os 5 pilares da educa\u00e7\u00e3o inclusiva\u201d, do empres\u00e1rio Leonardo Gontijo e o do escritor e m\u00fasico Dudu do Cavaco, do Instituto Mano Down. Voltada para professores e educadores da regi\u00e3o, a palestra abordar\u00e1 o conceito de \u201cinclus\u00e3o\u201d a partir do amor, contando a trajet\u00f3ria dos dois irm\u00e3os na forma\u00e7\u00e3o do Instituto e import\u00e2ncia da educa\u00e7\u00e3o inclusiva para forma\u00e7\u00e3o de alunos cr\u00edticos.<\/p>\n<p>Os interessados em participar das mesas-redondas e da palestra podem retirar ingressos, gratuitamente, na bilheteria do Centro Cultural Usiminas, a partir de 31 de maio.<\/p>\n<p><strong>Sal\u00e3o do Livro<\/strong><\/p>\n<p>Em mais de uma d\u00e9cada de trajet\u00f3ria liter\u00e1ria e cultural, o evento reuniu um p\u00fablico de mais de 300 mil visitantes. O projeto, que surgiu de uma parceria entre Usiminas e a produtora cultural Paralelo 3 Projetos Especiais com o apoio institucional da C\u00e2mara Mineira do Livro, promove a democratiza\u00e7\u00e3o da literatura e da cultura.<\/p>\n<p>O evento \u00e9 realizado com patroc\u00ednio da Usiminas por meio da Lei Estadual de Incentivo \u00e0 Cultura e tem como apoiadores locais a Secretaria de Governan\u00e7a Educacional (Prefeitura Municipal de Coronel Fabriciano), a prefeitura de Ipatinga, o Shopping Vale do A\u00e7o, a Fiemg, o Sesc\/MG e o Instituto Cultural Usiminas.<\/p>\n<p><strong><span style=\"text-decoration: underline;\">Servi\u00e7o<\/span>:<\/strong><\/p>\n<p><strong>10\u00ba Sal\u00e3o do Livro Vale do A\u00e7o<br \/>\nData:<\/strong>\u00a06 a 11 de junho de 2017 (ter\u00e7a a domingo)<br \/>\n<strong>Local:<\/strong>\u00a0Centro Cultural Usiminas &#8211; Shopping Vale do A\u00e7o &#8211; Ipatinga (MG)<br \/>\n<strong>Visita\u00e7\u00e3o escolar:<\/strong>\u00a0A\u00e7\u00e3o Educativa &#8211; (31) 3824-3731<br \/>\n<strong>Oficinas e mesas-redondas:\u00a0<\/strong>31 9 8324 4860 (Claro) &#8211; contato@salaodolivrovaledoaco.com.br<br \/>\n<em>Entrada gratuita<\/em><\/p>\n<p><strong>VER PRIMEIRO<\/strong><\/p>\n<p>Receba as not\u00edcias do Aconteceu no Vale em primeira m\u00e3o. Clique em curtir no endere\u00e7o <a href=\"https:\/\/www.facebook.com\/aconteceunovale\" target=\"_blank\"><font color=\"red\">www.facebook.com\/aconteceunovale<\/font><\/a> ou no box abaixo:<\/p>\n<div class=\"fb-like\" data-href=\"https:\/\/www.facebook.com\/aconteceunovale\" data-width=\"120\" data-layout=\"standard\" data-action=\"like\" data-size=\"small\" data-show-faces=\"true\" data-share=\"true\"><\/div>\n<p><\/br><\/p>\n<p><em>(Fonte: Ag\u00eancia Minas)<\/em><\/p>\n","protected":false},"excerpt":{"rendered":"<p>O Sal\u00e3o do Livro Vale do A\u00e7o est\u00e1 de volta para comemorar a sua 10\u00aa edi\u00e7\u00e3o com uma programa\u00e7\u00e3o cultural gratuita e debates acerca da diversidade e da inclus\u00e3o social por meio da literatura. Com tema \u201cO amor\u201d, o maior evento liter\u00e1rio do Leste mineiro ser\u00e1 realizado no Centro Cultural Usiminas, em Ipatinga (Territ\u00f3rio Vale [&hellip;]<\/p>\n","protected":false},"author":1,"featured_media":116544,"comment_status":"open","ping_status":"closed","sticky":false,"template":"","format":"standard","meta":{"amp_status":"","footnotes":""},"categories":[125,121],"tags":[151766,151767,1524,296,201,151765,151764,151768,6808],"class_list":["post-116543","post","type-post","status-publish","format-standard","has-post-thumbnail","hentry","category-noticias","category-leste","tag-centro-cultural-usiminas","tag-cibele-teixeira","tag-coronel-fabriciano","tag-inhapim","tag-ipatinga","tag-maior-evento-literario-do-leste-mineiro","tag-salao-do-livro-vale-do-aco","tag-salao-do-livro-vale-do-aco-celebra-decima-edicao-de-6-a-11-de-junho","tag-usiminas"],"_links":{"self":[{"href":"https:\/\/aconteceunovale.com.br\/portal\/index.php?rest_route=\/wp\/v2\/posts\/116543","targetHints":{"allow":["GET"]}}],"collection":[{"href":"https:\/\/aconteceunovale.com.br\/portal\/index.php?rest_route=\/wp\/v2\/posts"}],"about":[{"href":"https:\/\/aconteceunovale.com.br\/portal\/index.php?rest_route=\/wp\/v2\/types\/post"}],"author":[{"embeddable":true,"href":"https:\/\/aconteceunovale.com.br\/portal\/index.php?rest_route=\/wp\/v2\/users\/1"}],"replies":[{"embeddable":true,"href":"https:\/\/aconteceunovale.com.br\/portal\/index.php?rest_route=%2Fwp%2Fv2%2Fcomments&post=116543"}],"version-history":[{"count":0,"href":"https:\/\/aconteceunovale.com.br\/portal\/index.php?rest_route=\/wp\/v2\/posts\/116543\/revisions"}],"wp:featuredmedia":[{"embeddable":true,"href":"https:\/\/aconteceunovale.com.br\/portal\/index.php?rest_route=\/wp\/v2\/media\/116544"}],"wp:attachment":[{"href":"https:\/\/aconteceunovale.com.br\/portal\/index.php?rest_route=%2Fwp%2Fv2%2Fmedia&parent=116543"}],"wp:term":[{"taxonomy":"category","embeddable":true,"href":"https:\/\/aconteceunovale.com.br\/portal\/index.php?rest_route=%2Fwp%2Fv2%2Fcategories&post=116543"},{"taxonomy":"post_tag","embeddable":true,"href":"https:\/\/aconteceunovale.com.br\/portal\/index.php?rest_route=%2Fwp%2Fv2%2Ftags&post=116543"}],"curies":[{"name":"wp","href":"https:\/\/api.w.org\/{rel}","templated":true}]}}