{"id":116497,"date":"2017-06-02T21:38:27","date_gmt":"2017-06-02T23:38:27","guid":{"rendered":"http:\/\/aconteceunovale.com.br\/portal\/?p=116497"},"modified":"2017-06-03T17:32:37","modified_gmt":"2017-06-03T19:32:37","slug":"colisao-entre-caminhoes-deixa-dois-mortos-na-br-135-em-bocaiuva","status":"publish","type":"post","link":"https:\/\/aconteceunovale.com.br\/portal\/?p=116497","title":{"rendered":"Colis\u00e3o entre caminh\u00f5es deixa dois mortos na BR-135, em Bocaiuva"},"content":{"rendered":"<p>A colis\u00e3o frontal entre dois caminh\u00f5es matou dois homens na manh\u00e3 desta sexta-feira (02\/06\/2017) na altura do quil\u00f4metro 405 da BR-135, na Serra de Bocaiuva, na regi\u00e3o Norte de Minas. De acordo com a Pol\u00edcia Rodovi\u00e1ria Federal (PRF), as duas v\u00edtimas eram respons\u00e1veis pela condu\u00e7\u00e3o dos ve\u00edculos e ficaram presas \u00e0s ferragens. Os corpos foram removidos pelo Corpo de Bombeiros j\u00e1 nesta tarde.  <\/p>\n<p>Ainda segundo a PRF, n\u00e3o h\u00e1 outros feridos. O tr\u00e2nsito permaneceu interditado nos dois sentidos at\u00e9 \u00e0s 16h. Os caminh\u00f5es estavam carregados com cerveja e cimento e as cargas se espalharam sob a via. Um dos ve\u00edculos tombou. As causas do acidente ainda s\u00e3o desconhecidas.<\/p>\n<p><img decoding=\"async\" src=\"http:\/\/aconteceunovale.com.br\/portal\/wp-content\/uploads\/2017\/06\/acidente_carretas_boc_1.jpg\" alt=\"\" \/><em>Acidente aconteceu no km 405 da BR-135 (Foto: Reprodu\u00e7\u00e3o\/WhatsApp)<\/em><br \/>\n<\/br><\/p>\n<p><img decoding=\"async\" src=\"http:\/\/aconteceunovale.com.br\/portal\/wp-content\/uploads\/2017\/06\/acidente_carretas_boc_2.jpg\" alt=\"\" \/><em>Acidente aconteceu no km 405 da BR-135 (Foto: Reprodu\u00e7\u00e3o\/WhatsApp)<\/em><br \/>\n<\/br><\/p>\n<p><img decoding=\"async\" src=\"http:\/\/aconteceunovale.com.br\/portal\/wp-content\/uploads\/2017\/06\/acidente_carretas_boc_3.jpg\" alt=\"\" \/><em>Acidente aconteceu no km 405 da BR-135 (Foto: Reprodu\u00e7\u00e3o\/WhatsApp)<\/em><br \/>\n<\/br><\/p>\n<p><img decoding=\"async\" src=\"http:\/\/aconteceunovale.com.br\/portal\/wp-content\/uploads\/2017\/06\/acidente_carretas_boc_4.jpg\" alt=\"\" \/><em>Acidente aconteceu no km 405 da BR-135 (Foto: Reprodu\u00e7\u00e3o\/WhatsApp)<\/em><br \/>\n<\/br><\/p>\n<h3>V\u00eddeo<\/h3>\n<p><iframe loading=\"lazy\" width=\"640\" height=\"360\" src=\"https:\/\/www.youtube.com\/embed\/91ZX1jYqcBM\" frameborder=\"0\" allowfullscreen><\/iframe><br \/>\n<\/br><\/p>\n<p><strong>VER PRIMEIRO<\/strong><\/p>\n<p>Receba as not\u00edcias do Aconteceu no Vale em primeira m\u00e3o. Clique em curtir no endere\u00e7o <a href=\"https:\/\/www.facebook.com\/aconteceunovale\" target=\"_blank\"><font color=\"red\">www.facebook.com\/aconteceunovale<\/font><\/a> ou no box abaixo:<\/p>\n<div class=\"fb-like\" data-href=\"https:\/\/www.facebook.com\/aconteceunovale\" data-width=\"120\" data-layout=\"standard\" data-action=\"like\" data-size=\"small\" data-show-faces=\"true\" data-share=\"true\"><\/div>\n<p><\/br><\/p>\n<p><em>(Com informa\u00e7\u00f5es do Estado de Minas)<\/em><\/p>\n","protected":false},"excerpt":{"rendered":"<p>A colis\u00e3o frontal entre dois caminh\u00f5es matou dois homens na manh\u00e3 desta sexta-feira (02\/06\/2017) na altura do quil\u00f4metro 405 da BR-135, na Serra de Bocaiuva, na regi\u00e3o Norte de Minas. De acordo com a Pol\u00edcia Rodovi\u00e1ria Federal (PRF), as duas v\u00edtimas eram respons\u00e1veis pela condu\u00e7\u00e3o dos ve\u00edculos e ficaram presas \u00e0s ferragens. Os corpos foram [&hellip;]<\/p>\n","protected":false},"author":1,"featured_media":116498,"comment_status":"open","ping_status":"closed","sticky":false,"template":"","format":"standard","meta":{"amp_status":"","footnotes":""},"categories":[1236],"tags":[151678,151679,151825,151827,151826,18467,31913,19374,72933,151677,25409,645,1247,151675,151676,1018,151828,81193,151824],"class_list":["post-116497","post","type-post","status-publish","format-standard","has-post-thumbnail","hentry","category-norte_de_minas","tag-acidente-com-caminhao-da-brahma-na-br-135","tag-acidente-com-caminhao-de-cimento-na-br-135","tag-acidente-com-caminhoneiro-de-tomaz-gonzaga","tag-acidente-com-eli-goncalves-de-oliveira","tag-acidente-com-motorista-de-tomaz-gonzaga","tag-acidente-em-bocaiuva","tag-acidente-entre-caminhoes-na-br-135","tag-acidente-na-br-135","tag-acidente-na-br-135-em-bocaiuva","tag-acidente-na-br-135-na-serra-de-bocaiuva","tag-acidente-na-serra-de-bocaiuva","tag-bocaiuva","tag-br-135","tag-colisao-entre-caminhoes-deixa-dois-mortos-na-br-135","tag-colisao-entre-caminhoes-deixa-dois-mortos-na-br-135-em-bocaiuva","tag-destaque","tag-eli-goncalves-de-oliveira","tag-em-bocaiuva","tag-tomaz-gonzaga"],"_links":{"self":[{"href":"https:\/\/aconteceunovale.com.br\/portal\/index.php?rest_route=\/wp\/v2\/posts\/116497","targetHints":{"allow":["GET"]}}],"collection":[{"href":"https:\/\/aconteceunovale.com.br\/portal\/index.php?rest_route=\/wp\/v2\/posts"}],"about":[{"href":"https:\/\/aconteceunovale.com.br\/portal\/index.php?rest_route=\/wp\/v2\/types\/post"}],"author":[{"embeddable":true,"href":"https:\/\/aconteceunovale.com.br\/portal\/index.php?rest_route=\/wp\/v2\/users\/1"}],"replies":[{"embeddable":true,"href":"https:\/\/aconteceunovale.com.br\/portal\/index.php?rest_route=%2Fwp%2Fv2%2Fcomments&post=116497"}],"version-history":[{"count":0,"href":"https:\/\/aconteceunovale.com.br\/portal\/index.php?rest_route=\/wp\/v2\/posts\/116497\/revisions"}],"wp:featuredmedia":[{"embeddable":true,"href":"https:\/\/aconteceunovale.com.br\/portal\/index.php?rest_route=\/wp\/v2\/media\/116498"}],"wp:attachment":[{"href":"https:\/\/aconteceunovale.com.br\/portal\/index.php?rest_route=%2Fwp%2Fv2%2Fmedia&parent=116497"}],"wp:term":[{"taxonomy":"category","embeddable":true,"href":"https:\/\/aconteceunovale.com.br\/portal\/index.php?rest_route=%2Fwp%2Fv2%2Fcategories&post=116497"},{"taxonomy":"post_tag","embeddable":true,"href":"https:\/\/aconteceunovale.com.br\/portal\/index.php?rest_route=%2Fwp%2Fv2%2Ftags&post=116497"}],"curies":[{"name":"wp","href":"https:\/\/api.w.org\/{rel}","templated":true}]}}