{"id":116495,"date":"2017-06-02T21:18:27","date_gmt":"2017-06-02T23:18:27","guid":{"rendered":"http:\/\/aconteceunovale.com.br\/portal\/?p=116495"},"modified":"2017-06-02T21:18:27","modified_gmt":"2017-06-02T23:18:27","slug":"aecio-neves-e-denunciado-ao-supremo-por-corrupcao-e-obstrucao-da-justica","status":"publish","type":"post","link":"https:\/\/aconteceunovale.com.br\/portal\/?p=116495","title":{"rendered":"A\u00e9cio Neves \u00e9 denunciado ao Supremo por corrup\u00e7\u00e3o e obstru\u00e7\u00e3o da Justi\u00e7a"},"content":{"rendered":"<p>O procurador-geral da Rep\u00fablica, Rodrigo Janot, apresentou hoje (02\/06\/2017) den\u00fancia ao Supremo Tribunal Federal (STF) contra o senador afastado A\u00e9cio Neves (PSDB) pelos crimes de corrup\u00e7\u00e3o e obstru\u00e7\u00e3o da Justi\u00e7a. Na den\u00fancia, a PGR acusa A\u00e9cio Neves de solicitar R$ 2 milh\u00f5es ao empres\u00e1rio Joesley Batista, um dos delatores da JBS.<\/p>\n<p>A irm\u00e3 do parlamentar, Andrea Neves, o primo de A\u00e9cio, Frederico Pacheco, e Mendherson Souza Lima, ex-assessor do senador Zez\u00e9 Perrela (PMDB-MG), tamb\u00e9m foram denunciados. Todos foram citados na dela\u00e7\u00e3o premiada da JBS. De acordo com o procurador, o recebimento do valor teria sido intermediado por Frederico e Mendherson, que teria entregue parte dos recursos em uma empresa ligada ao filho de Perrella. A den\u00fancia est\u00e1 baseada em grava\u00e7\u00f5es feitas pela Pol\u00edcia Federal, durante uma a\u00e7\u00e3o controlada.<\/p>\n<p>A den\u00fancia ser\u00e1 analisada pelo ministro Marco Aur\u00e9lio e julgada pela Primeira Turma do Supremo, composta pelos ministros Alexandre de Moraes, Rosa Weber, Lu\u00eds Roberto Barroso e Luiz Fux. A data ainda n\u00e3o foi definida.<\/p>\n<p>Sobre a acusa\u00e7\u00e3o de obstru\u00e7\u00e3o da Justi\u00e7a, Janot sustenta na den\u00fancia que o senador afastado tentou embara\u00e7ar as investiga\u00e7\u00f5es da Opera\u00e7\u00e3o Lava Jato, na qual tamb\u00e9m \u00e9 investigado, ao &#8220;empreender esfor\u00e7os&#8221; para interferir na distribui\u00e7\u00e3o dos inqu\u00e9ritos dentro da Pol\u00edcia Federal. Ao fim, o procurador solicitou ao STF que A\u00e9cio e sua irm\u00e3 sejam condenados ao pagamento de R$ 6 milh\u00f5es por danos decorrentes dos casos citados de corrup\u00e7\u00e3o.<\/p>\n<p>Em nota, a defesa do senador afastado disse que recebeu &#8220;com surpresa a not\u00edcia&#8221; da den\u00fancia. Os advogados apontam que &#8220;diversas dilig\u00eancias de fundamental import\u00e2ncia&#8221;, entre elas o depoimento de A\u00e9cio e a per\u00edcia nas grava\u00e7\u00f5es, ainda n\u00e3o foram realizadas. &#8220;Assim, a defesa lamenta o a\u00e7odamento no oferecimento da den\u00fancia e aguarda ter acesso ao seu teor para que possa demonstrar a corre\u00e7\u00e3o da conduta&#8221; de A\u00e9cio.<\/p>\n<p><strong>VER PRIMEIRO<\/strong><\/p>\n<p>Receba as not\u00edcias do Aconteceu no Vale em primeira m\u00e3o. Clique em curtir no endere\u00e7o <a href=\"https:\/\/www.facebook.com\/aconteceunovale\" target=\"_blank\"><font color=\"red\">www.facebook.com\/aconteceunovale<\/font><\/a> ou no box abaixo:<\/p>\n<div class=\"fb-like\" data-href=\"https:\/\/www.facebook.com\/aconteceunovale\" data-width=\"120\" data-layout=\"standard\" data-action=\"like\" data-size=\"small\" data-show-faces=\"true\" data-share=\"true\"><\/div>\n<p><\/br><\/p>\n<p><em>(Fonte: Ag\u00eancia Brasil)<\/em><\/p>\n","protected":false},"excerpt":{"rendered":"<p>O procurador-geral da Rep\u00fablica, Rodrigo Janot, apresentou hoje (02\/06\/2017) den\u00fancia ao Supremo Tribunal Federal (STF) contra o senador afastado A\u00e9cio Neves (PSDB) pelos crimes de corrup\u00e7\u00e3o e obstru\u00e7\u00e3o da Justi\u00e7a. Na den\u00fancia, a PGR acusa A\u00e9cio Neves de solicitar R$ 2 milh\u00f5es ao empres\u00e1rio Joesley Batista, um dos delatores da JBS. A irm\u00e3 do parlamentar, [&hellip;]<\/p>\n","protected":false},"author":1,"featured_media":115534,"comment_status":"open","ping_status":"closed","sticky":false,"template":"","format":"standard","meta":{"amp_status":"","footnotes":""},"categories":[6,40240],"tags":[149455,149461,2728,151670,149460,149445,149443,149444,149441,149453,18871,149452,149450,134495,194,965,99279,149454,151669,151673,77983,151674,149459,151672,149457,149456,149424,149468,149469,102497,149448,149434,149440,149458,20181,149471,1496,151671,149506,149449,18095,149491,85356,151668,772,20321,149442,36446,149470,7882,20096,149447,28511,28510,149677,149676,149451,149446],"class_list":["post-116495","post","type-post","status-publish","format-standard","has-post-thumbnail","hentry","category-br","category-politica-2","tag-a-casa-caiu-para-aecio-neves","tag-a-casa-caiu-para-aecio-neves-e-outros-politicos-do-alto-escalao","tag-aecio-neves","tag-aecio-neves-e-denunciado","tag-aecio-neves-e-outros-politicos-sao-alvos-de-operacao-da-policia-federal","tag-aecio-neves-jbs","tag-aecio-neves-operacao-cala-boca","tag-aecio-neves-propina","tag-afastamento-aecio-neves","tag-andrea-neves","tag-andrea-neves-da-cunha","tag-andreia-neves","tag-angelo-goulart-villela","tag-apos-denuncias","tag-belo-horizonte","tag-claudio","tag-delacao","tag-delacao-da-jbs","tag-denuncia-contra-aecio-neves","tag-e-mendherson-souza-lima","tag-edson-fachin","tag-ex-assessor-do-senador-zeze-perrela","tag-fachin-manda-afastar-aecio-neves","tag-frederico-pacheco","tag-frederico-pacheco-de-medeiros","tag-frigorifico-jbs","tag-gravacoes-da-jbs","tag-irma-de-aecio-neves-e-presa-em-nova-lima","tag-janot-determina-exoneracao-de-procurador-preso-em-operacao-da-policia-federal","tag-jbs","tag-joao-batista-lima-filho","tag-joesley-batista","tag-mandados-aecio-neves","tag-mandados-em-enderecos-ligados-a-aecio-neves","tag-michel-temer","tag-michel-temer-altera-a-agenda-e-cancela-compromissos","tag-nova-lima","tag-o-primo-de-aecio","tag-oito-pedidos-de-impeachment-sao-apresentados-no-congresso","tag-operacao-cala-boca","tag-operacao-lava-jato","tag-ouca-a-conversa-entre-michel-temer-e-o-dono-da-jbs","tag-pgr","tag-pgr-acusa-aecio-neves-de-solicitar-r-2-milhoes-ao-empresario-joesley-batista","tag-policia-federal","tag-presidente-da-republica","tag-prisao-aecio-neves","tag-procurador-geral-da-republica","tag-procuradoria-geral-eleitoral","tag-psdb","tag-rodrigo-janot","tag-rodrigo-rocha-loures","tag-stf","tag-supremo-tribunal-federal","tag-temer-ataca-dono-da-jbs-e-diz-que-vai-pedir-suspensao-de-inquerito","tag-temer-diz-que-vai-pedir-suspensao-de-inquerito","tag-willer-tomaz","tag-zeze-perrela"],"_links":{"self":[{"href":"https:\/\/aconteceunovale.com.br\/portal\/index.php?rest_route=\/wp\/v2\/posts\/116495","targetHints":{"allow":["GET"]}}],"collection":[{"href":"https:\/\/aconteceunovale.com.br\/portal\/index.php?rest_route=\/wp\/v2\/posts"}],"about":[{"href":"https:\/\/aconteceunovale.com.br\/portal\/index.php?rest_route=\/wp\/v2\/types\/post"}],"author":[{"embeddable":true,"href":"https:\/\/aconteceunovale.com.br\/portal\/index.php?rest_route=\/wp\/v2\/users\/1"}],"replies":[{"embeddable":true,"href":"https:\/\/aconteceunovale.com.br\/portal\/index.php?rest_route=%2Fwp%2Fv2%2Fcomments&post=116495"}],"version-history":[{"count":0,"href":"https:\/\/aconteceunovale.com.br\/portal\/index.php?rest_route=\/wp\/v2\/posts\/116495\/revisions"}],"wp:featuredmedia":[{"embeddable":true,"href":"https:\/\/aconteceunovale.com.br\/portal\/index.php?rest_route=\/wp\/v2\/media\/115534"}],"wp:attachment":[{"href":"https:\/\/aconteceunovale.com.br\/portal\/index.php?rest_route=%2Fwp%2Fv2%2Fmedia&parent=116495"}],"wp:term":[{"taxonomy":"category","embeddable":true,"href":"https:\/\/aconteceunovale.com.br\/portal\/index.php?rest_route=%2Fwp%2Fv2%2Fcategories&post=116495"},{"taxonomy":"post_tag","embeddable":true,"href":"https:\/\/aconteceunovale.com.br\/portal\/index.php?rest_route=%2Fwp%2Fv2%2Ftags&post=116495"}],"curies":[{"name":"wp","href":"https:\/\/api.w.org\/{rel}","templated":true}]}}