{"id":116235,"date":"2017-05-30T21:01:03","date_gmt":"2017-05-30T23:01:03","guid":{"rendered":"http:\/\/aconteceunovale.com.br\/portal\/?p=116235"},"modified":"2017-05-30T21:01:03","modified_gmt":"2017-05-30T23:01:03","slug":"casal-e-preso-apos-assaltar-comerciante-em-janauba-no-norte-de-minas","status":"publish","type":"post","link":"https:\/\/aconteceunovale.com.br\/portal\/?p=116235","title":{"rendered":"Casal \u00e9 preso ap\u00f3s assaltar comerciante em Jana\u00faba, no Norte de Minas"},"content":{"rendered":"<p>Um homem e uma mulher foram presos na tarde desta quarta-feira (30\/05\/2017) ap\u00f3s um assalto em Jana\u00faba, no Norte de Minas. De acordo com a Pol\u00edcia Militar (PM), a dupla estava armada e abordou a v\u00edtima no Bairro Veredas.<\/p>\n<p>A v\u00edtima, um comerciante que trabalha com utens\u00edlios dom\u00e9sticos, contou aos militares que os criminosos estavam armados e roubaram um celular e o dinheiro que ele tinha. <\/p>\n<p>Ainda segundo os relatos da v\u00edtima, o homem que participou do crime estava com os cabelos descoloridos. <\/p>\n<p>Diante das informa\u00e7\u00f5es, militares iniciaram rastreamento pela regi\u00e3o e viram quando uma mulher jogou um celular no ch\u00e3o, pr\u00f3ximo a materiais de constru\u00e7\u00e3o que estavam em uma rua do Bairro S\u00e3o Lucas. <\/p>\n<p>Durante a abordagem, os policiais perceberam que um rapaz, conhecido pela pr\u00e1tica de furtos e roubos, pintava o cabelo em uma casa. A v\u00edtima foi levada ao local e reconheceu os autores.<\/p>\n<p>Na resid\u00eancia, a pol\u00edcia localizou parte do dinheiro roubado e a arma usada no crime. Os dois criminosos foram encaminhados \u00e0 delegacia.<\/p>\n<p><strong>VER PRIMEIRO<\/strong><\/p>\n<p>Receba as not\u00edcias do Aconteceu no Vale em primeira m\u00e3o. Clique em curtir no endere\u00e7o <a href=\"https:\/\/www.facebook.com\/aconteceunovale\" target=\"_blank\"><font color=\"red\">www.facebook.com\/aconteceunovale<\/font><\/a> ou no box abaixo:<\/p>\n<div class=\"fb-like\" data-href=\"https:\/\/www.facebook.com\/aconteceunovale\" data-width=\"120\" data-layout=\"standard\" data-action=\"like\" data-size=\"small\" data-show-faces=\"true\" data-share=\"true\"><\/div>\n<p><\/br><\/p>\n<p><em>(Fonte: G1 Grande Minas)<\/em><\/p>\n","protected":false},"excerpt":{"rendered":"<p>Um homem e uma mulher foram presos na tarde desta quarta-feira (30\/05\/2017) ap\u00f3s um assalto em Jana\u00faba, no Norte de Minas. De acordo com a Pol\u00edcia Militar (PM), a dupla estava armada e abordou a v\u00edtima no Bairro Veredas. A v\u00edtima, um comerciante que trabalha com utens\u00edlios dom\u00e9sticos, contou aos militares que os criminosos estavam [&hellip;]<\/p>\n","protected":false},"author":1,"featured_media":113278,"comment_status":"open","ping_status":"closed","sticky":false,"template":"","format":"standard","meta":{"amp_status":"","footnotes":""},"categories":[1236],"tags":[151095,151093,125298,151092,204,151096,151094,125299],"class_list":["post-116235","post","type-post","status-publish","format-standard","has-post-thumbnail","hentry","category-norte_de_minas","tag-assalto-comerciante-janauba","tag-assalto-comercio-de-janauba","tag-assalto-janauba","tag-casal-e-preso-apos-assaltar-comerciante-em-janauba","tag-janauba","tag-roubo-comerciante-de-janauba","tag-roubo-comercio-de-janauba","tag-roubo-janauba"],"_links":{"self":[{"href":"https:\/\/aconteceunovale.com.br\/portal\/index.php?rest_route=\/wp\/v2\/posts\/116235","targetHints":{"allow":["GET"]}}],"collection":[{"href":"https:\/\/aconteceunovale.com.br\/portal\/index.php?rest_route=\/wp\/v2\/posts"}],"about":[{"href":"https:\/\/aconteceunovale.com.br\/portal\/index.php?rest_route=\/wp\/v2\/types\/post"}],"author":[{"embeddable":true,"href":"https:\/\/aconteceunovale.com.br\/portal\/index.php?rest_route=\/wp\/v2\/users\/1"}],"replies":[{"embeddable":true,"href":"https:\/\/aconteceunovale.com.br\/portal\/index.php?rest_route=%2Fwp%2Fv2%2Fcomments&post=116235"}],"version-history":[{"count":0,"href":"https:\/\/aconteceunovale.com.br\/portal\/index.php?rest_route=\/wp\/v2\/posts\/116235\/revisions"}],"wp:featuredmedia":[{"embeddable":true,"href":"https:\/\/aconteceunovale.com.br\/portal\/index.php?rest_route=\/wp\/v2\/media\/113278"}],"wp:attachment":[{"href":"https:\/\/aconteceunovale.com.br\/portal\/index.php?rest_route=%2Fwp%2Fv2%2Fmedia&parent=116235"}],"wp:term":[{"taxonomy":"category","embeddable":true,"href":"https:\/\/aconteceunovale.com.br\/portal\/index.php?rest_route=%2Fwp%2Fv2%2Fcategories&post=116235"},{"taxonomy":"post_tag","embeddable":true,"href":"https:\/\/aconteceunovale.com.br\/portal\/index.php?rest_route=%2Fwp%2Fv2%2Ftags&post=116235"}],"curies":[{"name":"wp","href":"https:\/\/api.w.org\/{rel}","templated":true}]}}