{"id":116233,"date":"2017-05-30T20:48:00","date_gmt":"2017-05-30T22:48:00","guid":{"rendered":"http:\/\/aconteceunovale.com.br\/portal\/?p=116233"},"modified":"2017-05-30T20:48:00","modified_gmt":"2017-05-30T22:48:00","slug":"caminhao-carregado-de-gas-e-alvo-de-bandidos-no-municipio-de-janauba-no-norte-de-minas","status":"publish","type":"post","link":"https:\/\/aconteceunovale.com.br\/portal\/?p=116233","title":{"rendered":"Caminh\u00e3o carregado de g\u00e1s \u00e9 alvo de bandidos no munic\u00edpio de Jana\u00faba, no Norte de Minas"},"content":{"rendered":"<p>O motorista de um caminh\u00e3o carregado de botij\u00e3o de g\u00e1s foi rendido por dois criminosos em uma moto na MGC-122, no munic\u00edpio de Jana\u00faba, nessa segunda-feira (29\/05\/2017). De acordo com a Pol\u00edcia Militar (PM), o passageiro estava armado e anunciou o assalto.<\/p>\n<p>Um homem, de 34 anos, tamb\u00e9m estava no caminh\u00e3o no momento da abordagem. Foram levados R$ 2.130 da empresa e R$ 300 de uma das v\u00edtimas, al\u00e9m de celulares.<\/p>\n<p>O motorista disse \u00e0 PM que estava passando pela Comunidade Bom Jesus e foi alcan\u00e7ado pela motocicleta no trecho de uma subida. Ap\u00f3s o crime, os bandidos fugiram sentido Jana\u00faba e n\u00e3o foram encontrados.<\/p>\n<p><strong>VER PRIMEIRO<\/strong><\/p>\n<p>Receba as not\u00edcias do Aconteceu no Vale em primeira m\u00e3o. Clique em curtir no endere\u00e7o <a href=\"https:\/\/www.facebook.com\/aconteceunovale\" target=\"_blank\"><font color=\"red\">www.facebook.com\/aconteceunovale<\/font><\/a> ou no box abaixo:<\/p>\n<div class=\"fb-like\" data-href=\"https:\/\/www.facebook.com\/aconteceunovale\" data-width=\"120\" data-layout=\"standard\" data-action=\"like\" data-size=\"small\" data-show-faces=\"true\" data-share=\"true\"><\/div>\n<p><\/br><\/p>\n<p><em>(Fonte: G1 Grande Minas)<\/em><\/p>\n","protected":false},"excerpt":{"rendered":"<p>O motorista de um caminh\u00e3o carregado de botij\u00e3o de g\u00e1s foi rendido por dois criminosos em uma moto na MGC-122, no munic\u00edpio de Jana\u00faba, nessa segunda-feira (29\/05\/2017). De acordo com a Pol\u00edcia Militar (PM), o passageiro estava armado e anunciou o assalto. Um homem, de 34 anos, tamb\u00e9m estava no caminh\u00e3o no momento da abordagem. [&hellip;]<\/p>\n","protected":false},"author":1,"featured_media":71442,"comment_status":"open","ping_status":"closed","sticky":false,"template":"","format":"standard","meta":{"amp_status":"","footnotes":""},"categories":[1236],"tags":[151089,43271,151088,151091,204,151090,121345],"class_list":["post-116233","post","type-post","status-publish","format-standard","has-post-thumbnail","hentry","category-norte_de_minas","tag-assalto-a-caminhao-de-gas-em-janauba","tag-assalto-em-janauba","tag-caminhao-carregado-de-gas-e-alvo-de-bandidos-em-janauba","tag-caminhao-carregado-de-gas-e-alvo-de-bandidos-no-municipio-de-janauba","tag-janauba","tag-roubo-caminhao-de-gas-janauba","tag-roubo-em-janauba"],"_links":{"self":[{"href":"https:\/\/aconteceunovale.com.br\/portal\/index.php?rest_route=\/wp\/v2\/posts\/116233","targetHints":{"allow":["GET"]}}],"collection":[{"href":"https:\/\/aconteceunovale.com.br\/portal\/index.php?rest_route=\/wp\/v2\/posts"}],"about":[{"href":"https:\/\/aconteceunovale.com.br\/portal\/index.php?rest_route=\/wp\/v2\/types\/post"}],"author":[{"embeddable":true,"href":"https:\/\/aconteceunovale.com.br\/portal\/index.php?rest_route=\/wp\/v2\/users\/1"}],"replies":[{"embeddable":true,"href":"https:\/\/aconteceunovale.com.br\/portal\/index.php?rest_route=%2Fwp%2Fv2%2Fcomments&post=116233"}],"version-history":[{"count":0,"href":"https:\/\/aconteceunovale.com.br\/portal\/index.php?rest_route=\/wp\/v2\/posts\/116233\/revisions"}],"wp:featuredmedia":[{"embeddable":true,"href":"https:\/\/aconteceunovale.com.br\/portal\/index.php?rest_route=\/wp\/v2\/media\/71442"}],"wp:attachment":[{"href":"https:\/\/aconteceunovale.com.br\/portal\/index.php?rest_route=%2Fwp%2Fv2%2Fmedia&parent=116233"}],"wp:term":[{"taxonomy":"category","embeddable":true,"href":"https:\/\/aconteceunovale.com.br\/portal\/index.php?rest_route=%2Fwp%2Fv2%2Fcategories&post=116233"},{"taxonomy":"post_tag","embeddable":true,"href":"https:\/\/aconteceunovale.com.br\/portal\/index.php?rest_route=%2Fwp%2Fv2%2Ftags&post=116233"}],"curies":[{"name":"wp","href":"https:\/\/api.w.org\/{rel}","templated":true}]}}