{"id":116231,"date":"2017-05-30T20:41:27","date_gmt":"2017-05-30T22:41:27","guid":{"rendered":"http:\/\/aconteceunovale.com.br\/portal\/?p=116231"},"modified":"2017-05-30T20:41:27","modified_gmt":"2017-05-30T22:41:27","slug":"agente-penitenciario-e-preso-por-direcao-perigosa-em-sao-francisco-no-norte-de-minas","status":"publish","type":"post","link":"https:\/\/aconteceunovale.com.br\/portal\/?p=116231","title":{"rendered":"Agente penitenci\u00e1rio \u00e9 preso por dire\u00e7\u00e3o perigosa em S\u00e3o Francisco, no Norte de Minas"},"content":{"rendered":"<p>Um agente penitenci\u00e1rio foi preso, na madrugada dessa ter\u00e7a-feira (30\/05\/2017), por dire\u00e7\u00e3o perigosa em S\u00e3o Francisco, no Norte de Minas. De acordo com a Pol\u00edcia Militar (PM), o agente, de 25 anos, estava em um carro com placas da Bahia e fazia manobra de risco &#8211; conhecida como \u2018cavalo de pau\u2019 &#8211; na Avenida Dom Pedro Alc\u00e2ntara, no Bairro Jardim Regalito.<\/p>\n<p>Ainda segundo a PM, ele apresentava sinais de embriaguez e estava colocando em risco a seguran\u00e7a de pedestres e outros ve\u00edculos. O carro dele foi apreendido e removido ao p\u00e1tio credenciado ao DETRAN.<\/p>\n<p>A pol\u00edcia informou tamb\u00e9m que durante a ocorr\u00eancia, o agente amea\u00e7ou e desobedeceu \u00e0s ordens dos militares e de representantes do sistema prisional. Ele foi encaminhado \u00e0 delegacia e, segundo a Pol\u00edcia Civil, foi autuado por embriaguez, dire\u00e7\u00e3o perigosa e desacato. A PC disse que o agente permanece na delegacia e ser\u00e1 encaminhado para o pres\u00eddio em S\u00e3o Francisco.<\/p>\n<p>Em nota, a Secretaria de Estado de Administra\u00e7\u00e3o Prisional (Seap) confirmou que o agente \u00e9 efetivo e tomou posse em 2014.<\/p>\n<p><strong>VER PRIMEIRO<\/strong><\/p>\n<p>Receba as not\u00edcias do Aconteceu no Vale em primeira m\u00e3o. Clique em curtir no endere\u00e7o <a href=\"https:\/\/www.facebook.com\/aconteceunovale\" target=\"_blank\"><font color=\"red\">www.facebook.com\/aconteceunovale<\/font><\/a> ou no box abaixo:<\/p>\n<div class=\"fb-like\" data-href=\"https:\/\/www.facebook.com\/aconteceunovale\" data-width=\"120\" data-layout=\"standard\" data-action=\"like\" data-size=\"small\" data-show-faces=\"true\" data-share=\"true\"><\/div>\n<p><\/br><\/p>\n<p><em>(Fonte: G1 Grande Minas)<\/em><\/p>\n","protected":false},"excerpt":{"rendered":"<p>Um agente penitenci\u00e1rio foi preso, na madrugada dessa ter\u00e7a-feira (30\/05\/2017), por dire\u00e7\u00e3o perigosa em S\u00e3o Francisco, no Norte de Minas. De acordo com a Pol\u00edcia Militar (PM), o agente, de 25 anos, estava em um carro com placas da Bahia e fazia manobra de risco &#8211; conhecida como \u2018cavalo de pau\u2019 &#8211; na Avenida Dom [&hellip;]<\/p>\n","protected":false},"author":1,"featured_media":107517,"comment_status":"open","ping_status":"closed","sticky":false,"template":"","format":"standard","meta":{"amp_status":"","footnotes":""},"categories":[1236],"tags":[151085,151086,151087,1522],"class_list":["post-116231","post","type-post","status-publish","format-standard","has-post-thumbnail","hentry","category-norte_de_minas","tag-agente-penitenciario-e-preso-por-direcao-perigosa-em-sao-francisco","tag-agente-penitenciario-preso-em-sao-francisco","tag-prisao-de-agente-penitenciario-em-sao-francisco","tag-sao-francisco"],"_links":{"self":[{"href":"https:\/\/aconteceunovale.com.br\/portal\/index.php?rest_route=\/wp\/v2\/posts\/116231","targetHints":{"allow":["GET"]}}],"collection":[{"href":"https:\/\/aconteceunovale.com.br\/portal\/index.php?rest_route=\/wp\/v2\/posts"}],"about":[{"href":"https:\/\/aconteceunovale.com.br\/portal\/index.php?rest_route=\/wp\/v2\/types\/post"}],"author":[{"embeddable":true,"href":"https:\/\/aconteceunovale.com.br\/portal\/index.php?rest_route=\/wp\/v2\/users\/1"}],"replies":[{"embeddable":true,"href":"https:\/\/aconteceunovale.com.br\/portal\/index.php?rest_route=%2Fwp%2Fv2%2Fcomments&post=116231"}],"version-history":[{"count":0,"href":"https:\/\/aconteceunovale.com.br\/portal\/index.php?rest_route=\/wp\/v2\/posts\/116231\/revisions"}],"wp:featuredmedia":[{"embeddable":true,"href":"https:\/\/aconteceunovale.com.br\/portal\/index.php?rest_route=\/wp\/v2\/media\/107517"}],"wp:attachment":[{"href":"https:\/\/aconteceunovale.com.br\/portal\/index.php?rest_route=%2Fwp%2Fv2%2Fmedia&parent=116231"}],"wp:term":[{"taxonomy":"category","embeddable":true,"href":"https:\/\/aconteceunovale.com.br\/portal\/index.php?rest_route=%2Fwp%2Fv2%2Fcategories&post=116231"},{"taxonomy":"post_tag","embeddable":true,"href":"https:\/\/aconteceunovale.com.br\/portal\/index.php?rest_route=%2Fwp%2Fv2%2Ftags&post=116231"}],"curies":[{"name":"wp","href":"https:\/\/api.w.org\/{rel}","templated":true}]}}