{"id":116229,"date":"2017-05-30T20:36:56","date_gmt":"2017-05-30T22:36:56","guid":{"rendered":"http:\/\/aconteceunovale.com.br\/portal\/?p=116229"},"modified":"2017-05-30T20:36:56","modified_gmt":"2017-05-30T22:36:56","slug":"atendimento-nos-hospitais-do-norte-de-minas-pode-ser-comprometido-por-falta-de-sangue","status":"publish","type":"post","link":"https:\/\/aconteceunovale.com.br\/portal\/?p=116229","title":{"rendered":"Atendimento nos hospitais do Norte de Minas pode ser comprometido por falta de sangue"},"content":{"rendered":"<p>O estoque da Funda\u00e7\u00e3o Hemominas em Montes Claros est\u00e1 em situa\u00e7\u00e3o cr\u00edtica e pode comprometer o atendimento aos 38 hospitais credenciados ao servi\u00e7o de recebimento de sangue, caso n\u00e3o consiga recuperar o banco de doadores. A informa\u00e7\u00e3o foi confirmada pela respons\u00e1vel pela capta\u00e7\u00e3o da unidade nesta ter\u00e7a-feira (30); atualmente, o banco de sangue est\u00e1 com 65% a menos de estoque do grupo &#8220;O positivo&#8221;, considerado o de maior incid\u00eancia na popula\u00e7\u00e3o brasileira. J\u00e1 o &#8220;O negativo&#8221;, denominado doador universal, est\u00e1 80% menor do que seria o quantitativo ideal.<\/p>\n<p>Para atender as demandas dos hospitais conveniados \u00e0 Funda\u00e7\u00e3o Hemominas, s\u00e3o necess\u00e1rias 1.500 bolsas por m\u00eas. S\u00f3 a Santa Casa de Montes Claros recebe mais de mil bolsas no mesmo per\u00edodo. Em abril, o m\u00ednimo n\u00e3o foi atingido porque apenas 1.300 pessoas doaram sangue.<\/p>\n<p>De acordo com a respons\u00e1vel pela capta\u00e7\u00e3o de doadores em Montes Claros, Rosana Silva, estat\u00edsticas mostram que nesta \u00e9poca do ano, quando as temperaturas ficam mais baixas, o n\u00famero de doadores cai. Campanhas de vacinas e os resfriados podem ser alguns dos fatores respons\u00e1veis pela queda.<\/p>\n<p>&#8220;\u00c9 uma \u00e9poca do ano desafiadora. Gripes e alergias interferem nas condi\u00e7\u00f5es dos doadores. As campanhas de vacina\u00e7\u00e3o contra febre amarela e a imuniza\u00e7\u00e3o do v\u00edrus H1N1 tamb\u00e9m restringem as doa\u00e7\u00f5es. No caso da febre amarela, a pessoa tem de ficar um m\u00eas sem doar\u201d, explica.<\/p>\n<h3>Estrat\u00e9gias de capta\u00e7\u00e3o<\/h3>\n<p>Uma mensagem reproduzida pela captadora de sangue nas redes sociais fez com que grupos de estudantes, ciclistas e de m\u00e3es se mobilizassem para a doa\u00e7\u00e3o. A mensagem circulou em aplicativos e p\u00e1ginas da Internet.<\/p>\n<p>H\u00e9lcia Magalh\u00e3es faz parte de uma associa\u00e7\u00e3o de ciclistas em Pirapora, com 85 associados e parte do grupo vai aproveitar o feriado municipal de anivers\u00e1rio da cidade, na quinta-feira (1\u00ba), para vir a Montes Claros fazer a doa\u00e7\u00e3o.<\/p>\n<p>\u201cN\u00f3s temos um grupo de WhatsApp e convidamos os ciclistas que tiveram disponibilidade para participar da doa\u00e7\u00e3o. Cerca de 25 ciclistas j\u00e1 manifestaram interessados e est\u00e3o aptos para doar. Procuramos ajuda para a cess\u00e3o de um \u00f4nibus. Como desportistas, sabemos da necessidade da doa\u00e7\u00e3o; todos n\u00f3s podemos precisar um dia. O resultado da doa\u00e7\u00e3o de um grupo \u00e9 muito maior que a iniciativa individual, que tamb\u00e9m \u00e9 importante\u201d, incentiva.<\/p>\n<h3>Agendamentos e log\u00edstica<\/h3>\n<p>\u00c9 preciso organizar as visitas diante da distribui\u00e7\u00e3o inteligente do estoque. De acordo com a captadora, alguns componentes do sangue, como as plaquetas, tem prazo de validade de apenas cinco dias.<\/p>\n<p>Os interessados em doar devem comparecer ao Hemominas, com um documento oficial com foto e estar bem de sa\u00fade. Para se informar sobre os crit\u00e9rios de doa\u00e7\u00e3o e preparativos, acesse o <a href=\"http:\/\/www.hemominas.mg.gov.br\/doacao\" target=\"_blank\">site da Funda\u00e7\u00e3o (www.hemominas.mg.gov.br\/doacao)<\/a>.<\/p>\n<p>Os agendamentos podem ser feitos individualmente ou em grupo pelos telefones (38) 3218-7800 ou 7814. O endere\u00e7o do Hemocentro Regional de Montes Claros \u00e9: Rua Urbino Viana, 640, na Vila Guilhermina.<\/p>\n<p><strong>VER PRIMEIRO<\/strong><\/p>\n<p>Receba as not\u00edcias do Aconteceu no Vale em primeira m\u00e3o. Clique em curtir no endere\u00e7o <a href=\"https:\/\/www.facebook.com\/aconteceunovale\" target=\"_blank\"><font color=\"red\">www.facebook.com\/aconteceunovale<\/font><\/a> ou no box abaixo:<\/p>\n<div class=\"fb-like\" data-href=\"https:\/\/www.facebook.com\/aconteceunovale\" data-width=\"120\" data-layout=\"standard\" data-action=\"like\" data-size=\"small\" data-show-faces=\"true\" data-share=\"true\"><\/div>\n<p><\/br><\/p>\n<p><em>(Fonte: G1 Grande Minas \/ Reportagem: Juliana Peixoto)<\/em><\/p>\n","protected":false},"excerpt":{"rendered":"<p>O estoque da Funda\u00e7\u00e3o Hemominas em Montes Claros est\u00e1 em situa\u00e7\u00e3o cr\u00edtica e pode comprometer o atendimento aos 38 hospitais credenciados ao servi\u00e7o de recebimento de sangue, caso n\u00e3o consiga recuperar o banco de doadores. A informa\u00e7\u00e3o foi confirmada pela respons\u00e1vel pela capta\u00e7\u00e3o da unidade nesta ter\u00e7a-feira (30); atualmente, o banco de sangue est\u00e1 com [&hellip;]<\/p>\n","protected":false},"author":1,"featured_media":109788,"comment_status":"open","ping_status":"closed","sticky":false,"template":"","format":"standard","meta":{"amp_status":"","footnotes":""},"categories":[1236],"tags":[151084,71707,151082,151081,151079,151080,210,151083],"class_list":["post-116229","post","type-post","status-publish","format-standard","has-post-thumbnail","hentry","category-norte_de_minas","tag-atendimento-nos-hospitais-do-norte-de-minas-pode-ser-comprometido-por-falta-de-sangue","tag-doacao-de-sangue-em-montes-claros","tag-estoque-baixo-de-sangue-em-montes-claros","tag-falta-de-sangue-em-montes-claros","tag-fundacao-hemominas-em-montes-claros","tag-hemominas-em-montes-claros","tag-montes-claros","tag-queda-no-estoque-de-sangue-pode-comprometer-atendimento-nos-hospitais-do-norte-de-minas"],"_links":{"self":[{"href":"https:\/\/aconteceunovale.com.br\/portal\/index.php?rest_route=\/wp\/v2\/posts\/116229","targetHints":{"allow":["GET"]}}],"collection":[{"href":"https:\/\/aconteceunovale.com.br\/portal\/index.php?rest_route=\/wp\/v2\/posts"}],"about":[{"href":"https:\/\/aconteceunovale.com.br\/portal\/index.php?rest_route=\/wp\/v2\/types\/post"}],"author":[{"embeddable":true,"href":"https:\/\/aconteceunovale.com.br\/portal\/index.php?rest_route=\/wp\/v2\/users\/1"}],"replies":[{"embeddable":true,"href":"https:\/\/aconteceunovale.com.br\/portal\/index.php?rest_route=%2Fwp%2Fv2%2Fcomments&post=116229"}],"version-history":[{"count":0,"href":"https:\/\/aconteceunovale.com.br\/portal\/index.php?rest_route=\/wp\/v2\/posts\/116229\/revisions"}],"wp:featuredmedia":[{"embeddable":true,"href":"https:\/\/aconteceunovale.com.br\/portal\/index.php?rest_route=\/wp\/v2\/media\/109788"}],"wp:attachment":[{"href":"https:\/\/aconteceunovale.com.br\/portal\/index.php?rest_route=%2Fwp%2Fv2%2Fmedia&parent=116229"}],"wp:term":[{"taxonomy":"category","embeddable":true,"href":"https:\/\/aconteceunovale.com.br\/portal\/index.php?rest_route=%2Fwp%2Fv2%2Fcategories&post=116229"},{"taxonomy":"post_tag","embeddable":true,"href":"https:\/\/aconteceunovale.com.br\/portal\/index.php?rest_route=%2Fwp%2Fv2%2Ftags&post=116229"}],"curies":[{"name":"wp","href":"https:\/\/api.w.org\/{rel}","templated":true}]}}