{"id":116220,"date":"2017-05-30T20:13:08","date_gmt":"2017-05-30T22:13:08","guid":{"rendered":"http:\/\/aconteceunovale.com.br\/portal\/?p=116220"},"modified":"2017-05-30T21:08:45","modified_gmt":"2017-05-30T23:08:45","slug":"cegonheira-fogo-apos-pneu-estourar-na-br-251-em-montes-claros","status":"publish","type":"post","link":"https:\/\/aconteceunovale.com.br\/portal\/?p=116220","title":{"rendered":"Cegonheira pega fogo ap\u00f3s pneu estourar na BR-251, em Montes Claros"},"content":{"rendered":"<p>Uma carreta tipo cegonha, que transportava quatro caminh\u00f5es de pequeno porte, pegou fogo no in\u00edcio da tarde desta ter\u00e7a-feira (30\/05\/2017) na BR-251, em Montes Claros. O incidente ocorreu na altura do km 518 e, de acordo com o Corpo de Bombeiros, um motorista de outra carreta, que vinha logo atr\u00e1s, afirmou aos militares que um pneu estourou, provocando o in\u00edcio das chamas.<\/p>\n<p>Logo ap\u00f3s verificar o princ\u00edpio de inc\u00eandio, o motorista da cegonheira parou no acostamento e acionou o Corpo de Bombeiros. A carreta estava transportando quatro ve\u00edculos de pequeno porte.<\/p>\n<p>Quando os militares chegaram ao local, dois deles j\u00e1 estavam completamente incendiados; um terceiro ficou parcialmente danificado. A carreta cegonha ficou parcialmente danificada. O motorista conseguiu desacoplar a cabine antes que o fogo consumisse todo o ve\u00edculo.<\/p>\n<p>Durante o combate ao inc\u00eandio os dois sentidos da via ficaram fechados. A carreta, com placa de S\u00e3o Paulo, seguia para a Para\u00edba. Apesar do incidente, ningu\u00e9m ficou ferido. Segundo a Pol\u00edcia Rodovi\u00e1ria Federal, a pista est\u00e1 completamente liberada.<\/p>\n<p><img decoding=\"async\" src=\"http:\/\/aconteceunovale.com.br\/portal\/wp-content\/uploads\/2017\/05\/cegonheira_incendio_moc_1.jpg\" alt=\"\" \/><em>Ve\u00edculo pegou fogo no km 518 da BR-251 (Foto: Divulga\u00e7\u00e3o\/Corpo de Bombeiros)<\/em><br \/>\n<\/br><\/p>\n<p><img decoding=\"async\" src=\"http:\/\/aconteceunovale.com.br\/portal\/wp-content\/uploads\/2017\/05\/cegonheira_incendio_moc_2.jpg\" alt=\"\" \/><em>Ve\u00edculo pegou fogo no km 518 da BR-251 (Foto: Divulga\u00e7\u00e3o\/Corpo de Bombeiros)<\/em><br \/>\n<\/br><\/p>\n<p><img decoding=\"async\" src=\"http:\/\/aconteceunovale.com.br\/portal\/wp-content\/uploads\/2017\/05\/cegonheira_incendio_moc_3.jpg\" alt=\"\" \/><em>Ve\u00edculo pegou fogo no km 518 da BR-251 (Foto: Divulga\u00e7\u00e3o\/Corpo de Bombeiros)<\/em><br \/>\n<\/br><\/p>\n<p><img decoding=\"async\" src=\"http:\/\/aconteceunovale.com.br\/portal\/wp-content\/uploads\/2017\/05\/cegonheira_incendio_moc_4.jpg\" alt=\"\" \/><em>Ve\u00edculo pegou fogo no km 518 da BR-251 (Foto: Divulga\u00e7\u00e3o\/Corpo de Bombeiros)<\/em><br \/>\n<\/br><\/p>\n<p><strong>VER PRIMEIRO<\/strong><\/p>\n<p>Receba as not\u00edcias do Aconteceu no Vale em primeira m\u00e3o. Clique em curtir no endere\u00e7o <a href=\"https:\/\/www.facebook.com\/aconteceunovale\" target=\"_blank\"><font color=\"red\">www.facebook.com\/aconteceunovale<\/font><\/a> ou no box abaixo:<\/p>\n<div class=\"fb-like\" data-href=\"https:\/\/www.facebook.com\/aconteceunovale\" data-width=\"120\" data-layout=\"standard\" data-action=\"like\" data-size=\"small\" data-show-faces=\"true\" data-share=\"true\"><\/div>\n<p><\/br><\/p>\n<p><em>(Com informa\u00e7\u00f5es do G1 Grande Minas)<\/em><\/p>\n","protected":false},"excerpt":{"rendered":"<p>Uma carreta tipo cegonha, que transportava quatro caminh\u00f5es de pequeno porte, pegou fogo no in\u00edcio da tarde desta ter\u00e7a-feira (30\/05\/2017) na BR-251, em Montes Claros. O incidente ocorreu na altura do km 518 e, de acordo com o Corpo de Bombeiros, um motorista de outra carreta, que vinha logo atr\u00e1s, afirmou aos militares que um [&hellip;]<\/p>\n","protected":false},"author":1,"featured_media":116222,"comment_status":"open","ping_status":"closed","sticky":false,"template":"","format":"standard","meta":{"amp_status":"","footnotes":""},"categories":[1236],"tags":[921,151075,151097,151076,151077,1018,151078,137999,210],"class_list":["post-116220","post","type-post","status-publish","format-standard","has-post-thumbnail","hentry","category-norte_de_minas","tag-br-251","tag-carreta-pega-fogo-na-br-251","tag-cegonheira-pega-fogo-apos-pneu-estourar-na-br-251","tag-cegonheira-pega-fogo-na-br-251","tag-cegonheira-pega-fogo-na-br-251-em-montes-claros","tag-destaque","tag-incendio-em-cegonheira-em-montes-claros","tag-incendio-na-br-251","tag-montes-claros"],"_links":{"self":[{"href":"https:\/\/aconteceunovale.com.br\/portal\/index.php?rest_route=\/wp\/v2\/posts\/116220","targetHints":{"allow":["GET"]}}],"collection":[{"href":"https:\/\/aconteceunovale.com.br\/portal\/index.php?rest_route=\/wp\/v2\/posts"}],"about":[{"href":"https:\/\/aconteceunovale.com.br\/portal\/index.php?rest_route=\/wp\/v2\/types\/post"}],"author":[{"embeddable":true,"href":"https:\/\/aconteceunovale.com.br\/portal\/index.php?rest_route=\/wp\/v2\/users\/1"}],"replies":[{"embeddable":true,"href":"https:\/\/aconteceunovale.com.br\/portal\/index.php?rest_route=%2Fwp%2Fv2%2Fcomments&post=116220"}],"version-history":[{"count":0,"href":"https:\/\/aconteceunovale.com.br\/portal\/index.php?rest_route=\/wp\/v2\/posts\/116220\/revisions"}],"wp:featuredmedia":[{"embeddable":true,"href":"https:\/\/aconteceunovale.com.br\/portal\/index.php?rest_route=\/wp\/v2\/media\/116222"}],"wp:attachment":[{"href":"https:\/\/aconteceunovale.com.br\/portal\/index.php?rest_route=%2Fwp%2Fv2%2Fmedia&parent=116220"}],"wp:term":[{"taxonomy":"category","embeddable":true,"href":"https:\/\/aconteceunovale.com.br\/portal\/index.php?rest_route=%2Fwp%2Fv2%2Fcategories&post=116220"},{"taxonomy":"post_tag","embeddable":true,"href":"https:\/\/aconteceunovale.com.br\/portal\/index.php?rest_route=%2Fwp%2Fv2%2Ftags&post=116220"}],"curies":[{"name":"wp","href":"https:\/\/api.w.org\/{rel}","templated":true}]}}