{"id":116218,"date":"2017-05-30T19:46:38","date_gmt":"2017-05-30T21:46:38","guid":{"rendered":"http:\/\/aconteceunovale.com.br\/portal\/?p=116218"},"modified":"2017-05-30T19:46:38","modified_gmt":"2017-05-30T21:46:38","slug":"taxista-e-preso-por-estupro-de-vulneravel-em-chapada-do-norte-no-vale-do-jequitinhonha","status":"publish","type":"post","link":"https:\/\/aconteceunovale.com.br\/portal\/?p=116218","title":{"rendered":"Taxista \u00e9 preso por estupro de vulner\u00e1vel em Chapada do Norte, no Vale do Jequitinhonha"},"content":{"rendered":"<p>A Pol\u00edcia Civil prendeu, nessa segunda-feira (29\/05), um homem indiciado por estupro de vulner\u00e1vel e pedofilia em Chapada do Norte, no Valdo Jequitinhonha. A informa\u00e7\u00e3o foi divulgada pela Delegacia Regional de Pol\u00edcia Civil de Capelinha na manh\u00e3 desta ter\u00e7a.<\/p>\n<p>De acordo com a PC, o autor J.V.O exercia a fun\u00e7\u00e3o de taxista e no dia 24\/05\/2017, transportava uma adolescente de 13 anos. Durante o trajeto, o acusado estacionou o ve\u00edculo em um local ermo e for\u00e7ou a v\u00edtima a ter rela\u00e7\u00e3o sexual com ele. <\/p>\n<p>Na mesma data, a v\u00edtima procurou a Pol\u00edcia Civil de Minas Novas e foi submetida ao exame de corpo de delito, que constatou a viola\u00e7\u00e3o. O mandado de pris\u00e3o foi expedido pela Justi\u00e7a P\u00fablica da Comarca de Minas Novas, com base nas investiga\u00e7\u00f5es realizadas pela Delegacia de Pol\u00edcia Civil local. <\/p>\n<p>Ainda segundo a PC, J.V.O encontra-se recolhido no Pres\u00eddio de Capelinha, \u00e0 disposi\u00e7\u00e3o da Justi\u00e7a e ap\u00f3s processado pode ser condenado \u00e0 pena de reclus\u00e3o de 08 a 15 anos.<\/p>\n<p><strong>VER PRIMEIRO<\/strong><\/p>\n<p>Receba as not\u00edcias do Aconteceu no Vale em primeira m\u00e3o. Clique em curtir no endere\u00e7o <a href=\"https:\/\/www.facebook.com\/aconteceunovale\" target=\"_blank\"><font color=\"red\">www.facebook.com\/aconteceunovale<\/font><\/a> ou no box abaixo:<\/p>\n<div class=\"fb-like\" data-href=\"https:\/\/www.facebook.com\/aconteceunovale\" data-width=\"120\" data-layout=\"standard\" data-action=\"like\" data-size=\"small\" data-show-faces=\"true\" data-share=\"true\"><\/div>\n<p><\/br><\/p>\n","protected":false},"excerpt":{"rendered":"<p>A Pol\u00edcia Civil prendeu, nessa segunda-feira (29\/05), um homem indiciado por estupro de vulner\u00e1vel e pedofilia em Chapada do Norte, no Valdo Jequitinhonha. A informa\u00e7\u00e3o foi divulgada pela Delegacia Regional de Pol\u00edcia Civil de Capelinha na manh\u00e3 desta ter\u00e7a. De acordo com a PC, o autor J.V.O exercia a fun\u00e7\u00e3o de taxista e no dia [&hellip;]<\/p>\n","protected":false},"author":1,"featured_media":102361,"comment_status":"open","ping_status":"closed","sticky":false,"template":"","format":"standard","meta":{"amp_status":"","footnotes":""},"categories":[120],"tags":[132,481,151072,151070,151065,151069,137,151073,151064,151071,151063,151068,151066,151067],"class_list":["post-116218","post","type-post","status-publish","format-standard","has-post-thumbnail","hentry","category-jequi","tag-capelinha","tag-chapada-do-norte","tag-estupro-de-vulneravel-em-chapada-do-norte","tag-estupro-durante-corrida-de-taxi-em-chapada-do-norte","tag-estupro-em-chapada-do-norte","tag-homem-preso-em-chapada-do-norte","tag-minas-novas","tag-pedofilia-em-chapada-do-norte","tag-preso-em-chapada-do-norte","tag-taxista-acusado-de-estupro-em-chapada-do-norte","tag-taxista-e-preso-por-estupro-de-vulneravel-em-chapada-do-norte","tag-taxista-estuprador-de-chapada-do-norte","tag-taxista-preso-em-chapada-do-norte","tag-taxista-preso-por-estupro-em-chapada-do-norte"],"_links":{"self":[{"href":"https:\/\/aconteceunovale.com.br\/portal\/index.php?rest_route=\/wp\/v2\/posts\/116218","targetHints":{"allow":["GET"]}}],"collection":[{"href":"https:\/\/aconteceunovale.com.br\/portal\/index.php?rest_route=\/wp\/v2\/posts"}],"about":[{"href":"https:\/\/aconteceunovale.com.br\/portal\/index.php?rest_route=\/wp\/v2\/types\/post"}],"author":[{"embeddable":true,"href":"https:\/\/aconteceunovale.com.br\/portal\/index.php?rest_route=\/wp\/v2\/users\/1"}],"replies":[{"embeddable":true,"href":"https:\/\/aconteceunovale.com.br\/portal\/index.php?rest_route=%2Fwp%2Fv2%2Fcomments&post=116218"}],"version-history":[{"count":0,"href":"https:\/\/aconteceunovale.com.br\/portal\/index.php?rest_route=\/wp\/v2\/posts\/116218\/revisions"}],"wp:featuredmedia":[{"embeddable":true,"href":"https:\/\/aconteceunovale.com.br\/portal\/index.php?rest_route=\/wp\/v2\/media\/102361"}],"wp:attachment":[{"href":"https:\/\/aconteceunovale.com.br\/portal\/index.php?rest_route=%2Fwp%2Fv2%2Fmedia&parent=116218"}],"wp:term":[{"taxonomy":"category","embeddable":true,"href":"https:\/\/aconteceunovale.com.br\/portal\/index.php?rest_route=%2Fwp%2Fv2%2Fcategories&post=116218"},{"taxonomy":"post_tag","embeddable":true,"href":"https:\/\/aconteceunovale.com.br\/portal\/index.php?rest_route=%2Fwp%2Fv2%2Ftags&post=116218"}],"curies":[{"name":"wp","href":"https:\/\/api.w.org\/{rel}","templated":true}]}}