{"id":116211,"date":"2017-05-30T18:36:44","date_gmt":"2017-05-30T20:36:44","guid":{"rendered":"http:\/\/aconteceunovale.com.br\/portal\/?p=116211"},"modified":"2017-05-30T18:36:44","modified_gmt":"2017-05-30T20:36:44","slug":"regiao-carstica-mineira-e-reconhecida-internacionalmente-como-zona-umida","status":"publish","type":"post","link":"https:\/\/aconteceunovale.com.br\/portal\/?p=116211","title":{"rendered":"Regi\u00e3o c\u00e1rstica mineira \u00e9 reconhecida internacionalmente como zona \u00famida"},"content":{"rendered":"<p>Minas Gerais possui agora duas \u00e1reas reconhecidas pela Conven\u00e7\u00e3o sobre Zonas \u00damidas de Import\u00e2ncia Internacional para s\u00edtios Ramsar. A &#8216;Peter Lund Karst&#8217;, em Lagoa Santa e Pedro Leopoldo, no Territ\u00f3rio Central, se junta, agora, ao Parque Estadual do Rio Doce, como priorit\u00e1rias para conserva\u00e7\u00e3o, o que facilita a ado\u00e7\u00e3o de medidas para prote\u00e7\u00e3o e conserva\u00e7\u00e3o do ambiente.<\/p>\n<p>O an\u00fancio da inclus\u00e3o da \u00e1rea c\u00e1rstica foi feito pelo ministro do Meio Ambiente, Sarney Filho. O Brasil ganhou sete novos s\u00edtios Ramsar, passando de 13 para 20. Al\u00e9m do Peter Lund Karst, foram inclu\u00eddos na lista: o Parque Nacional do Viru\u00e1 (Roraima); Parque Nacional de Anavilhanas (Amazonas); Reserva Biol\u00f3gica Federal do Guapor\u00e9 (Rond\u00f4nia); Esta\u00e7\u00e3o Ecol\u00f3gica Federal do Taim (Rio Grande do Sul); Esta\u00e7\u00e3o Ecol\u00f3gica Federal de Guaraque\u00e7aba (Paran\u00e1); a Are\u00e1 de Prote\u00e7\u00e3o Ambiental (APA) Fernando de Noronha e o Parque Nacional de Fernando de Noronha (Pernambuco).<\/p>\n<p>O s\u00edtio Peter Lund Karst corresponde a uma parcela da \u00c1rea de Prote\u00e7\u00e3o Ambiental Federal Carste Lagoa Santa e possui \u00e1reas em sete unidades de conserva\u00e7\u00e3o estaduais: os Parques Estaduais Sumidouro e Cerca Grande e os Monumentos Naturais Lapa Vermelha, Vargem da Pedra, Experi\u00eancia da Jaguara, Santo Ant\u00f4nio e V\u00e1rzea da Lapa.<\/p>\n<p>A regi\u00e3o \u00e9 composta por rios, lagos e p\u00e2ntanos de \u00e1gua doce, \u00e1guas alcalinas subterr\u00e2neas e sistemas hidrol\u00f3gicos c\u00e1rsticos subterr\u00e2neos. A \u00e1rea \u00e9 intensamente povoada, com grande presen\u00e7a de agricultura, pastagens e rodovias. Atualmente, existem propostas para a cria\u00e7\u00e3o de um programa de monitoramento da \u00e1gua superficial e subterr\u00e2nea e para a cria\u00e7\u00e3o de um programa que ofere\u00e7a tecnologias alternativas para a agricultura. Tamb\u00e9m est\u00e1 em curso a implanta\u00e7\u00e3o de sistemas para o tratamento do esgoto da regi\u00e3o e para a promo\u00e7\u00e3o do turismo, com o objetivo de explorar as cerca de 800 cavernas e o potencial arqueol\u00f3gico da regi\u00e3o.<\/p>\n<p><img decoding=\"async\" src=\"http:\/\/aconteceunovale.com.br\/portal\/wp-content\/uploads\/2017\/05\/ramsar.jpg\" alt=\"\" \/><br \/>\n<\/br><\/p>\n<h3>Ramsar<\/h3>\n<p>As zonas \u00famidas s\u00e3o as \u00e1reas de p\u00e2ntanos e corpos de \u00e1gua, naturais ou artificiais, permanentes ou tempor\u00e1rios. Inicialmente, a prote\u00e7\u00e3o dessas \u00e1reas visava a conserva\u00e7\u00e3o de zonas \u00famidas e de aves aqu\u00e1ticas. Com o decorrer do tempo, a \u00e1rea total passou a ser observada como um sistema de apoio \u00e0 vida para a biodiversidade. Os termos da conven\u00e7\u00e3o foram definidos na cidade iraniana de Ramsar em 1971 e completou 40 anos no \u00faltimo dia 2 de fevereiro.<\/p>\n<p>\u201c\u00c9 uma chancela que reconhece a import\u00e2ncia ecol\u00f3gica, social, cultural e cient\u00edfica do Parque e facilita a coopera\u00e7\u00e3o entre os pa\u00edses para desenvolver a\u00e7\u00f5es que estimulem a prote\u00e7\u00e3o e um uso racional dessas \u00e1reas\u201d, afirma o diretor geral do Instituto Estadual de Florestas (IEF), Jo\u00e3o Paulo Sarmento, institui\u00e7\u00e3o que administra as unidades de conserva\u00e7\u00e3o estaduais de Minas Gerais. <\/p>\n<p>No Brasil, apenas locais estabelecidos como unidades de conserva\u00e7\u00e3o podem se tornar um s\u00edtio Ramsar, situa\u00e7\u00e3o que leva ao reconhecimento internacional e facilita a ado\u00e7\u00e3o de medidas para prote\u00e7\u00e3o e conserva\u00e7\u00e3o do ambiente. A primeira \u00e1rea em Minas Gerais declarada como s\u00edtio Ramsar foi o Parque Estadual do Rio Doce, em 26 de fevereiro de 2010. O Parque abriga a maior floresta tropical do estado, possuindo quarenta lagoas e representa um dos tr\u00eas maiores sistemas de lagos do Brasil.<\/p>\n<p><img decoding=\"async\" src=\"http:\/\/aconteceunovale.com.br\/portal\/wp-content\/uploads\/2017\/05\/sumidouro.jpg\" alt=\"\" \/><em>O Parque Sumidouro \u00e9 uma das sete unidades do s\u00edtio Peter Lund Karst (Evandro Rodney)<\/em><br \/>\n<\/br><\/p>\n<p><strong>VER PRIMEIRO<\/strong><\/p>\n<p>Receba as not\u00edcias do Aconteceu no Vale em primeira m\u00e3o. Clique em curtir no endere\u00e7o <a href=\"https:\/\/www.facebook.com\/aconteceunovale\" target=\"_blank\"><font color=\"red\">www.facebook.com\/aconteceunovale<\/font><\/a> ou no box abaixo:<\/p>\n<div class=\"fb-like\" data-href=\"https:\/\/www.facebook.com\/aconteceunovale\" data-width=\"120\" data-layout=\"standard\" data-action=\"like\" data-size=\"small\" data-show-faces=\"true\" data-share=\"true\"><\/div>\n<p><\/br><\/p>\n<p><em>(Fonte: Ag\u00eancia Minas)<\/em><\/p>\n","protected":false},"excerpt":{"rendered":"<p>Minas Gerais possui agora duas \u00e1reas reconhecidas pela Conven\u00e7\u00e3o sobre Zonas \u00damidas de Import\u00e2ncia Internacional para s\u00edtios Ramsar. A &#8216;Peter Lund Karst&#8217;, em Lagoa Santa e Pedro Leopoldo, no Territ\u00f3rio Central, se junta, agora, ao Parque Estadual do Rio Doce, como priorit\u00e1rias para conserva\u00e7\u00e3o, o que facilita a ado\u00e7\u00e3o de medidas para prote\u00e7\u00e3o e conserva\u00e7\u00e3o [&hellip;]<\/p>\n","protected":false},"author":1,"featured_media":116213,"comment_status":"open","ping_status":"closed","sticky":false,"template":"","format":"standard","meta":{"amp_status":"","footnotes":""},"categories":[121,123],"tags":[151058,1018,151057,151056,101250,10160,3729,151061,151054,151059,151053,3065,151052,151050,151049,151048,151062,151055,151060,151051],"class_list":["post-116211","post","type-post","status-publish","format-standard","has-post-thumbnail","hentry","category-leste","category-gerais","tag-area-de-protecao-ambiental-fernando-de-noronha","tag-destaque","tag-estacao-ecologica-federal-de-guaraquecaba","tag-estacao-ecologica-federal-do-taim","tag-fernando-de-noronha","tag-lagoa-santa","tag-parque-estadual-do-rio-doce","tag-parque-estadual-do-rio-doce-e-reconhecido-internacionalmente-como-sitio-ramsar","tag-parque-nacional-de-anavilhanas","tag-parque-nacional-de-fernando-de-noronha","tag-parque-nacional-do-virua","tag-pedro-leopoldo","tag-peter-lund-karst","tag-regiao-carstica","tag-regiao-carstica-mineira","tag-regiao-carstica-mineira-e-reconhecida-internacionalmente","tag-regiao-carstica-mineira-e-reconhecida-internacionalmente-como-zona-umida","tag-reserva-biologica-federal-do-guapore","tag-sitio-peter-lund-karst","tag-sitios-ramsar"],"_links":{"self":[{"href":"https:\/\/aconteceunovale.com.br\/portal\/index.php?rest_route=\/wp\/v2\/posts\/116211","targetHints":{"allow":["GET"]}}],"collection":[{"href":"https:\/\/aconteceunovale.com.br\/portal\/index.php?rest_route=\/wp\/v2\/posts"}],"about":[{"href":"https:\/\/aconteceunovale.com.br\/portal\/index.php?rest_route=\/wp\/v2\/types\/post"}],"author":[{"embeddable":true,"href":"https:\/\/aconteceunovale.com.br\/portal\/index.php?rest_route=\/wp\/v2\/users\/1"}],"replies":[{"embeddable":true,"href":"https:\/\/aconteceunovale.com.br\/portal\/index.php?rest_route=%2Fwp%2Fv2%2Fcomments&post=116211"}],"version-history":[{"count":0,"href":"https:\/\/aconteceunovale.com.br\/portal\/index.php?rest_route=\/wp\/v2\/posts\/116211\/revisions"}],"wp:featuredmedia":[{"embeddable":true,"href":"https:\/\/aconteceunovale.com.br\/portal\/index.php?rest_route=\/wp\/v2\/media\/116213"}],"wp:attachment":[{"href":"https:\/\/aconteceunovale.com.br\/portal\/index.php?rest_route=%2Fwp%2Fv2%2Fmedia&parent=116211"}],"wp:term":[{"taxonomy":"category","embeddable":true,"href":"https:\/\/aconteceunovale.com.br\/portal\/index.php?rest_route=%2Fwp%2Fv2%2Fcategories&post=116211"},{"taxonomy":"post_tag","embeddable":true,"href":"https:\/\/aconteceunovale.com.br\/portal\/index.php?rest_route=%2Fwp%2Fv2%2Ftags&post=116211"}],"curies":[{"name":"wp","href":"https:\/\/api.w.org\/{rel}","templated":true}]}}